{"id":146376,"date":"2017-02-23T17:38:18","date_gmt":"2017-02-23T14:38:18","guid":{"rendered":"https:\/\/analyse.optim.biz\/?p=146376"},"modified":"2017-02-23T17:38:18","modified_gmt":"2017-02-23T14:38:18","slug":"klaus-iohannis-va-promulga-maine-legile-privind-oug-13-si-oug-14","status":"publish","type":"post","link":"https:\/\/analyse.optim.biz\/?p=146376","title":{"rendered":"Klaus Iohannis va promulga m\u00e2ine legile privind OUG 13 \u0219i OUG 14"},"content":{"rendered":"<div class=\"entry data-app-meta data-app-meta-article\" data-embed-base-url-canonical=\"https:\/\/www.digi24.ro\/embed\/stiri\/actualitate\/politica\/klaus-iohannis-va-promulga-maine-legile-privind-oug-13-si-oug-14-675634\">\n<p data-index=\"1\"><strong><span lang=\"ro-RO\">Epopeea controverstaelor ordonan\u0163e de urgen\u0163\u0103 13 \u015fi 14 se va \u00eencheia m\u00e2ine. Pre\u015fedintele Klaus Iohannis a anun\u0163at c\u0103 va semna proiectul de respingere a ordonan\u0163ei 13, dar \u015fi ordonan\u0163a 14, adic\u0103 abrogarea ordonan\u0163ei ini\u0163iale prin care Guvernul Grindeanu a \u00eencercat s\u0103 modifice Codurile penale. Declara\u0163ia a fost f\u0103cut\u0103 la Palatul Cotroceni, unde ast\u0103zi patru noi mini\u015ftri au depus jur\u0103m\u00e2ntul de \u00eenvestire.<\/span><\/strong><\/p>\n<figure class=\"article-thumb\"><img decoding=\"async\" src=\"https:\/\/analyse.optim.biz\/wp-content\/uploads\/2024\/09\/mszoyxnoptk0mwe2njvjmti3ymm5yzexmtixotzhogvjzgm1n2m0-thumb_-1.jpg\" alt=\"170207_PARLAMENT_IOHANNIS_11_INQUAM_PHOTOS_Octav_Ganea\" data-skip-htmlfix=\"1\" title=\"mszoyxnoptk0mwe2njvjmti3ymm5yzexmtixotzhogvjzgm1n2m0-thumb_-1\"><figcaption> Foto: Inquam Photos \/ Octav Ganea <\/figcaption><\/figure>\n<p data-index=\"2\">\u201e<span lang=\"ro-RO\">Am constatat acum, \u00eenainte s\u0103 ajung \u00een Sala Unirii, c\u0103 mi-au parvenit de la Parlament dou\u0103 legi: legea de respingere a OUG 13 \u015fi de aprobare a OUG 14. Voi promulga aceste legi m\u00e2ine \u015fi atunci avem \u00eentrunite toate condi\u0163iile pentru a trece, domnule prim-ministru, la normalizarea situa\u0163iei\u201d, a spus Klaus Iohannis.<\/span><\/p>\n<p data-index=\"3\"><span lang=\"ro-RO\">Camera Deputa\u021bilor a adoptat mar\u021bi cele dou\u0103 proiecte de lege \u2013 unul care respinge OUG 13 \u0219i altul care aprob\u0103 OUG 14.<\/span><\/p>\n<\/div>\n<p> Source URL: https:\/\/www.digi24.ro\/stiri\/actualitate\/politica\/klaus-iohannis-va-promulga-maine-legile-privind-oug-13-si-oug-14-675634<\/p>\n","protected":false},"excerpt":{"rendered":"<p>Epopeea controverstaelor ordonan\u0163e de urgen\u0163\u0103 13 \u015fi 14 se va \u00eencheia m\u00e2ine. Pre\u015fedintele Klaus Iohannis a anun\u0163at c\u0103 va semna proiectul de respingere a ordonan\u0163ei 13, dar \u015fi ordonan\u0163a 14, adic\u0103 abrogarea ordonan\u0163ei ini\u0163iale prin care Guvernul Grindeanu a \u00eencercat s\u0103 modifice Codurile penale. Declara\u0163ia a fost f\u0103cut\u0103 la Palatul Cotroceni, unde ast\u0103zi patru noi [&hellip;]<\/p>\n","protected":false},"author":1,"featured_media":146377,"comment_status":"open","ping_status":"","sticky":false,"template":"","format":"standard","meta":{"footnotes":""},"categories":[2],"tags":[11],"class_list":["post-146376","post","type-post","status-publish","format-standard","has-post-thumbnail","hentry","category-politics","tag-digi24"],"_links":{"self":[{"href":"https:\/\/analyse.optim.biz\/index.php?rest_route=\/wp\/v2\/posts\/146376","targetHints":{"allow":["GET"]}}],"collection":[{"href":"https:\/\/analyse.optim.biz\/index.php?rest_route=\/wp\/v2\/posts"}],"about":[{"href":"https:\/\/analyse.optim.biz\/index.php?rest_route=\/wp\/v2\/types\/post"}],"author":[{"embeddable":true,"href":"https:\/\/analyse.optim.biz\/index.php?rest_route=\/wp\/v2\/users\/1"}],"replies":[{"embeddable":true,"href":"https:\/\/analyse.optim.biz\/index.php?rest_route=%2Fwp%2Fv2%2Fcomments&post=146376"}],"version-history":[{"count":0,"href":"https:\/\/analyse.optim.biz\/index.php?rest_route=\/wp\/v2\/posts\/146376\/revisions"}],"wp:featuredmedia":[{"embeddable":true,"href":"https:\/\/analyse.optim.biz\/index.php?rest_route=\/wp\/v2\/media\/146377"}],"wp:attachment":[{"href":"https:\/\/analyse.optim.biz\/index.php?rest_route=%2Fwp%2Fv2%2Fmedia&parent=146376"}],"wp:term":[{"taxonomy":"category","embeddable":true,"href":"https:\/\/analyse.optim.biz\/index.php?rest_route=%2Fwp%2Fv2%2Fcategories&post=146376"},{"taxonomy":"post_tag","embeddable":true,"href":"https:\/\/analyse.optim.biz\/index.php?rest_route=%2Fwp%2Fv2%2Ftags&post=146376"}],"curies":[{"name":"wp","href":"https:\/\/api.w.org\/{rel}","templated":true}]}}