{"id":146325,"date":"2017-02-24T13:00:38","date_gmt":"2017-02-24T10:00:38","guid":{"rendered":"https:\/\/analyse.optim.biz\/?p=146325"},"modified":"2017-02-24T13:00:38","modified_gmt":"2017-02-24T10:00:38","slug":"proiect-udmr-obstacole-majore-in-calea-condamnarii-fugarilor","status":"publish","type":"post","link":"https:\/\/analyse.optim.biz\/?p=146325","title":{"rendered":"Proiect UDMR: obstacole majore \u00een calea condamn\u0103rii fugarilor"},"content":{"rendered":"<div class=\"entry data-app-meta data-app-meta-article\" data-embed-base-url-canonical=\"https:\/\/www.digi24.ro\/embed\/stiri\/actualitate\/politica\/proiect-udmr-fugitii-din-tara-sa-nu-poata-fi-condamnati-676093\">\n<p data-index=\"1\"><strong>Mai mul\u021bi senatori \u0219i deputa\u021bi UDMR au depus, pe 8 februarie 2017, la Senat, un nou proiect de modificare a Codului de procedur\u0103 penal\u0103. Printre modific\u0103rile propuse se num\u0103r\u0103 unele referitoare la persoanele judecate care fug din \u021bar\u0103, devenind aproape imposibil ca acestea s\u0103 fie condamnate \u00een lips\u0103.<\/strong><\/p>\n<p data-index=\"2\"><img loading=\"lazy\" decoding=\"async\" class=\"alignnone size-full wp-image-474444\" src=\"https:\/\/analyse.optim.biz\/wp-content\/uploads\/2024\/09\/agfzad1iodkwmmu3mtvlyzm3zjuxzdm5mdvky2nkndizzmi2mg-thumb_-1.jpg\" alt=\"kelemen hunor foto udmr 2\" width=\"800\" height=\"533\" data-skip-htmlfix=\"1\" title=\"agfzad1iodkwmmu3mtvlyzm3zjuxzdm5mdvky2nkndizzmi2mg-thumb_-1\"><\/p>\n<p data-index=\"3\">Propunerea legislativ\u0103 pentru modificarea \u0219i completarea Legii nr. 135\/2010 privind Codul de procedur\u0103 penal\u0103 este semnat\u0103 de <strong>24 de senatori \u0219i deputa\u021bi UDMR, inclusiv pre\u0219edintele Kelemen Hunor<\/strong>. Ini\u021biativa legislativ\u0103 a fost trimis\u0103, spre avizare, la Consiliul Legislativ \u0219i la Guvern, urm\u00e2nd s\u0103 intre \u00een dezbaterea comisiilor parlamentare.<\/p>\n<p data-index=\"4\">Dintre modific\u0103rile propuse atrag aten\u021bia \u00een special cele care vizeaz\u0103 <strong>art. 364 din Codul de procedur\u0103 penal\u0103<\/strong>.<span lang=\"ro-RO\"> UDMR ar dori ca articolul s\u0103 se completeze cu urm\u0103toarele dou\u0103 aliniate:<\/span><\/p>\n<p data-index=\"5\">\u201e<span lang=\"ro-RO\">P<\/span>ersoana poate fi condamnat\u0103 \u00een lips\u0103 <strong>numai dac\u0103 a fost citat\u0103 legal pentru fiecare faz\u0103 a judec\u0103\u0163ii sau a intrat prin alte mijloace oficiale \u00een posesia unor informa\u0163ii cu privire la locul \u015fi data procesului, a fost informat\u0103 despre posibilitatea pronun\u0163\u0103rii unei hot\u0103r\u00e2ri \u00een lips\u0103<\/strong>, precum \u015fi dac\u0103 a fost reprezentat\u0103 de un avocat ales sau desemnat din oficiu \u015fi a beneficiat de ap\u0103rare corespunz\u0103toare \u00een cadrul procesului.<\/p>\n<p data-index=\"6\"><span lang=\"ro-RO\">P<\/span>rocedura de punere \u00een executare a unei hot\u0103r\u00e2ri definitive pronun\u0163ate \u00een lipsa inculpatului poate fi declan\u015fat\u0103 <strong>numai dac\u0103 i s-a comunicat hot\u0103r\u00e2rea \u015fi numai dup\u0103 ce a fost informat \u00een mod expres cu privire la dreptul la o nou\u0103 procedur\u0103 de judecat\u0103 sau la o cale de atac<\/strong>, la care are dreptul s\u0103 se prezinte \u015fi care permite o nou\u0103 stabilire a fondului cauzei, inclusiv examinarea unor probe noi care pot conduce la schimbarea hot\u0103r\u00e2rii ini\u0163iale,<strong> respectiv dac\u0103 persoana \u00een cauz\u0103 declar\u0103 \u00een mod expres c\u0103 nu contest\u0103 decizia sau nu solicit\u0103 o nou\u0103 procedur\u0103 de judecat\u0103 ori nu introduce o cal\u0103 extraordinar\u0103 de atac \u00een termen de 30 de zile de la primirea informa\u0163iei legate de hot\u0103r\u00e2re<\/strong><span lang=\"ro-RO\">\u201d.<\/span><\/p>\n<p data-index=\"7\"><span lang=\"ro-RO\">Cu alte cuvinte, dac\u0103 o persoan\u0103 trimis\u0103 \u00een judecat\u0103 fuge din \u021bar\u0103, magistra\u021bilor le va fi aproape imposibil s\u0103 pronun\u021be o decizie de condamnare. Iar dac\u0103, \u00eentr-un caz fericit, s-ar reu\u0219i \u00eendeplinirea procedurilor de mai sus &#8211; citare \u00een fiecare faz\u0103, informare cu privire la \u201eposibilitatea pronun\u0163\u0103rii unei hot\u0103r\u00e2ri \u00een lips\u0103\u201d, etc. &#8211; punerea \u00een executare a deciziei s-ar dovedi o nou\u0103 misiune aproape imposibil\u0103.<\/span><\/p>\n<p data-index=\"8\"><span lang=\"ro-RO\">O alt\u0103 propunere de modificare din proiectul UDMR vizeaz\u0103 dreptul persoanelor acuzate de a nu coopera \u00een cadrul procedurii penale.<\/span><\/p>\n<p data-index=\"9\"><span lang=\"ro-RO\">Proiectul de modificare al UDMR este cu at\u00e2t mai interesant cu c\u00e2t exist\u0103 <strong>cazul Marko Attila<\/strong>. Fost deputat \u0219i secretar de stat, acesta a fost condamnat definitiv, pe 26 noiembrie 2014, la trei ani de \u00eenchisoare cu suspendare pentru abuz \u00een serviciu, \u00een dosarul privind restituirea unui imobil din Sf\u00e2ntul Gheorghe.<\/span><\/p>\n<p data-index=\"10\"><span lang=\"ro-RO\">La momentul condamn\u0103rii, Marko Attila era vizat de DNA \u0219i \u00een dosarul fostei \u0219efe a DIICOT Alina Bica. Cererea procurorilor de \u00eencuviin\u021bare \u0219i arestare preventiv\u0103 a deputatului UDMR, \u00een al doilea dosar, a fost aprobat\u0103 de Camera Deputa\u021bilor, dar m\u0103surile nu au putut fi dispuse pentru c\u0103 politicianul disp\u0103ruse din \u021bar\u0103. De la avocatul acestuia, Eugen Iord\u0103chescu, s-a aflat c\u0103 <strong>Marko Attila\u00a0se afl\u0103 la Budapesta \u0219i c\u0103 nu inten\u021bioneaz\u0103 s\u0103 revin\u0103 \u00een Rom\u00e2nia<\/strong>, \u201epentru c\u0103 a apreciat c\u0103 actul de justi\u021bie nu corespunde unor exigen\u021be\u201d. \u201eMarko Attila are op\u021biunea s\u0103 tr\u0103iasc\u0103 \u00een Ungaria dac\u0103 acolo \u00eei este mai bine\u201d, spunea atunci ap\u0103r\u0103torul politicianului. <\/span><\/p>\n<p data-index=\"11\"><span lang=\"ro-RO\">Ulterior, dup\u0103 trimiterea \u00een judecat\u0103 a lui Marko Attila &#8211; al\u0103turi de fostul \u0219ef ANI, Horia Georgescu, \u0219i de ex-deputatul PNL Theodor Nicolescu -, sub acuza\u021bia c\u0103 ar fi aprobat desp\u0103gubiri pentru imobile supraevaluate pe c\u00e2nd f\u0103cea parte din Comisia Central\u0103 pentru Stabilirea Desp\u0103gubirilor din cadrul Autorit\u0103\u021bii Na\u021bionale pentru Restituirea Propriet\u0103\u021bilor, instan\u021ba a emis \u0219i un mandat european de arestare pe numele fostului deputat UDMR. Marko Attila figureaz\u0103 \u0219i acum pe lista <a href=\"https:\/\/www.politiaromana.ro\/ro\/most-wanted\/marko-attila-gabor\" target=\"_blank\" data-skip-linkfix=\"1\" rel=\"noopener\">\u201eMost Wanted\u201d a Poli\u021biei Rom\u00e2ne<\/a>.<\/span><\/p>\n<p data-index=\"12\"><span lang=\"ro-RO\">Procesul \u00een care este judecat Marko Attila continu\u0103 la Curtea de Apel Bucure\u0219ti, instan\u021ba resping\u00e2nd zilele trecute <a href=\"https:\/\/www.digi24.ro\/stiri\/actualitate\/justitie\/oug-14-cerere-de-sesizare-a-ccr-respinsa-de-instanta-673371\" target=\"_blank\" data-skip-linkfix=\"1\" rel=\"noopener\">cererea lui Theodor Nicolescu de a fi sesizat\u0103 Curtea Constitu\u021bional\u0103 pe OUG 14, care a abrogat OUG 13, de modificare a Codurilor penale<\/a>.<\/span><\/p>\n<p data-index=\"13\"><span lang=\"ro-RO\">\u00centr-un <a href=\"https:\/\/www.digi24.ro\/stiri\/actualitate\/justitie\/udmr-cere-inchisoare-pentru-magistratii-care-au-gresit-669234\" target=\"_blank\" data-skip-linkfix=\"1\" rel=\"noopener\">alt proiect de modificare a Codului de procedur\u0103 penal\u0103<\/a>, <strong>parlamentarii UDMR au propus ca magistra\u021bii care gre\u0219esc s\u0103 fie sanc\u021biona\u021bi, put\u00e2ndu-se ajunge inclusiv la \u00eenchisoare<\/strong>.<\/span><\/p>\n<\/div>\n<p> Source URL: https:\/\/www.digi24.ro\/stiri\/actualitate\/politica\/proiect-udmr-fugitii-din-tara-sa-nu-poata-fi-condamnati-676093<\/p>\n","protected":false},"excerpt":{"rendered":"<p>Mai mul\u021bi senatori \u0219i deputa\u021bi UDMR au depus, pe 8 februarie 2017, la Senat, un nou proiect de modificare a Codului de procedur\u0103 penal\u0103. Printre modific\u0103rile propuse se num\u0103r\u0103 unele referitoare la persoanele judecate care fug din \u021bar\u0103, devenind aproape imposibil ca acestea s\u0103 fie condamnate \u00een lips\u0103. Propunerea legislativ\u0103 pentru modificarea \u0219i completarea Legii [&hellip;]<\/p>\n","protected":false},"author":1,"featured_media":146326,"comment_status":"open","ping_status":"","sticky":false,"template":"","format":"standard","meta":{"footnotes":""},"categories":[2],"tags":[11],"class_list":["post-146325","post","type-post","status-publish","format-standard","has-post-thumbnail","hentry","category-politics","tag-digi24"],"_links":{"self":[{"href":"https:\/\/analyse.optim.biz\/index.php?rest_route=\/wp\/v2\/posts\/146325","targetHints":{"allow":["GET"]}}],"collection":[{"href":"https:\/\/analyse.optim.biz\/index.php?rest_route=\/wp\/v2\/posts"}],"about":[{"href":"https:\/\/analyse.optim.biz\/index.php?rest_route=\/wp\/v2\/types\/post"}],"author":[{"embeddable":true,"href":"https:\/\/analyse.optim.biz\/index.php?rest_route=\/wp\/v2\/users\/1"}],"replies":[{"embeddable":true,"href":"https:\/\/analyse.optim.biz\/index.php?rest_route=%2Fwp%2Fv2%2Fcomments&post=146325"}],"version-history":[{"count":0,"href":"https:\/\/analyse.optim.biz\/index.php?rest_route=\/wp\/v2\/posts\/146325\/revisions"}],"wp:featuredmedia":[{"embeddable":true,"href":"https:\/\/analyse.optim.biz\/index.php?rest_route=\/wp\/v2\/media\/146326"}],"wp:attachment":[{"href":"https:\/\/analyse.optim.biz\/index.php?rest_route=%2Fwp%2Fv2%2Fmedia&parent=146325"}],"wp:term":[{"taxonomy":"category","embeddable":true,"href":"https:\/\/analyse.optim.biz\/index.php?rest_route=%2Fwp%2Fv2%2Fcategories&post=146325"},{"taxonomy":"post_tag","embeddable":true,"href":"https:\/\/analyse.optim.biz\/index.php?rest_route=%2Fwp%2Fv2%2Ftags&post=146325"}],"curies":[{"name":"wp","href":"https:\/\/api.w.org\/{rel}","templated":true}]}}