{"id":146322,"date":"2017-02-24T14:04:36","date_gmt":"2017-02-24T11:04:36","guid":{"rendered":"https:\/\/analyse.optim.biz\/?p=146322"},"modified":"2017-02-24T14:04:36","modified_gmt":"2017-02-24T11:04:36","slug":"tariceanu-institutiile-de-forta-vor-ancheta-in-curand-cresterea-salariului-minim","status":"publish","type":"post","link":"https:\/\/analyse.optim.biz\/?p=146322","title":{"rendered":"T\u0103riceanu: \u201eInstitu\u0163iile de for\u0163\u0103\u201d vor ancheta \u00een cur\u00e2nd cre\u015fterea salariului minim"},"content":{"rendered":"<div class=\"entry data-app-meta data-app-meta-article\" data-embed-base-url-canonical=\"https:\/\/www.digi24.ro\/embed\/stiri\/actualitate\/politica\/tariceanu-institutiile-de-forta-nedemocratice-vor-ancheta-in-curand-cresterea-salariului-minim-676137\">\n<p data-index=\"1\"><strong>Pre\u015fedintele Senatului, C\u0103lin Popescu T\u0103riceanu, a lansat un nou atac la adresa \u201einstitu\u0163iilor de for\u0163\u0103 &#8211; nedemocratice\u201d, despre care spune c\u0103 \u00eencearc\u0103 s\u0103 devin\u0103 stat \u00een stat \u015fi pretinde c\u0103, sub \u201eobl\u0103duirea\u201d pre\u015fedintelui Iohannis, DNA va ajunge s\u0103 ancheteze cre\u015fterea salariului minim sau \u00een\u0103sprirea politicii fiscale fa\u0163\u0103 de multina\u0163ionale.<\/strong><\/p>\n<figure class=\"article-thumb\"><img decoding=\"async\" src=\"https:\/\/analyse.optim.biz\/wp-content\/uploads\/2024\/09\/jmhhc2g9ytu0m2vlmzfhy2uxmwq4mtqwmjyxzda1othizwmwmmi-thumb_.jpg\" alt=\"Tariceanu_Dosar_021017_Agerpres\" data-skip-htmlfix=\"1\" title=\"jmhhc2g9ytu0m2vlmzfhy2uxmwq4mtqwmjyxzda1othizwmwmmi-thumb_\"><figcaption> Foto: Agerpres <\/figcaption><\/figure>\n<p data-index=\"2\"><span lang=\"ro-RO\">\u201eNe afl\u0103m \u00eentr-un moment de cotitur\u0103 pentru Rom\u00e2nia, \u00een care institu\u0163iile de for\u0163\u0103 &#8211; nedemocratice &#8211; \u00eencearc\u0103 s\u0103 devin\u0103 stat \u00een stat \u015fi s\u0103 decid\u0103 politica economic\u0103, social\u0103, politica de investi\u0163ii \u015fi chiar cea extern\u0103. Spre asta ne \u00eendrept\u0103m. \u00cen cur\u00e2nd, vom vedea DNA anchet\u00e2nd parlamentari \u015fi mini\u015ftri pentru c\u0103 au decis s\u0103 creasc\u0103 salariul minim sau pentru c\u0103 au decis s\u0103 \u00een\u0103spreasc\u0103 politica fiscal\u0103 fa\u0163\u0103 de multina\u0163ionalele care \u00ee\u015fi export\u0103 profitul. Deja se fac pa\u015fi \u00een acest sens, sub obl\u0103duirea pre\u015fedintelui Iohannis\u201d, sus\u0163ine T\u0103riceanu pe pagina personal\u0103 de Facebook, potrivit News.ro.<\/span><\/p>\n<p data-index=\"3\">Pre\u015fedintele Senatului a f\u0103cut aceste afirma\u0163ii cu prilejul public\u0103rii de c\u0103tre Curtea Consrtitu\u0163ional\u0103 (CCR) a motiv\u0103rii deciziei prin care a decis c\u0103 nu a existat conflict juridic \u00eentre puterea executiv\u0103 \u015fi cea judec\u0103toreasc\u0103 \u00een ceea ce prive\u015fte adoptarea OUG 13.<\/p>\n<p data-index=\"4\">\u201eMotivarea Cur\u0163ii Constitu\u0163ionale \u00een ceea ce prive\u015fte sesizarea f\u0103cut\u0103 de CSM referitoare la ordonan\u0163a adoptat\u0103 de Guvern reprezint\u0103 nu doar o lovitur\u0103 pentru conducerea CSM, dar \u015fi o readucere aminte a menirii acestui for.\u00a0CCR transmite CSM un mesaj clar: respecta\u0163i separa\u0163ia puterilor \u00een stat. Este un mesaj pe care l-am dat \u015fi eu, \u00een nenum\u0103rate r\u00e2nduri, ca pre\u015fedinte al Senatului, c\u00e2nd CSM a intervenit brutal \u00een activitatea Parlamentului\u201d, a mai scris el.<\/p>\n<p data-index=\"5\">T\u0103riceanu a \u0163inut s\u0103 precizeze c\u0103 sper\u0103 ca noii membri ai CSM \u201es\u0103 atrag\u0103 aten\u0163ia asupra exceselor institu\u0163iei, mai ales acum, c\u00e2nd au de partea lor aceast\u0103 motivare a CCR\u201d.<\/p>\n<p data-index=\"6\"><strong>T\u0103riceanu, cercetat de DNA, un critic permanent al institu\u021biei<\/strong><\/p>\n<p data-index=\"7\">C\u0103lin Popescu T\u0103riceanu a fost trimis \u00een judecat\u0103, \u00een vara lui 2016, de procurorii DNA pentru infrac\u0163iunile de m\u0103rturie mincinoas\u0103 \u015fi favorizarea f\u0103ptuitorului, \u00een leg\u0103tur\u0103 cu declara\u0163iile date ca martor \u00een dosarul retroced\u0103rii unei suprafe\u0163e din P\u0103durea Snagov \u015fi a fermei B\u0103neasa, \u00een care sunt trimi\u015fi \u00een judecat\u0103 Prin\u0163ul Paul, Remus Truic\u0103, Tal Silberstein \u015fi Dan Andronic.<\/p>\n<p data-index=\"8\">El s-a remarcat \u00een ultimii ani prin atacuri constante la adresa Justi\u0163iei, \u00een special a DNA. Ultima ie\u015fire de acest fel a avut-o la \u00eenceputul s\u0103pt\u0103m\u00e2nii, c\u00e2nd\u00a0le-a spus primarilor de comune reuni\u0163i la Bucure\u015fti, c\u0103 toat\u0103 lumea \u00een Rom\u00e2nia face \u201egargar\u0103 cu corup\u0163ia\u201d, se face \u201eo v\u00e2n\u0103toare de vr\u0103jitoare\u201d, dar nimeni nu vorbe\u015fte despre cauzele acestui fenomen, foarte mul\u0163i primari fiind nevoi\u0163i s\u0103 treac\u0103 prin anchete \u201eextrem de nepl\u0103cute pentru ei\u201d, iar \u00een final s-a dovedit c\u0103 sunt nevinova\u0163i.<\/p>\n<p data-index=\"9\">\u201eToat\u0103 lumea \u00een Rom\u00e2nia face gargar\u0103 cu corup\u0163ia. De diminea\u0163\u0103 p\u00e2n\u0103 seara numai cu corup\u0163ia \u00een gur\u0103 stau. Toat\u0103 lumea se preocup\u0103 de efectele corup\u0163iei, nimeni nu vorbe\u015fte despre cauzele corup\u0163iei din Rom\u00e2nia. Eu cred c\u0103, dac\u0103 vrem s\u0103 avem o administra\u0163ie care s\u0103 fie de calitate, cu oameni bine preg\u0103ti\u0163i, nu putem s\u0103 ne imagin\u0103m c\u0103 \u00eei pl\u0103tim prost \u015fi s\u0103 avem \u015fi performan\u0163\u0103. Nici \u00een comunism nu func\u0163iona ideea asta. Deci, trebuie s\u0103 existe o leg\u0103tur\u0103 direct\u0103 \u00eentre salarizare \u015fi calitatea administra\u0163iei\u201d, a afirmat C\u0103lin Popescu T\u0103riceanu la Adunarea Comunelor din Rom\u00e2nia.<\/p>\n<p data-index=\"10\">Pre\u015fedintele Senatului a mai spus c\u0103 \u00een Rom\u00e2nia exist\u0103 \u201eo v\u00e2n\u0103toare de\u00a0 vr\u0103jitoare\u201d, \u00een condi\u0163iile \u00een care foarte mul\u0163i primari au fost nevoi\u0163i s\u0103 treac\u0103 prin anchete \u201eextrem de nepl\u0103cute pentru ei\u201d.<\/p>\n<p data-index=\"11\">\u201e\u00cen Rom\u00e2nia de c\u00e2\u0163iva ani buni este o v\u00e2n\u0103toare de vr\u0103jitoare. Foarte mul\u0163i primari au trebuit s\u0103 treac\u0103 prin anchete extrem de nepl\u0103cute pentru ei, pentru c\u0103 le-a afectat imaginea public\u0103. Foarte mul\u0163i, \u00een final, s-a dovedit c\u0103 sunt nevinova\u0163i. Dar au f\u0103cut acest periplu prin fa\u0163a televizoarelor pe care \u00eel vedem de c\u00e2\u0163iva ani de zile \u015fi care are parc\u0103 drept scop umilirea unor oameni \u015fi distrugerea elitelor rom\u00e2ne\u015fti\u201d, a completat C\u0103lin Popescu T\u0103riceanu.<\/p>\n<\/div>\n<p> Source URL: https:\/\/www.digi24.ro\/stiri\/actualitate\/politica\/tariceanu-institutiile-de-forta-nedemocratice-vor-ancheta-in-curand-cresterea-salariului-minim-676137<\/p>\n","protected":false},"excerpt":{"rendered":"<p>Pre\u015fedintele Senatului, C\u0103lin Popescu T\u0103riceanu, a lansat un nou atac la adresa \u201einstitu\u0163iilor de for\u0163\u0103 &#8211; nedemocratice\u201d, despre care spune c\u0103 \u00eencearc\u0103 s\u0103 devin\u0103 stat \u00een stat \u015fi pretinde c\u0103, sub \u201eobl\u0103duirea\u201d pre\u015fedintelui Iohannis, DNA va ajunge s\u0103 ancheteze cre\u015fterea salariului minim sau \u00een\u0103sprirea politicii fiscale fa\u0163\u0103 de multina\u0163ionale. Foto: Agerpres \u201eNe afl\u0103m \u00eentr-un moment [&hellip;]<\/p>\n","protected":false},"author":1,"featured_media":146323,"comment_status":"open","ping_status":"","sticky":false,"template":"","format":"standard","meta":{"footnotes":""},"categories":[2],"tags":[11],"class_list":["post-146322","post","type-post","status-publish","format-standard","has-post-thumbnail","hentry","category-politics","tag-digi24"],"_links":{"self":[{"href":"https:\/\/analyse.optim.biz\/index.php?rest_route=\/wp\/v2\/posts\/146322","targetHints":{"allow":["GET"]}}],"collection":[{"href":"https:\/\/analyse.optim.biz\/index.php?rest_route=\/wp\/v2\/posts"}],"about":[{"href":"https:\/\/analyse.optim.biz\/index.php?rest_route=\/wp\/v2\/types\/post"}],"author":[{"embeddable":true,"href":"https:\/\/analyse.optim.biz\/index.php?rest_route=\/wp\/v2\/users\/1"}],"replies":[{"embeddable":true,"href":"https:\/\/analyse.optim.biz\/index.php?rest_route=%2Fwp%2Fv2%2Fcomments&post=146322"}],"version-history":[{"count":0,"href":"https:\/\/analyse.optim.biz\/index.php?rest_route=\/wp\/v2\/posts\/146322\/revisions"}],"wp:featuredmedia":[{"embeddable":true,"href":"https:\/\/analyse.optim.biz\/index.php?rest_route=\/wp\/v2\/media\/146323"}],"wp:attachment":[{"href":"https:\/\/analyse.optim.biz\/index.php?rest_route=%2Fwp%2Fv2%2Fmedia&parent=146322"}],"wp:term":[{"taxonomy":"category","embeddable":true,"href":"https:\/\/analyse.optim.biz\/index.php?rest_route=%2Fwp%2Fv2%2Fcategories&post=146322"},{"taxonomy":"post_tag","embeddable":true,"href":"https:\/\/analyse.optim.biz\/index.php?rest_route=%2Fwp%2Fv2%2Ftags&post=146322"}],"curies":[{"name":"wp","href":"https:\/\/api.w.org\/{rel}","templated":true}]}}