{"id":146319,"date":"2017-02-24T15:04:30","date_gmt":"2017-02-24T12:04:30","guid":{"rendered":"https:\/\/analyse.optim.biz\/?p=146319"},"modified":"2017-02-24T15:04:30","modified_gmt":"2017-02-24T12:04:30","slug":"chirica-din-nou-critic-cu-dragnea-nu-am-stiut-ca-trebuie-sa-stai-ghemotoc-in-fata-unuia-care-se-contrazice","status":"publish","type":"post","link":"https:\/\/analyse.optim.biz\/?p=146319","title":{"rendered":"Chirica, din nou critic cu Dragnea: Nu am \u015ftiut c\u0103 trebuie s\u0103 stai ghemotoc \u00een fa\u0163a unuia care se contrazice"},"content":{"rendered":"<div class=\"entry data-app-meta data-app-meta-article\" data-embed-base-url-canonical=\"https:\/\/www.digi24.ro\/embed\/stiri\/actualitate\/politica\/chirica-din-niu-critic-cu-dragnea-nu-am-stiut-ca-trebuie-sa-stai-ghemotoc-in-fata-unuia-care-se-contrazice-676209\">\n<p data-index=\"1\"><strong>Primarul municipiului Ia\u015fi, Mihai Chirica, a declarat, vineri, \u00eentr-o conferin\u0163\u0103 de pres\u0103, c\u0103 nu a \u015ftiut c\u0103 \u00eentr-un partid trebuie \u201ds\u0103 stai ghemotoc, cu capul \u00een jos\u201d \u015fi s\u0103 accep\u0163i doar cuv\u00e2ntul \u201dunuia care p\u00e2n\u0103 la urm\u0103 se contrazice&#8221;, el spun\u00e2nd c\u0103 a plecat din \u015fedin\u0163a Comitetului Executiv al PSD \u201emai \u00eent\u0103rit, un pic mai scor\u0163os \u015fi cu pielea mai o\u0163elit\u0103\u201d.<\/strong><\/p>\n<div class=\"mceTemp\">\n<p data-index=\"2\"><img loading=\"lazy\" decoding=\"async\" class=\"size-full wp-image-668515\" src=\"https:\/\/analyse.optim.biz\/wp-content\/uploads\/2024\/09\/yxnopty3ngnhotq4y2ywmtnkmza0nwezntqyzwuyytewmmu5-thumb_.jpg\" alt=\"Foto: Agerpres\" width=\"2584\" height=\"1704\" data-skip-htmlfix=\"1\" title=\"yxnopty3ngnhotq4y2ywmtnkmza0nwezntqyzwuyytewmmu5-thumb_\"><\/p>\n<p data-index=\"3\">Foto: Agerpres<\/p>\n<div class=\"article-share\">\n<p data-index=\"4\">\u201eEu nu am \u015ftiut c\u0103 \u00eentr-un partid trebuie s\u0103 stai ghemotoc, cu capul \u00een jos \u015fi s\u0103 accep\u0163i doar cuv\u00e2ntul unuia care p\u00e2n\u0103 la urm\u0103 se contrazice \u015fi consider\u0103 c\u0103 cei care au spus adev\u0103rul sunt eretici. Nu sunt eretic \u00een partid, nu doresc s\u0103 promovez altceva dec\u00e2t ceea ce trebuie s\u0103\u00a0 promoveze PSD ast\u0103zi\u201d, a afirmat Chirica \u00eentr-o conferin\u0163\u0103 de pres\u0103 la Ia\u015fi, potrivit <a href=\"http:\/\/www.news.ro\/\" target=\"_blank\" data-skip-linkfix=\"1\" rel=\"noopener\">News.ro<\/a>.<\/p>\n<p data-index=\"5\">El a sus\u0163inut c\u0103 PSD trebuie s\u0103 demonstreze c\u0103 nu mai are nicio leg\u0103tur\u0103 cu Partidul Comunist Rom\u00e2n.<\/p>\n<p data-index=\"6\">\u201eAm b\u0103tut cu pumnul \u00een mas\u0103 din &#8217;89 \u015fi p\u00e2n\u0103 \u00een prezent c\u0103 nu avem nicio leg\u0103tur\u0103 cu Partidul Comunist Rom\u00e2n. Trebuie s\u0103 \u015fi demonstr\u0103m lucrul \u0103sta \u015fi asta se \u015fi face prin a te deta\u015fa, desp\u0103r\u0163i definitiv de orice practic\u0103 care aminte\u015fte de acele supliciuri pe care le f\u0103cea PCR c\u00e2nd trebuia s\u0103 decapiteze un tovar\u0103\u015f. Cine mai crede c\u0103 poate r\u0103m\u00e2ne acolo nu este aici, este \u00een alt\u0103 parte, este \u00eentr-un trecut care nu mai are nimic de-a face cu Rom\u00e2nia de ast\u0103zi\u201d, a completat edilul.<\/p>\n<p data-index=\"7\">Mihai Chirica a mai spus c\u0103 deciziile care s-au luat \u00een cadrul Comitetului Executiv erau publice cu o or\u0103 jum\u0103tate \u00eenainte de finalul \u015fedin\u0163ei.<\/p>\n<p data-index=\"8\">\u201e\u00cei mul\u0163umesc foarte mult \u015fi domnului pre\u015fedinte Dragnea, inclusiv domnului Neac\u015fu, pentru aten\u0163ia pe care a acordat-o, este extraordinar s\u0103 v\u0103d acest lucru. Le mul\u0163umesc \u015fi celorlal\u0163i colegi care \u00eemi ar\u0103tau cum pe un flux de \u015ftiri rezultatul dezbaterii din Comitetul Executiv era deja publicat cu o or\u0103 jumate \u00eenainte de a se termina \u015fedin\u0163a. Am spus, \u00eentr-adev\u0103r, asist\u0103m la o democra\u0163ie perfect\u0103. A venit iar Putin, diferen\u0163a de fus orar se pare c\u0103 func\u0163ioneaz\u0103, este l\u00e2ng\u0103 noi Mafalda, rezultatul acestei \u00eent\u00e2lniri se cunoa\u015fte chiar dac\u0103 omul nu a fost ucis, dar a fost declarat mort cu o or\u0103 jumate \u00eenainte\u201d, a subliniat primarul din Ia\u015fi.<\/p>\n<p data-index=\"9\">El a precizat c\u0103, \u00een urma \u015fedin\u0163ei CExN, a ie\u015fit \u201e\u00eent\u0103rit, un pic mai scor\u0163os \u015fi cu pielea mai o\u0163elit\u0103\u201d.<\/p>\n<p data-index=\"10\">\u201eAm ie\u015fit \u00eent\u0103rit, sunt un pic mai scor\u0163os, am pielea un pic mai o\u0163elit\u0103, mai dur\u0103, dar nu mai \u00eengro\u015fat\u0103, \u015fi mai decis s\u0103 slujesc social-democra\u0163ia \u00eentr-o manier\u0103 care este c\u00e2t se poate de conform\u0103 cu ceea ce ne prezint\u0103 \u015fcoala social-democrat\u0103 din Germania, Suedia, Elve\u0163ia \u015fi din alte state europene. Le mul\u0163umesc colegilor mei care m-au ridicat \u00een sl\u0103vi, m-am sim\u0163it exact ca \u00een arenele romane. Le mulumesc \u015fi celorlal\u0163i colegi care \u015fi-au p\u0103strat cump\u0103tul \u015fi care au discutat despre normalitatea zilelor de ast\u0103zi, \u00abdomnul Chirica o fi gre\u015fit, dar poate nu a\u015fa de mult, o fi vorbit, dar poate nu at\u00e2t de r\u0103u, o fi spus, dar poate nu a vrut s\u0103 loveasc\u0103 pe nimeni\u00bb\u201d, a declarat primarul.<\/p>\n<p data-index=\"11\">Chestionat pe cine ar vota la \u015fefia PSD, el a spus c\u0103 este \u201eprematur\u201d s\u0103 se discute despre un nou lider al social-democra\u0163ilor.<\/p>\n<p data-index=\"12\">\u201eE prematur s\u0103 discut\u0103m despre \u015fefia PSD. PSD are pre\u015fedinte, pre\u015fedinte care nu a fost adus \u00een situa\u0163ia schimb\u0103rii prin vreo declara\u0163ie a mea. Am avut o singur\u0103 propunere pre\u015fedintelui PSD, Liviu Dragnea, o propunere pe care o fac de fiecare dat\u0103: un pre\u015fedinte puternic se \u00eenconjoar\u0103 de oameni care pot s\u0103 \u00eei transmit\u0103 adev\u0103rul ca acel pre\u015fedinte puternic s\u0103 poat\u0103 lua decizia corect\u0103 \u015fi care s\u0103 \u00eel fac\u0103 \u015fi mai puternic\u201d, a conchis Mihai Chirica.\u00a0<\/p>\n<p data-index=\"13\">Mihai Chirica a anun\u0163at, miercuri, dup\u0103 \u015fedin\u0163a CExN al PSD, c\u0103 r\u0103m\u00e2ne membru al partidului, dar nu va mai avea func\u0163ii politice, urmare a unui vot dat de Comitetul Executiv \u00een acest sens. Chirica era vicepre\u015fedinte la nivel na\u0163ional al PSD \u015fi pre\u015fedintele Organiza\u0163iei jude\u0163ene Ia\u015fi.<\/p>\n<p data-index=\"14\">Pre\u015fedintele PSD, Liviu Dragnea, a declarat c\u0103 a refuzat s\u0103 supun\u0103 la vot, \u00een \u015fedin\u0163a Comitetului Executiv Na\u0163ional, excluderea din partid a lui Mihai Chirica deoarece propunerea ar fi fost adoptat\u0103 \u201e\u00eentr-o majoritate zdrobitoare\u201d. Liderul social-democra\u0163ilor a mai spus c\u0103 se a\u015fteapt\u0103 ca primarul din Ia\u015fi s\u0103 \u00een\u0163eleag\u0103 de ce PSD a fost \u201eat\u00e2t de nervos\u201d \u00een urma criticilor pe care le-a adus partidului.<\/p>\n<\/div>\n<\/div>\n<\/div>\n<p> Source URL: https:\/\/www.digi24.ro\/stiri\/actualitate\/politica\/chirica-din-niu-critic-cu-dragnea-nu-am-stiut-ca-trebuie-sa-stai-ghemotoc-in-fata-unuia-care-se-contrazice-676209<\/p>\n","protected":false},"excerpt":{"rendered":"<p>Primarul municipiului Ia\u015fi, Mihai Chirica, a declarat, vineri, \u00eentr-o conferin\u0163\u0103 de pres\u0103, c\u0103 nu a \u015ftiut c\u0103 \u00eentr-un partid trebuie \u201ds\u0103 stai ghemotoc, cu capul \u00een jos\u201d \u015fi s\u0103 accep\u0163i doar cuv\u00e2ntul \u201dunuia care p\u00e2n\u0103 la urm\u0103 se contrazice&#8221;, el spun\u00e2nd c\u0103 a plecat din \u015fedin\u0163a Comitetului Executiv al PSD \u201emai \u00eent\u0103rit, un pic mai [&hellip;]<\/p>\n","protected":false},"author":1,"featured_media":146320,"comment_status":"open","ping_status":"","sticky":false,"template":"","format":"standard","meta":{"footnotes":""},"categories":[2],"tags":[11],"class_list":["post-146319","post","type-post","status-publish","format-standard","has-post-thumbnail","hentry","category-politics","tag-digi24"],"_links":{"self":[{"href":"https:\/\/analyse.optim.biz\/index.php?rest_route=\/wp\/v2\/posts\/146319","targetHints":{"allow":["GET"]}}],"collection":[{"href":"https:\/\/analyse.optim.biz\/index.php?rest_route=\/wp\/v2\/posts"}],"about":[{"href":"https:\/\/analyse.optim.biz\/index.php?rest_route=\/wp\/v2\/types\/post"}],"author":[{"embeddable":true,"href":"https:\/\/analyse.optim.biz\/index.php?rest_route=\/wp\/v2\/users\/1"}],"replies":[{"embeddable":true,"href":"https:\/\/analyse.optim.biz\/index.php?rest_route=%2Fwp%2Fv2%2Fcomments&post=146319"}],"version-history":[{"count":0,"href":"https:\/\/analyse.optim.biz\/index.php?rest_route=\/wp\/v2\/posts\/146319\/revisions"}],"wp:featuredmedia":[{"embeddable":true,"href":"https:\/\/analyse.optim.biz\/index.php?rest_route=\/wp\/v2\/media\/146320"}],"wp:attachment":[{"href":"https:\/\/analyse.optim.biz\/index.php?rest_route=%2Fwp%2Fv2%2Fmedia&parent=146319"}],"wp:term":[{"taxonomy":"category","embeddable":true,"href":"https:\/\/analyse.optim.biz\/index.php?rest_route=%2Fwp%2Fv2%2Fcategories&post=146319"},{"taxonomy":"post_tag","embeddable":true,"href":"https:\/\/analyse.optim.biz\/index.php?rest_route=%2Fwp%2Fv2%2Ftags&post=146319"}],"curies":[{"name":"wp","href":"https:\/\/api.w.org\/{rel}","templated":true}]}}