{"id":146316,"date":"2017-02-24T16:22:03","date_gmt":"2017-02-24T13:22:03","guid":{"rendered":"https:\/\/analyse.optim.biz\/?p=146316"},"modified":"2017-02-24T16:22:03","modified_gmt":"2017-02-24T13:22:03","slug":"intalnire-intre-ministrul-de-interne-si-ambasadorul-sua","status":"publish","type":"post","link":"https:\/\/analyse.optim.biz\/?p=146316","title":{"rendered":"\u00cent\u00e2lnire \u00eentre ministrul de Interne \u015fi ambasadorul SUA"},"content":{"rendered":"<div class=\"entry data-app-meta data-app-meta-article\" data-embed-base-url-canonical=\"https:\/\/www.digi24.ro\/embed\/stiri\/actualitate\/politica\/intalnire-intre-ministrul-de-interne-si-ambasadorul-sua-676269\">\n<p data-index=\"1\"><strong>Ministrul de Interne, Carmen Dan, s-a \u00eent\u00e2lnit, vineri, cu ambasadorul SUA \u00een Rom\u00e2nia, Hans Klemm, cei doi oficiali subliniind necesitatea intensific\u0103rii cooper\u0103rii dintre \u0163ara noastr\u0103 \u015fi Statele Unite, \u00een acord cu parteneriatul strategic \u00eencheiat de cele dou\u0103 state, anun\u0163\u0103 Ministerul Afacerilor Interne (MAI).<\/strong><\/p>\n<div class=\"article-share\">\n<p data-index=\"2\"><img loading=\"lazy\" decoding=\"async\" class=\"alignnone size-full wp-image-670747\" src=\"https:\/\/analyse.optim.biz\/wp-content\/uploads\/2024\/09\/mtawnwrlzgywowywnwzjyzblzwzjztcxn2jlmwu-thumb_.jpg\" alt=\"carmen dan_gov\" width=\"1600\" height=\"1065\" data-skip-htmlfix=\"1\" title=\"mtawnwrlzgywowywnwzjyzblzwzjztcxn2jlmwu-thumb_\"><\/p>\n<p data-index=\"3\">&#8220;Discu\u0163iile au eviden\u0163iat\u00a0 cooperarea foarte bun\u0103 existent\u0103 la nivelul autorit\u0103\u0163ilor rom\u00e2ne \u015fi americane \u00een domeniul securit\u0103\u0163ii, cu accent pe prevenirea \u015fi combaterea criminalit\u0103\u0163ii, \u00een special a criminalit\u0103\u0163ii informatice\u201d, precizeaz\u0103 reprezentan\u0163ii MAI, cita\u0163i de <a href=\"http:\/\/www.news.ro\/\" target=\"_blank\" data-skip-linkfix=\"1\" rel=\"noopener\">News.ro<\/a>.<\/p>\n<p data-index=\"4\">Totodat\u0103, ministrul de Interne, Carmen Dan, \u015fi ambasadorul american \u00een Rom\u00e2nia, Hans Klemm au subliniat beneficiile proiectelor derulate \u00een parteneriat cu institu\u0163ii \u015fi agen\u0163ii de aplicare a legii din SUA \u00een domeniul preg\u0103tirii profesionale a poli\u0163i\u015ftilor rom\u00e2ni pe linie operativ\u0103, mai arat\u0103 MAI.<\/p>\n<\/div>\n<\/div>\n<p> Source URL: https:\/\/www.digi24.ro\/stiri\/actualitate\/politica\/intalnire-intre-ministrul-de-interne-si-ambasadorul-sua-676269<\/p>\n","protected":false},"excerpt":{"rendered":"<p>Ministrul de Interne, Carmen Dan, s-a \u00eent\u00e2lnit, vineri, cu ambasadorul SUA \u00een Rom\u00e2nia, Hans Klemm, cei doi oficiali subliniind necesitatea intensific\u0103rii cooper\u0103rii dintre \u0163ara noastr\u0103 \u015fi Statele Unite, \u00een acord cu parteneriatul strategic \u00eencheiat de cele dou\u0103 state, anun\u0163\u0103 Ministerul Afacerilor Interne (MAI). &#8220;Discu\u0163iile au eviden\u0163iat\u00a0 cooperarea foarte bun\u0103 existent\u0103 la nivelul autorit\u0103\u0163ilor rom\u00e2ne \u015fi [&hellip;]<\/p>\n","protected":false},"author":1,"featured_media":146317,"comment_status":"open","ping_status":"","sticky":false,"template":"","format":"standard","meta":{"footnotes":""},"categories":[2],"tags":[11],"class_list":["post-146316","post","type-post","status-publish","format-standard","has-post-thumbnail","hentry","category-politics","tag-digi24"],"_links":{"self":[{"href":"https:\/\/analyse.optim.biz\/index.php?rest_route=\/wp\/v2\/posts\/146316","targetHints":{"allow":["GET"]}}],"collection":[{"href":"https:\/\/analyse.optim.biz\/index.php?rest_route=\/wp\/v2\/posts"}],"about":[{"href":"https:\/\/analyse.optim.biz\/index.php?rest_route=\/wp\/v2\/types\/post"}],"author":[{"embeddable":true,"href":"https:\/\/analyse.optim.biz\/index.php?rest_route=\/wp\/v2\/users\/1"}],"replies":[{"embeddable":true,"href":"https:\/\/analyse.optim.biz\/index.php?rest_route=%2Fwp%2Fv2%2Fcomments&post=146316"}],"version-history":[{"count":0,"href":"https:\/\/analyse.optim.biz\/index.php?rest_route=\/wp\/v2\/posts\/146316\/revisions"}],"wp:featuredmedia":[{"embeddable":true,"href":"https:\/\/analyse.optim.biz\/index.php?rest_route=\/wp\/v2\/media\/146317"}],"wp:attachment":[{"href":"https:\/\/analyse.optim.biz\/index.php?rest_route=%2Fwp%2Fv2%2Fmedia&parent=146316"}],"wp:term":[{"taxonomy":"category","embeddable":true,"href":"https:\/\/analyse.optim.biz\/index.php?rest_route=%2Fwp%2Fv2%2Fcategories&post=146316"},{"taxonomy":"post_tag","embeddable":true,"href":"https:\/\/analyse.optim.biz\/index.php?rest_route=%2Fwp%2Fv2%2Ftags&post=146316"}],"curies":[{"name":"wp","href":"https:\/\/api.w.org\/{rel}","templated":true}]}}