{"id":146313,"date":"2017-02-24T16:39:22","date_gmt":"2017-02-24T13:39:22","guid":{"rendered":"https:\/\/analyse.optim.biz\/?p=146313"},"modified":"2017-02-24T16:39:22","modified_gmt":"2017-02-24T13:39:22","slug":"tensiuni-in-alde-congresul-si-numirile-in-guvern-doar-doua-motive","status":"publish","type":"post","link":"https:\/\/analyse.optim.biz\/?p=146313","title":{"rendered":"Tensiuni \u00een ALDE. Congresul \u0219i numirile \u00een Guvern, doar dou\u0103 motive"},"content":{"rendered":"<div class=\"entry data-app-meta data-app-meta-article\" data-embed-base-url-canonical=\"https:\/\/www.digi24.ro\/embed\/stiri\/actualitate\/politica\/tensiuni-in-alde-congresul-si-numirile-in-guvern-doar-doua-motive-676280\">\n<p data-index=\"1\"><strong><span lang=\"ro-RO\">Au intrat \u00een Parlament \u0219i au ajuns la guvernare, au vicepremier \u0219i conduc patru ministere. Ceea ce nu \u00eenseamn\u0103 c\u0103 democrat-liberalii sunt lini\u0219ti\u021bi. Ba din contr\u0103. Tensiunile \u00een partid sunt tot mai mari. Unii vor congres c\u00e2t mai repede, al\u021bii vor mai t\u00e2rziu, pentru a avea timp s\u0103 negocieze \u0219i s\u0103-\u0219i consolideze pozi\u021bia. Dar, \u00eenainte de toate, sunt tot mai mul\u021bi nemul\u021bumi\u021bi de modul \u00een care au fost f\u0103cute numirile \u00een Guvernul Grindeanu, at\u00e2t \u00een primul e\u0219alon, c\u00e2t \u0219i \u00een al doilea.<\/span><\/strong><\/p>\n<p data-index=\"2\"><img loading=\"lazy\" decoding=\"async\" class=\"alignnone size-full wp-image-406370\" src=\"https:\/\/analyse.optim.biz\/wp-content\/uploads\/2024\/09\/agfzad02zjjizwvjmgixnzdjzmvlzmjhzjk2odmwyjayytm4mq-thumb_.jpg\" alt=\"alde\" width=\"800\" height=\"527\" data-skip-htmlfix=\"1\" title=\"agfzad02zjjizwvjmgixnzdjzmvlzmjhzjk2odmwyjayytm4mq-thumb_\"><\/p>\n<p data-index=\"3\"><span lang=\"ro-RO\">Filiala <strong>ALDE Suceava<\/strong> a votat, \u00een urm\u0103 cu c\u00e2teva zile, propunerea de organizare, \u00een termen de 30 de zile, a unui congres extraordinar al partidului. \u201e<em>Sunt convins c\u0103 acest congres va regla mult \u00een bine mecanismele de conducere, organizare \u015fi func\u0163ionare de la toate nivelurile partidului<\/em>\u201d, explica, dup\u0103 vot, pre\u0219edintele ALDE Suceava, deputatul \u0218tefan Alexandru B\u0103i\u0219anu.<\/span><\/p>\n<p data-index=\"4\"><span lang=\"ro-RO\">La scurt timp, o alt\u0103 filial\u0103, <strong>ALDE Gorj<\/strong>, a votat convocarea unui congres extraordinar, \u00een vederea aprob\u0103rii\u00a0unui nou statut \u0219i a alegerii unui pre\u0219edinte unic.<\/span><\/p>\n<p data-index=\"5\"><span lang=\"ro-RO\">Este de a\u0219teptat ca, \u00een perioada urm\u0103toare, s\u0103 se \u00eenmul\u021beasc\u0103 cererile din teritoriu pe tema congresului extraordinar, \u00een condi\u021bile \u00een care C\u0103lin Popescu T\u0103riceanu \u0219i-ar dori s\u0103 fie confirmat c\u00e2t mai cur\u00e2nd \u00een func\u021bia de pre\u0219edinte unic al ALDE.<\/span><\/p>\n<p data-index=\"6\"><span lang=\"ro-RO\">De partea cealalt\u0103, a fo\u0219tilor conservatori, s-ar dori o temperare, \u00een ideea ca alegerile s\u0103 se fac\u0103 de jos \u00een sus, din teritoriu spre centru. Acest lucru a reie\u0219it \u0219i din declara\u021biile de miercuri ale co-pre\u0219edintelui ALDE Daniel Constantin. \u201e<em>Acum, \u00een func\u0163ie de contextul politic, \u00een func\u0163ie de ceea ce vor considera \u015fi colegii din \u0163ar\u0103, \u00een func\u0163ie de prevederile statutare care spun c\u0103 trebuie s\u0103 c\u0103dem de acord asupra acestui moment, vom anun\u0163a cu siguran\u0163\u0103<\/em>\u201d, spunea Constantin.<\/span><\/p>\n<p data-index=\"7\"><span lang=\"ro-RO\">La \u00eentrebarea dac\u0103 ia \u00een calcul s\u0103 candideze la \u0219efia partidului unificat, ministrul Mediului a evitat s\u0103 dea un r\u0103spuns tran\u0219ant: \u201e<em>Sunt preocup\u0103ri politice, preocup\u0103ri guvernamentale foarte puternice dup\u0103 care vom lua decizii \u00een forurile noastre. Vom vedea. Eu, \u00een aceast\u0103 lun\u0103 \u00eemplinesc cam 7 ani de c\u00e2nd conduc Partidul Conservator, ulterior devenit ALDE. Voi analiza cu mare aten\u0163ie cu colegii mei din teritoriu<\/em>\u201d.<\/span><\/p>\n<p data-index=\"8\"><span lang=\"ro-RO\">\u00cen fa\u021ba acestui r\u0103spuns, T\u0103riceanu a spus \u0219i el jurnali\u0219tilor c\u0103 se mai g\u00e2nde\u0219te dac\u0103 va candida la Congres. \u00cen fapt, T\u0103riceanu \u0219i ai lui \u0219i-ar dori s\u0103 ob\u021bin\u0103 c\u00e2t mai cur\u00e2nd suprema\u021bia \u00een partid.<\/span><\/p>\n<p data-index=\"9\"><span lang=\"ro-RO\">De partea cealalt\u0103, fo\u0219tii conservatori sunt nemul\u021bumi\u021bi de modul \u00een care pre\u0219edintele Senatului conduce partidul, de faptul c\u0103 filialele nu sunt consultate c\u00e2nd se iau decizii importante, cum ar fi \u0219i numirile \u00een diferite func\u021bii, de multe ori prim\u00e2nd dorin\u021ba lui Daniel Chi\u021boiu de a-\u0219i impune apropia\u021bii.<\/span><\/p>\n<p data-index=\"10\"><span lang=\"ro-RO\">Este vorba, de exemplu, de numirea lui Toma Petcu la \u0219efia Ministerului Energiei, dar \u0219i de numiri \u00een e\u0219alonul secund, cum ar fi cea a <a href=\"https:\/\/www.digi24.ro\/stiri\/economie\/transporturi\/maria-magdalena-grigore-blonda-de-la-transporturi-se-intoarce-ca-secretar-de-stat-657007\" target=\"_blank\" data-skip-linkfix=\"1\" rel=\"noopener\">Mariei Magdalene Grigore \u00een func\u021bia de secretar de stat \u00een Ministerul Transporturilor<\/a>. De altfel, situa\u021bia de la Ministerul Energiei \u00eei deranjeaz\u0103 \u0219i pe social-democra\u021bi, care i-ar fi cerut lui T\u0103riceanu, potrivit unor surse, s\u0103 vin\u0103 cu un \u00eenlocuitor. Acest lucru a fost \u00eens\u0103, pe moment, refuzat de pre\u0219edintele Senatului. \u201e<\/span><span lang=\"ro-RO\">Nu avem de ce s\u0103 discut\u0103m situa\u0163ia de la Ministerul Energiei. Momentan ministrul Toma Petcu este \u00eentr-un tratament, a fost spitalizat, a ie\u015fit din spital, \u015fi-a reluat atribu\u0163iile la minister. Azi voi avea o \u00eent\u00e2lnire cu el pentru a discuta problemele legate de domeniul energetic pe care dore\u015fte s\u0103 le mi le prezinte \u015fi nu se pune niciun fel de problem\u0103 \u00een leg\u0103tur\u0103 cu o posibil\u0103 schimbare la Ministerul Energiei\u201d, declara T\u0103riceanu, miercuri.<\/span><\/p>\n<p data-index=\"11\"><span lang=\"ro-RO\">Anul trecut, \u00eenaintea alegerilor parlamentare din decembrie, T\u0103riceanu a mai fost \u021binta unui val de critici. V\u00e2rf de lance a fost atunci fostul co-pre\u0219edinte executiv al ALDE Vasile Nistor, exclus rapid din forma\u021biunea democrat-liberal\u0103.<\/span><\/p>\n<\/div>\n<p> Source URL: https:\/\/www.digi24.ro\/stiri\/actualitate\/politica\/tensiuni-in-alde-congresul-si-numirile-in-guvern-doar-doua-motive-676280<\/p>\n","protected":false},"excerpt":{"rendered":"<p>Au intrat \u00een Parlament \u0219i au ajuns la guvernare, au vicepremier \u0219i conduc patru ministere. Ceea ce nu \u00eenseamn\u0103 c\u0103 democrat-liberalii sunt lini\u0219ti\u021bi. Ba din contr\u0103. Tensiunile \u00een partid sunt tot mai mari. Unii vor congres c\u00e2t mai repede, al\u021bii vor mai t\u00e2rziu, pentru a avea timp s\u0103 negocieze \u0219i s\u0103-\u0219i consolideze pozi\u021bia. Dar, \u00eenainte [&hellip;]<\/p>\n","protected":false},"author":1,"featured_media":146314,"comment_status":"open","ping_status":"","sticky":false,"template":"","format":"standard","meta":{"footnotes":""},"categories":[2],"tags":[11],"class_list":["post-146313","post","type-post","status-publish","format-standard","has-post-thumbnail","hentry","category-politics","tag-digi24"],"_links":{"self":[{"href":"https:\/\/analyse.optim.biz\/index.php?rest_route=\/wp\/v2\/posts\/146313","targetHints":{"allow":["GET"]}}],"collection":[{"href":"https:\/\/analyse.optim.biz\/index.php?rest_route=\/wp\/v2\/posts"}],"about":[{"href":"https:\/\/analyse.optim.biz\/index.php?rest_route=\/wp\/v2\/types\/post"}],"author":[{"embeddable":true,"href":"https:\/\/analyse.optim.biz\/index.php?rest_route=\/wp\/v2\/users\/1"}],"replies":[{"embeddable":true,"href":"https:\/\/analyse.optim.biz\/index.php?rest_route=%2Fwp%2Fv2%2Fcomments&post=146313"}],"version-history":[{"count":0,"href":"https:\/\/analyse.optim.biz\/index.php?rest_route=\/wp\/v2\/posts\/146313\/revisions"}],"wp:featuredmedia":[{"embeddable":true,"href":"https:\/\/analyse.optim.biz\/index.php?rest_route=\/wp\/v2\/media\/146314"}],"wp:attachment":[{"href":"https:\/\/analyse.optim.biz\/index.php?rest_route=%2Fwp%2Fv2%2Fmedia&parent=146313"}],"wp:term":[{"taxonomy":"category","embeddable":true,"href":"https:\/\/analyse.optim.biz\/index.php?rest_route=%2Fwp%2Fv2%2Fcategories&post=146313"},{"taxonomy":"post_tag","embeddable":true,"href":"https:\/\/analyse.optim.biz\/index.php?rest_route=%2Fwp%2Fv2%2Ftags&post=146313"}],"curies":[{"name":"wp","href":"https:\/\/api.w.org\/{rel}","templated":true}]}}