{"id":146310,"date":"2017-02-24T19:48:20","date_gmt":"2017-02-24T16:48:20","guid":{"rendered":"https:\/\/analyse.optim.biz\/?p=146310"},"modified":"2017-02-24T19:48:20","modified_gmt":"2017-02-24T16:48:20","slug":"catalin-ivan-psd-are-nevoie-de-experienta-lui-victor-ponta","status":"publish","type":"post","link":"https:\/\/analyse.optim.biz\/?p=146310","title":{"rendered":"C\u0103t\u0103lin Ivan: PSD are nevoie de experien\u021ba lui Victor Ponta"},"content":{"rendered":"<div class=\"entry data-app-meta data-app-meta-article\" data-embed-base-url-canonical=\"https:\/\/www.digi24.ro\/embed\/stiri\/actualitate\/politica\/catalin-ivan-psd-are-nevoie-de-experienta-lui-victor-ponta-676379\">\n<p data-index=\"1\"><strong>PSD are nevoie, \u00een acest moment, de experien\u021ba lui Victor Ponta, spune eurodeputatul C\u0103t\u0103lin Ivan.<\/strong><\/p>\n<p data-index=\"2\"><img loading=\"lazy\" decoding=\"async\" class=\"alignnone size-full wp-image-664885\" src=\"https:\/\/analyse.optim.biz\/wp-content\/uploads\/2024\/09\/mzhhmtqyzgy2njy4mmvlzge4nzaynzrknmrhng-thumb_.jpg\" alt=\"catalin ivan - fb\" width=\"1556\" height=\"1037\" data-skip-htmlfix=\"1\" title=\"mzhhmtqyzgy2njy4mmvlzge4nzaynzrknmrhng-thumb_\"><\/p>\n<p data-index=\"3\">\u00centrebat dac\u0103 are ceva de repro\u0219at liderului PSD, Liviu Dragnea, Ivan a replicat: \u201eVoi discuta \u00een interiorul partidului\u201d.<\/p>\n<p data-index=\"4\">\u201eCred c\u0103 \u00een acest moment PSD are nevoie de experien\u021ba lui Victor Ponta \u0219i de mintea limpede a celui care a trecut de foarte multe lucruri\u201d, a spus C\u0103talin Ivan.<\/p>\n<p data-index=\"5\">El a ad\u0103ugat c\u0103 PSD face o foarte mare gre\u0219eal\u0103 c\u0103 \u00eel \u021bine departe pe Victor Ponta de luarea deciziilor, subliniind totodat\u0103 c\u0103 \u201eperioada 2012-2015 a fost cea mai bun\u0103 perioad\u0103 din istoria PSD, cu Victor Ponta pre\u0219edinte al PSD \u0219i premier\u201d.<\/p>\n<p data-index=\"6\">\u201eAt\u00e2t la Guvern, c\u00e2t \u0219i la partid a avut cele mai bune rezultate. (&#8230;) De acolo puteam construi foarte mult. Ne-am \u00eendep\u0103rtat \u00een schimb de la drumul pe care pornisem \u0219i acum, e evident pentru toat\u0103 lumea, c\u0103 se merge \u00eentr-o direc\u021bie gre\u0219it\u0103\u201d, a spus C\u0103t\u0103lin Ivan.<\/p>\n<p data-index=\"7\">Potrivit acestuia, e vizibil modul \u00een care Victor Ponta a fost \u00eenl\u0103turat \u201e\u00eencetul cu \u00eencetul\u201d.<\/p>\n<p data-index=\"8\">\u201eCred c\u0103 PSD resimte \u00een acest moment lipsa experien\u021bei acumulate de Victor Ponta, care resimte gre\u0219elile pe care le-a f\u0103cut\u201d, a spus eurodeputatul.<\/p>\n<p data-index=\"9\">Ivan a subiniat c\u0103, de\u0219i la vremea respectiv\u0103 l-a taxat pentru gre\u0219elile f\u0103cute, acum ar fi dorit s\u0103-l vad\u0103 pe Victor Ponta \u201e\u00een cercul de luare a deciziilor, pentru c\u0103 este un om care a \u00eenv\u0103\u021bat foarte mult, inclusiv din gre\u0219elile pe care le-a f\u0103cut \u00een momentul respectiv, 2014-2015\u201d.<\/p>\n<p data-index=\"10\">\u00centrebat dac\u0103 este necesar\u0103 organizarea unui congres extraordinar, Ivan a r\u0103spuns c\u0103 \u201ese impun discu\u021bii clare cu membrii de partid, cu pre\u0219edin\u021bii de organiza\u021bii pentru o analiz\u0103 a cauzelor pentru care s-a ajuns aici\u201d.<\/p>\n<p data-index=\"11\">\u201eDesigur, e nevoie de luarea unor m\u0103suri urgente pentru revenirea la democra\u021bie, reluarea dialogului intern \u0219i libertatea de exprimare pentru membrii de partid. Eu sper c\u0103 lucrurile acestea se pot \u00eent\u00e2mpla dac\u0103 renun\u021b\u0103m la astfel de decizii precum cea de a lua act c\u0103 nu mai sunt membru PSD de doi ani de zile, de\u0219i exist\u0103 dovezi inclusiv pe pagina de facebook a domnului Dragnea\u201d, a mai spus eurodeptatul C\u0103t\u0103lin Ivan.<\/p>\n<\/div>\n<p> Source URL: https:\/\/www.digi24.ro\/stiri\/actualitate\/politica\/catalin-ivan-psd-are-nevoie-de-experienta-lui-victor-ponta-676379<\/p>\n","protected":false},"excerpt":{"rendered":"<p>PSD are nevoie, \u00een acest moment, de experien\u021ba lui Victor Ponta, spune eurodeputatul C\u0103t\u0103lin Ivan. \u00centrebat dac\u0103 are ceva de repro\u0219at liderului PSD, Liviu Dragnea, Ivan a replicat: \u201eVoi discuta \u00een interiorul partidului\u201d. \u201eCred c\u0103 \u00een acest moment PSD are nevoie de experien\u021ba lui Victor Ponta \u0219i de mintea limpede a celui care a trecut [&hellip;]<\/p>\n","protected":false},"author":1,"featured_media":146311,"comment_status":"open","ping_status":"","sticky":false,"template":"","format":"standard","meta":{"footnotes":""},"categories":[2],"tags":[11],"class_list":["post-146310","post","type-post","status-publish","format-standard","has-post-thumbnail","hentry","category-politics","tag-digi24"],"_links":{"self":[{"href":"https:\/\/analyse.optim.biz\/index.php?rest_route=\/wp\/v2\/posts\/146310","targetHints":{"allow":["GET"]}}],"collection":[{"href":"https:\/\/analyse.optim.biz\/index.php?rest_route=\/wp\/v2\/posts"}],"about":[{"href":"https:\/\/analyse.optim.biz\/index.php?rest_route=\/wp\/v2\/types\/post"}],"author":[{"embeddable":true,"href":"https:\/\/analyse.optim.biz\/index.php?rest_route=\/wp\/v2\/users\/1"}],"replies":[{"embeddable":true,"href":"https:\/\/analyse.optim.biz\/index.php?rest_route=%2Fwp%2Fv2%2Fcomments&post=146310"}],"version-history":[{"count":0,"href":"https:\/\/analyse.optim.biz\/index.php?rest_route=\/wp\/v2\/posts\/146310\/revisions"}],"wp:featuredmedia":[{"embeddable":true,"href":"https:\/\/analyse.optim.biz\/index.php?rest_route=\/wp\/v2\/media\/146311"}],"wp:attachment":[{"href":"https:\/\/analyse.optim.biz\/index.php?rest_route=%2Fwp%2Fv2%2Fmedia&parent=146310"}],"wp:term":[{"taxonomy":"category","embeddable":true,"href":"https:\/\/analyse.optim.biz\/index.php?rest_route=%2Fwp%2Fv2%2Fcategories&post=146310"},{"taxonomy":"post_tag","embeddable":true,"href":"https:\/\/analyse.optim.biz\/index.php?rest_route=%2Fwp%2Fv2%2Ftags&post=146310"}],"curies":[{"name":"wp","href":"https:\/\/api.w.org\/{rel}","templated":true}]}}