{"id":146307,"date":"2017-02-24T21:12:59","date_gmt":"2017-02-24T18:12:59","guid":{"rendered":"https:\/\/analyse.optim.biz\/?p=146307"},"modified":"2017-02-24T21:12:59","modified_gmt":"2017-02-24T18:12:59","slug":"kelemen-hunor-statul-de-drept-nu-prea-exista-separarea-puterilor-in-stat-este-o-fictiune","status":"publish","type":"post","link":"https:\/\/analyse.optim.biz\/?p=146307","title":{"rendered":"Kelemen Hunor: Statul de drept nu prea exist\u0103, separarea puterilor \u00een stat este o fic\u021biune"},"content":{"rendered":"<div class=\"entry data-app-meta data-app-meta-article\" data-embed-base-url-canonical=\"https:\/\/www.digi24.ro\/embed\/stiri\/actualitate\/politica\/kelemen-hunor-statul-de-drept-nu-prea-exista-separarea-puterilor-in-stat-este-o-fictiune-676404\">\n<p data-index=\"1\"><strong>Pre\u0219edintele UDMR, Kelemen Hunor, a declarat vineri, la T\u00e2rgu Mure\u0219, \u00een cadrul \u00eentrunirii delega\u021bilor UDMR Mure\u0219 pentru alegerea liderului organiza\u021biei jude\u021bene, c\u0103 \u00een Rom\u00e2nia statul de drept &#8220;nu prea exist\u0103&#8221;, \u00eentruc\u00e2t separarea puterilor \u00een stat ar fi &#8220;o fic\u021biune&#8221;.<\/strong><\/p>\n<p data-index=\"2\"><img loading=\"lazy\" decoding=\"async\" class=\"alignnone size-full wp-image-676406\" src=\"https:\/\/analyse.optim.biz\/wp-content\/uploads\/2024\/09\/mdu2zgjinwq0zwi0mjiyntm0yjc4zda2mzy3ytg2nq-thumb_.jpg\" alt=\"kelemen hunor - fb (2)\" width=\"960\" height=\"640\" data-skip-htmlfix=\"1\" title=\"mdu2zgjinwq0zwi0mjiyntm0yjc4zda2mzy3ytg2nq-thumb_\"><\/p>\n<p data-index=\"3\">&#8220;\u00cen 2017, dac\u0103 vrem s\u0103 fim sinceri cu noi \u00een\u0219ine, trebuie s\u0103 spunem c\u0103 statul de drept nu prea exist\u0103. Separarea puterilor \u00een stat este o fic\u021biune. \u0218i la T\u00e2rgu Mure\u0219, dac\u0103 vorbim despre acest subiect, exist\u0103 dou\u0103 subiecte foarte concrete. Statul de drept ce \u00eenseamn\u0103, \u00eenainte de orice? Respectarea \u0219i aplicarea legii, indiferent dac\u0103 ne place sau nu ne place. Dac\u0103 Legea \u00eenv\u0103\u021b\u0103m\u00e2ntului de 5 ani aproape nu este respectat\u0103, atunci nu putem vorbi de statul de drept. Dac\u0103 \u00een lipsa unei decizii definitive a unei instan\u021be judec\u0103tore\u0219ti, o \u0219coal\u0103, un liceu, \u0219i existen\u021ba \u0219colii poate fi pus\u0103 la \u00eendoial\u0103 \u0219i luni c\u00e2nd \u00eencep \u00eenscrierile pentru anul \u0219colar 2017-2018, \u00eenc\u0103 nu \u0219tiu p\u0103rin\u021bii unde &#8211; \u0219i este vorba de Liceul Romano-Catolic Rakoczi Ferenc (din T\u00e2rgu Mure\u0219, n.r.) &#8211; unde vor \u00eenscrie copiii, atunci nu mai putem s\u0103 vorbim de un stat de drept&#8221;, a declarat presei Kelemen Hunor, citat de Agerpres.<\/p>\n<p data-index=\"4\">Acesta a mai spus c\u0103 \u00een Rom\u00e2nia se d\u0103 o lupt\u0103 pentru putere, inclusiv prin demonstra\u021biile din ultimele zile, \u0219i c\u0103 din acest punct de vedere am avea de-a face cu &#8220;un stat captiv&#8221;.<\/p>\n<\/div>\n<p> Source URL: https:\/\/www.digi24.ro\/stiri\/actualitate\/politica\/kelemen-hunor-statul-de-drept-nu-prea-exista-separarea-puterilor-in-stat-este-o-fictiune-676404<\/p>\n","protected":false},"excerpt":{"rendered":"<p>Pre\u0219edintele UDMR, Kelemen Hunor, a declarat vineri, la T\u00e2rgu Mure\u0219, \u00een cadrul \u00eentrunirii delega\u021bilor UDMR Mure\u0219 pentru alegerea liderului organiza\u021biei jude\u021bene, c\u0103 \u00een Rom\u00e2nia statul de drept &#8220;nu prea exist\u0103&#8221;, \u00eentruc\u00e2t separarea puterilor \u00een stat ar fi &#8220;o fic\u021biune&#8221;. &#8220;\u00cen 2017, dac\u0103 vrem s\u0103 fim sinceri cu noi \u00een\u0219ine, trebuie s\u0103 spunem c\u0103 statul de [&hellip;]<\/p>\n","protected":false},"author":1,"featured_media":146308,"comment_status":"open","ping_status":"","sticky":false,"template":"","format":"standard","meta":{"footnotes":""},"categories":[2],"tags":[11],"class_list":["post-146307","post","type-post","status-publish","format-standard","has-post-thumbnail","hentry","category-politics","tag-digi24"],"_links":{"self":[{"href":"https:\/\/analyse.optim.biz\/index.php?rest_route=\/wp\/v2\/posts\/146307","targetHints":{"allow":["GET"]}}],"collection":[{"href":"https:\/\/analyse.optim.biz\/index.php?rest_route=\/wp\/v2\/posts"}],"about":[{"href":"https:\/\/analyse.optim.biz\/index.php?rest_route=\/wp\/v2\/types\/post"}],"author":[{"embeddable":true,"href":"https:\/\/analyse.optim.biz\/index.php?rest_route=\/wp\/v2\/users\/1"}],"replies":[{"embeddable":true,"href":"https:\/\/analyse.optim.biz\/index.php?rest_route=%2Fwp%2Fv2%2Fcomments&post=146307"}],"version-history":[{"count":0,"href":"https:\/\/analyse.optim.biz\/index.php?rest_route=\/wp\/v2\/posts\/146307\/revisions"}],"wp:featuredmedia":[{"embeddable":true,"href":"https:\/\/analyse.optim.biz\/index.php?rest_route=\/wp\/v2\/media\/146308"}],"wp:attachment":[{"href":"https:\/\/analyse.optim.biz\/index.php?rest_route=%2Fwp%2Fv2%2Fmedia&parent=146307"}],"wp:term":[{"taxonomy":"category","embeddable":true,"href":"https:\/\/analyse.optim.biz\/index.php?rest_route=%2Fwp%2Fv2%2Fcategories&post=146307"},{"taxonomy":"post_tag","embeddable":true,"href":"https:\/\/analyse.optim.biz\/index.php?rest_route=%2Fwp%2Fv2%2Ftags&post=146307"}],"curies":[{"name":"wp","href":"https:\/\/api.w.org\/{rel}","templated":true}]}}