{"id":146302,"date":"2017-02-24T23:23:26","date_gmt":"2017-02-24T20:23:26","guid":{"rendered":"https:\/\/analyse.optim.biz\/?p=146302"},"modified":"2017-02-24T23:23:26","modified_gmt":"2017-02-24T20:23:26","slug":"sorin-grindeanu-rezist-mi-se-potriveste","status":"publish","type":"post","link":"https:\/\/analyse.optim.biz\/?p=146302","title":{"rendered":"Sorin Grindeanu: #Rezist mi se potrive\u0219te"},"content":{"rendered":"<div class=\"entry data-app-meta data-app-meta-article\" data-embed-base-url-canonical=\"https:\/\/www.digi24.ro\/embed\/stiri\/actualitate\/politica\/sorin-grindeanu-rezist-mi-se-potriveste-676457\">\n<p data-index=\"1\"><strong>Sorin Grindeanu a declarat, vineri sear\u0103, la un post local de televiziune din Timi\u0219oara, c\u0103 poate acum se iese \u00een strad\u0103 pentru &#8221;respectarea anumitor decizii definitive ale instan\u021belor&#8221;.<\/strong><\/p>\n<figure class=\"article-thumb\"><img decoding=\"async\" src=\"https:\/\/analyse.optim.biz\/wp-content\/uploads\/2024\/09\/mzfjywe5mdg2ymjhmwuznzlhywy1zwu3mtcwnjdm-thumb_.jpg\" alt=\"grindeanu maini cap_INQUAM_PHOTOS_Octav_Ganea\" data-skip-htmlfix=\"1\" title=\"mzfjywe5mdg2ymjhmwuznzlhywy1zwu3mtcwnjdm-thumb_\"><figcaption> FOTO: INQUAM PHOTOS &#8211; Octav Ganea <\/figcaption><\/figure>\n<p data-index=\"2\">&#8221;At\u00e2ta timp c\u00e2t vom fi l\u0103sa\u021bi \u00een pace s\u0103 facem aceste lucruri, #Rezist mi se potrive\u0219te (&#8230;). Eu s\u0103 \u0219ti\u021bi c\u0103 \u00eencerc s\u0103 lini\u0219tesc lucrurile.<\/p>\n<p data-index=\"3\">Am v\u0103zut, poate c\u0103 acum se iese \u00een strad\u0103, de exemplu, ca s\u0103 se respecte anumite decizii definitive ale instan\u021belor, prin urm\u0103 cu dou\u0103 zile sau trei, c\u0103 legea e aceea\u0219i pentru toat\u0103 lumea. Eu vreau (&#8230;) s\u0103 pun \u00een aplicare programul de guvernare&#8221;, a afirmat Grindeanu.<\/p>\n<p data-index=\"4\">Sursa: Agerpres<\/p>\n<\/div>\n<p> Source URL: https:\/\/www.digi24.ro\/stiri\/actualitate\/politica\/sorin-grindeanu-rezist-mi-se-potriveste-676457<\/p>\n","protected":false},"excerpt":{"rendered":"<p>Sorin Grindeanu a declarat, vineri sear\u0103, la un post local de televiziune din Timi\u0219oara, c\u0103 poate acum se iese \u00een strad\u0103 pentru &#8221;respectarea anumitor decizii definitive ale instan\u021belor&#8221;. FOTO: INQUAM PHOTOS &#8211; Octav Ganea &#8221;At\u00e2ta timp c\u00e2t vom fi l\u0103sa\u021bi \u00een pace s\u0103 facem aceste lucruri, #Rezist mi se potrive\u0219te (&#8230;). Eu s\u0103 \u0219ti\u021bi c\u0103 [&hellip;]<\/p>\n","protected":false},"author":1,"featured_media":146305,"comment_status":"open","ping_status":"","sticky":false,"template":"","format":"standard","meta":{"footnotes":""},"categories":[2],"tags":[11],"class_list":["post-146302","post","type-post","status-publish","format-standard","has-post-thumbnail","hentry","category-politics","tag-digi24"],"_links":{"self":[{"href":"https:\/\/analyse.optim.biz\/index.php?rest_route=\/wp\/v2\/posts\/146302","targetHints":{"allow":["GET"]}}],"collection":[{"href":"https:\/\/analyse.optim.biz\/index.php?rest_route=\/wp\/v2\/posts"}],"about":[{"href":"https:\/\/analyse.optim.biz\/index.php?rest_route=\/wp\/v2\/types\/post"}],"author":[{"embeddable":true,"href":"https:\/\/analyse.optim.biz\/index.php?rest_route=\/wp\/v2\/users\/1"}],"replies":[{"embeddable":true,"href":"https:\/\/analyse.optim.biz\/index.php?rest_route=%2Fwp%2Fv2%2Fcomments&post=146302"}],"version-history":[{"count":0,"href":"https:\/\/analyse.optim.biz\/index.php?rest_route=\/wp\/v2\/posts\/146302\/revisions"}],"wp:featuredmedia":[{"embeddable":true,"href":"https:\/\/analyse.optim.biz\/index.php?rest_route=\/wp\/v2\/media\/146305"}],"wp:attachment":[{"href":"https:\/\/analyse.optim.biz\/index.php?rest_route=%2Fwp%2Fv2%2Fmedia&parent=146302"}],"wp:term":[{"taxonomy":"category","embeddable":true,"href":"https:\/\/analyse.optim.biz\/index.php?rest_route=%2Fwp%2Fv2%2Fcategories&post=146302"},{"taxonomy":"post_tag","embeddable":true,"href":"https:\/\/analyse.optim.biz\/index.php?rest_route=%2Fwp%2Fv2%2Ftags&post=146302"}],"curies":[{"name":"wp","href":"https:\/\/api.w.org\/{rel}","templated":true}]}}