{"id":146301,"date":"2017-02-24T21:30:43","date_gmt":"2017-02-24T18:30:43","guid":{"rendered":"https:\/\/analyse.optim.biz\/?p=146301"},"modified":"2017-02-24T21:30:43","modified_gmt":"2017-02-24T18:30:43","slug":"serban-nicolae-a-initiat-modificarea-legii-referendumului","status":"publish","type":"post","link":"https:\/\/analyse.optim.biz\/?p=146301","title":{"rendered":"\u0218erban Nicolae a ini\u021biat modificarea Legii referendumului"},"content":{"rendered":"<div class=\"entry data-app-meta data-app-meta-article\" data-embed-base-url-canonical=\"https:\/\/www.digi24.ro\/embed\/stiri\/actualitate\/politica\/serban-nicolae-a-initiat-modificarea-legii-referendumului-676422\">\n<p data-index=\"1\"><span lang=\"ro-RO\">Senatorii PSD au depus \u00een Camera superioar\u0103 a Parlamentului o propunere legislativ\u0103 ini\u021biat\u0103 de \u0218erban Nicolae, \u0219eful Comisiei Juridice, care modific\u0103 Legea 3\/2000 \u00een sensul c\u0103 referendumul pentru revizuirea Constitu\u021biei urmeaz\u0103 s\u0103 se desf\u0103\u0219oare \u00een ultima duminic\u0103 a perioadei de 30 de zile de la data adopt\u0103rii propunerii de revizuire, potrivit <a href=\"http:\/\/www.agerpres.ro\/politica\/2017\/02\/24\/senat-psd-doreste-modificarea-legii-referendumului-in-procedura-de-urgenta-proiect--18-03-32\" target=\"_blank\" data-skip-linkfix=\"1\" rel=\"noopener\">Agerpres<\/a>.<\/span><\/p>\n<p data-index=\"2\"><img loading=\"lazy\" decoding=\"async\" class=\"alignnone size-full wp-image-666125\" src=\"https:\/\/analyse.optim.biz\/wp-content\/uploads\/2024\/09\/otu2ywq4ywmwztq2zgyxyzvimjk4mtq4nwe0-thumb_.jpg\" alt=\"serban nicolae\" width=\"1093\" height=\"645\" data-skip-htmlfix=\"1\" title=\"otu2ywq4ywmwztq2zgyxyzvimjk4mtq4nwe0-thumb_\"><\/p>\n<p data-index=\"3\"><span lang=\"ro-RO\">PSD propune modificarea alineatului 1 al articolului 6 din Legea referendumului, astfel \u00eenc\u00e2t s\u0103 fie stipulat faptul c\u0103 ini\u021biativa \u0219i procedura revizuirii Constitu\u021biei sunt supuse \u201edispozi\u021biilor prev\u0103zute la art. 73 alin. 1 \u0219i 2, art. 150 \u0219i art. 151 din Constitu\u021bie \u0219i prezentei legi\u201d.<\/span><\/p>\n<p data-index=\"4\"><span lang=\"ro-RO\">De asemenea, senatorii social-democra\u021bi propun \u0219i completarea articolului 6 \u00een sensul c\u0103 \u201eproiectul legii constitu\u021bionale, adoptat de c\u0103tre Camera Deputa\u021bilor \u0219i de Senat, se public\u0103, \u00een aceea\u0219i zi, \u00een Monitorul Oficial al Rom\u00e2niei, Partea I\u201d.<\/span><\/p>\n<p data-index=\"5\">\u201e<span lang=\"ro-RO\">Cet\u0103\u021benii Rom\u00e2niei sunt chema\u021bi s\u0103-\u0219i exprime voin\u021ba prin vot \u00een cadrul referendumului na\u021bional cu privire la revizuirea Constitu\u021biei \u00een ultima duminic\u0103 a perioadei de 30 de zile prev\u0103zut\u0103 la art. 151, alin. 3 din Constitu\u021bia Rom\u00e2niei, calculat\u0103 de la data public\u0103rii \u00een MO, Guvernul av\u00e2nd obliga\u021bia de a aduce la cuno\u0219tin\u021b\u0103 public\u0103, de \u00eendat\u0103, prin mijloace de comunicare \u00een mas\u0103, aceast\u0103 dat\u0103\u201d, propun social-democra\u021bii.<\/span><\/p>\n<p data-index=\"6\"><span lang=\"ro-RO\">O alt\u0103 propunere pentru completarea articolului 6 stipuleaz\u0103 faptul c\u0103 \u201epersoanele care au dreptul s\u0103 participe la referendumul na\u021bional privind revizuirea Constitu\u021biei, modul de desf\u0103\u0219urare a campaniei pentru referendum, organizarea \u0219i desf\u0103\u0219urarea acestuia, organizarea \u0219i atribu\u021biile birourilor electorale, faptele care constituie contraven\u021bii \u0219i infrac\u021biuni, precum \u0219i modul de constatare \u0219i sanc\u021bionare a acestora sunt cele stabilite la art. 4, art. 7 alin. 1, precum \u0219i \u00een cap. IV, V, VI din Legea 3\/2000\u201d.<\/span><\/p>\n<p data-index=\"7\"><span lang=\"ro-RO\">\u00cen propunerea de lege a PSD se precizeaz\u0103 c\u0103 toate cheltuielile pentru organizarea \u0219i desf\u0103\u0219urarea referendumului na\u021bional privind revizuirea Constitu\u021biei se suport\u0103 de la bugetul de stat.<\/span><\/p>\n<p data-index=\"8\">\u201e<span lang=\"ro-RO\">Pentru asigurarea unei proceduri clare aplicabile tuturor ini\u021biativelor de revizuire a Constitu\u021biei, a fost elaborat prezentul proiect de lege pentru organizarea \u0219i desf\u0103\u0219urarea oric\u0103rui referendum na\u021bional ce ar putea fi ini\u021biat \u00eencep\u00e2nd cu referendumul ce trebuie organizat cu privire la ini\u021biativa cet\u0103\u021beneasc\u0103 ce se afl\u0103 pe rolul Parlamentului\u201d, precizeaz\u0103 ini\u021biatorii \u00een expunerea de motive a actului normativ.<\/span><\/p>\n<p data-index=\"9\"><span lang=\"ro-RO\">Social-democra\u021bii solicit\u0103 dezbaterea acestei ini\u021biative de lege \u00een procedur\u0103 de urgen\u021b\u0103, Senatul fiind prima Camer\u0103 sesizat\u0103 \u00een acest caz.<\/span><\/p>\n<p data-index=\"10\"><span lang=\"ro-RO\">Proiectul a fost ini\u021biat de liderul grupului senatorial al PSD, \u0218erban Nicolae, fiind apoi asumat de al\u021bi 47 de senatori social-democra\u021bi.<\/span><\/p>\n<\/div>\n<p> Source URL: https:\/\/www.digi24.ro\/stiri\/actualitate\/politica\/serban-nicolae-a-initiat-modificarea-legii-referendumului-676422<\/p>\n","protected":false},"excerpt":{"rendered":"<p>Senatorii PSD au depus \u00een Camera superioar\u0103 a Parlamentului o propunere legislativ\u0103 ini\u021biat\u0103 de \u0218erban Nicolae, \u0219eful Comisiei Juridice, care modific\u0103 Legea 3\/2000 \u00een sensul c\u0103 referendumul pentru revizuirea Constitu\u021biei urmeaz\u0103 s\u0103 se desf\u0103\u0219oare \u00een ultima duminic\u0103 a perioadei de 30 de zile de la data adopt\u0103rii propunerii de revizuire, potrivit Agerpres. PSD propune modificarea [&hellip;]<\/p>\n","protected":false},"author":1,"featured_media":146303,"comment_status":"open","ping_status":"","sticky":false,"template":"","format":"standard","meta":{"footnotes":""},"categories":[2],"tags":[11],"class_list":["post-146301","post","type-post","status-publish","format-standard","has-post-thumbnail","hentry","category-politics","tag-digi24"],"_links":{"self":[{"href":"https:\/\/analyse.optim.biz\/index.php?rest_route=\/wp\/v2\/posts\/146301","targetHints":{"allow":["GET"]}}],"collection":[{"href":"https:\/\/analyse.optim.biz\/index.php?rest_route=\/wp\/v2\/posts"}],"about":[{"href":"https:\/\/analyse.optim.biz\/index.php?rest_route=\/wp\/v2\/types\/post"}],"author":[{"embeddable":true,"href":"https:\/\/analyse.optim.biz\/index.php?rest_route=\/wp\/v2\/users\/1"}],"replies":[{"embeddable":true,"href":"https:\/\/analyse.optim.biz\/index.php?rest_route=%2Fwp%2Fv2%2Fcomments&post=146301"}],"version-history":[{"count":0,"href":"https:\/\/analyse.optim.biz\/index.php?rest_route=\/wp\/v2\/posts\/146301\/revisions"}],"wp:featuredmedia":[{"embeddable":true,"href":"https:\/\/analyse.optim.biz\/index.php?rest_route=\/wp\/v2\/media\/146303"}],"wp:attachment":[{"href":"https:\/\/analyse.optim.biz\/index.php?rest_route=%2Fwp%2Fv2%2Fmedia&parent=146301"}],"wp:term":[{"taxonomy":"category","embeddable":true,"href":"https:\/\/analyse.optim.biz\/index.php?rest_route=%2Fwp%2Fv2%2Fcategories&post=146301"},{"taxonomy":"post_tag","embeddable":true,"href":"https:\/\/analyse.optim.biz\/index.php?rest_route=%2Fwp%2Fv2%2Ftags&post=146301"}],"curies":[{"name":"wp","href":"https:\/\/api.w.org\/{rel}","templated":true}]}}