{"id":1462566,"date":"2017-01-04T21:08:29","date_gmt":"2017-01-04T18:08:29","guid":{"rendered":"https:\/\/analyse.optim.biz\/?p=1462566"},"modified":"2017-01-04T21:08:29","modified_gmt":"2017-01-04T18:08:29","slug":"buzoianca-de-27-de-ani-cu-cancer-la-maduva-tratament-costisitor-se-cere-ajutorul-comunitatii-buzoiene","status":"publish","type":"post","link":"https:\/\/analyse.optim.biz\/?p=1462566","title":{"rendered":"BUZOIANC\u0102 DE 27 DE ANI CU CANCER LA M\u0102DUV\u0102! TRATAMENT COSTISITOR. SE CERE AJUTORUL COMUNIT\u0102\u021aII BUZOIENE"},"content":{"rendered":"<article id=\"post-20103\" class=\"post-20103 post type-post status-publish format-video has-post-thumbnail hentry category-eveniment post_format-post-format-video\">\n<div class=\"td-post-header\">\n<ul class=\"td-category\">\n<li class=\"entry-category\"><a href=\"https:\/\/www.tvbuzau.ro\/category\/eveniment\/\">Eveniment<\/a><\/li>\n<\/ul>\n<header class=\"td-post-title\">\n<h1 class=\"entry-title\">BUZOIANC\u0102 DE 27 DE ANI CU CANCER LA M\u0102DUV\u0102! TRATAMENT COSTISITOR. SE CERE AJUTORUL COMUNIT\u0102\u021aII BUZOIENE<\/h1>\n<div class=\"td-module-meta-info\">\n<div class=\"td-post-author-name\">De c\u0103tre <a href=\"https:\/\/www.tvbuzau.ro\/author\/mihai-vasilescu\/\">TV Buz\u0103u<\/a> &#8211; <\/div>\n<p><span class=\"td-post-date\"><time class=\"entry-date updated td-module-date\" datetime=\"2017-01-04T21:08:29+00:00\">ianuarie 4, 2017<\/time><\/span><\/p>\n<div class=\"td-post-comments\"><a href=\"https:\/\/www.tvbuzau.ro\/buzoianca-de-27-de-ani-cu-cancer-la-maduva-tratament-costisitor-se-cere-ajutorul-comunitatii-buzoiene\/#respond\">0<\/a><\/div>\n<div class=\"td-post-views\"><span class=\"td-nr-views-20103\">396<\/span><\/div>\n<\/div>\n<\/header>\n<\/div>\n<div class=\"td-post-sharing td-post-sharing-top td-with-like\">\n<div class=\"td-default-sharing\"><a class=\"td-social-sharing-buttons td-social-facebook\" href=\"http:\/\/www.facebook.com\/sharer.php?u=https%3A%2F%2Fwww.tvbuzau.ro%2Fbuzoianca-de-27-de-ani-cu-cancer-la-maduva-tratament-costisitor-se-cere-ajutorul-comunitatii-buzoiene%2F\"><\/p>\n<div class=\"td-social-but-text\">Distribui\u021bi pe Facebook<\/div>\n<p><\/a><a class=\"td-social-sharing-buttons td-social-twitter\" href=\"https:\/\/twitter.com\/intent\/tweet?text=BUZOIANC%C4%82+DE+27+DE+ANI+CU+CANCER+LA+M%C4%82DUV%C4%82%21+TRATAMENT+COSTISITOR.+SE+CERE+AJUTORUL+COMUNIT%C4%82%C8%9AII+BUZOIENE&amp;url=https%3A%2F%2Fwww.tvbuzau.ro%2Fbuzoianca-de-27-de-ani-cu-cancer-la-maduva-tratament-costisitor-se-cere-ajutorul-comunitatii-buzoiene%2F&amp;via=TV+Buz%C4%83u\"><\/p>\n<div class=\"td-social-but-text\">Distribui\u021bi pe Twitter<\/div>\n<p><\/a><\/div>\n<div class=\"td-classic-sharing\">\n<ul>\n<li class=\"td-classic-facebook\"><iframe frameborder src=\"https:\/\/www.facebook.com\/plugins\/like.php?href=https:\/\/www.tvbuzau.ro\/buzoianca-de-27-de-ani-cu-cancer-la-maduva-tratament-costisitor-se-cere-ajutorul-comunitatii-buzoiene\/&amp;layout=button_count&amp;show_faces=false&amp;width=105&amp;action=like&amp;colorscheme=light&amp;height=21\"><\/iframe><\/li>\n<li class=\"td-classic-twitter\"><a href=\"https:\/\/twitter.com\/share\" class=\"twitter-share-button\" data-url=\"https:\/\/www.tvbuzau.ro\/buzoianca-de-27-de-ani-cu-cancer-la-maduva-tratament-costisitor-se-cere-ajutorul-comunitatii-buzoiene\/\" data-text=\"BUZOIANC\u0102 DE 27 DE ANI CU CANCER LA M\u0102DUV\u0102! TRATAMENT COSTISITOR. SE CERE AJUTORUL COMUNIT\u0102\u021aII BUZOIENE\" data-via data-lang=\"en\">tweet<\/a><\/li>\n<\/ul>\n<\/div>\n<\/div>\n<div class=\"td-post-content\">\n<div class=\"td-featured-image-rec\">\n<div class=\"wpb_video_wrapper\">\n                    <iframe loading=\"lazy\" id=\"td_youtube_player\" width=\"600\" height=\"560\" src=\"https:\/\/www.youtube.com\/embed\/pX568WDKPps?enablejsapi=1&amp;feature=oembed&amp;wmode=opaque&amp;vq=hd720\" frameborder allowfullscreen><\/iframe><\/p><\/div>\n<\/div>\n<p>La doar 27 de ani, buzoianca Diana Jurubi\u021b\u0103, fost\u0103 Dima, se zbate \u00eentre via\u021b\u0103 \u0219i moarte. Absolventa a Scolii nr. 15 \u0219i apoi a  Colegiului Mihai Eminescu Buzau si a facultatii ASE Bucuresti, Diana se lupt\u0103 cu o form\u0103 de cancer foarte agresiv\u0103 \u0219i cu o evolu\u021bie rapid\u0103. Este vorba mai exact de o tumoare localizat\u0103 \u00een interiorul m\u0103duvei spin\u0103rii. \u00cen ciuda tratamentului pe parcursul anului trecut tumoarea s-a marit, iar din lun august si si-au facut aparitia si coltii bolii: Diana a a inceput s\u0103-si simt\u0103 din ce in ce mai putin mana dreapta. Dup\u0103 un control la o clinic\u0103 din Viena a ajuns in Germania la Hanovra pentru investigatii, tratament si operatie. Operatia de largire si depresurizare a maduvei spinarii, plus biopsie a fost de 50 000 de euro. Din p\u0103cate, in urma operatiei tumoarea nu a putut fi inlaturata astfel ca s-au inceput sedintele de radioterapie combinate cu chimioterapie. Dupa a 11-a sedinta de radioterapie stare Dianei s-a inrautatit, au ap\u0103rut complicatii ce au necesitat transfuzii de sange si trombocite foarte costisitoare. Din cauza complica\u021biilor chimioterapia a fost oprit\u0103. Diana a fost mutat\u0103 la o alt\u0103 clinic\u0103 tot \u00een Germania la Koln pentru tratamente bazate pe imunoterapie. Familia a r\u0103mas \u00eens\u0103 f\u0103r\u0103 bani \u0219i cere acum disperat\u0103 ajutorul financiar al comunit\u0103\u021bii buzoiene. Tratamentul cost\u0103 50 000 euro, iar timpul se scurge foarte repede \u00een dezavantajul Dianei. Familia \u0219i prietenii au infiintat o pagin\u0103 de Facebook intitulata Impreun\u0103 pentru Diana. Buzoienii cu suflet pot g\u0103si aici ultimele informa\u021bii despre tragedia ab\u0103tut\u0103 asupra Dianei, dar \u0219i conturile in care se pot face dona\u021bii pentru salvarea buzoiencei de doar 27 de ani. <\/p>\n<div class=\"post-views post-20103 entry-meta\"><span class=\"post-views-label\">Post Views: <\/span><span class=\"post-views-count\">1.001<\/span><\/div>\n<\/div>\n<footer>\n<div class=\"td-post-sharing td-post-sharing-bottom td-with-like\"><span class=\"td-post-share-title\">DISTRIBUI\u021aI<\/span><\/p>\n<div class=\"td-default-sharing\"><a class=\"td-social-sharing-buttons td-social-facebook\" href=\"http:\/\/www.facebook.com\/sharer.php?u=https%3A%2F%2Fwww.tvbuzau.ro%2Fbuzoianca-de-27-de-ani-cu-cancer-la-maduva-tratament-costisitor-se-cere-ajutorul-comunitatii-buzoiene%2F\"><\/p>\n<div class=\"td-social-but-text\">Facebook<\/div>\n<p><\/a><a class=\"td-social-sharing-buttons td-social-twitter\" href=\"https:\/\/twitter.com\/intent\/tweet?text=BUZOIANC%C4%82+DE+27+DE+ANI+CU+CANCER+LA+M%C4%82DUV%C4%82%21+TRATAMENT+COSTISITOR.+SE+CERE+AJUTORUL+COMUNIT%C4%82%C8%9AII+BUZOIENE&amp;url=https%3A%2F%2Fwww.tvbuzau.ro%2Fbuzoianca-de-27-de-ani-cu-cancer-la-maduva-tratament-costisitor-se-cere-ajutorul-comunitatii-buzoiene%2F&amp;via=TV+Buz%C4%83u\"><\/p>\n<div class=\"td-social-but-text\">Twitter<\/div>\n<p><\/a><\/div>\n<div class=\"td-classic-sharing\">\n<ul>\n<li class=\"td-classic-facebook\"><iframe frameborder src=\"https:\/\/www.facebook.com\/plugins\/like.php?href=https:\/\/www.tvbuzau.ro\/buzoianca-de-27-de-ani-cu-cancer-la-maduva-tratament-costisitor-se-cere-ajutorul-comunitatii-buzoiene\/&amp;layout=button_count&amp;show_faces=false&amp;width=105&amp;action=like&amp;colorscheme=light&amp;height=21\"><\/iframe><\/li>\n<li class=\"td-classic-twitter\"><a href=\"https:\/\/twitter.com\/share\" class=\"twitter-share-button\" data-url=\"https:\/\/www.tvbuzau.ro\/buzoianca-de-27-de-ani-cu-cancer-la-maduva-tratament-costisitor-se-cere-ajutorul-comunitatii-buzoiene\/\" data-text=\"BUZOIANC\u0102 DE 27 DE ANI CU CANCER LA M\u0102DUV\u0102! TRATAMENT COSTISITOR. SE CERE AJUTORUL COMUNIT\u0102\u021aII BUZOIENE\" data-via data-lang=\"en\">tweet<\/a><\/li>\n<\/ul>\n<\/div>\n<\/div>\n<div class=\"td-author-name vcard author\"><span class=\"fn\"><a href=\"https:\/\/www.tvbuzau.ro\/author\/mihai-vasilescu\/\">TV Buz\u0103u<\/a><\/span><\/div>\n<p><span><\/span><span><span><\/span><\/span><span><\/span><\/footer>\n<\/article>\n<p> Source URL: https:\/\/www.tvbuzau.ro\/buzoianca-de-27-de-ani-cu-cancer-la-maduva-tratament-costisitor-se-cere-ajutorul-comunitatii-buzoiene\/<\/p>\n","protected":false},"excerpt":{"rendered":"<p>Eveniment BUZOIANC\u0102 DE 27 DE ANI CU CANCER LA M\u0102DUV\u0102! TRATAMENT COSTISITOR. SE CERE AJUTORUL COMUNIT\u0102\u021aII BUZOIENE De c\u0103tre TV Buz\u0103u &#8211; ianuarie 4, 2017 0 396 Distribui\u021bi pe Facebook Distribui\u021bi pe Twitter tweet La doar 27 de ani, buzoianca Diana Jurubi\u021b\u0103, fost\u0103 Dima, se zbate \u00eentre via\u021b\u0103 \u0219i moarte. Absolventa a Scolii nr. 15 [&hellip;]<\/p>\n","protected":false},"author":1,"featured_media":0,"comment_status":"open","ping_status":"","sticky":false,"template":"","format":"standard","meta":{"footnotes":""},"categories":[2],"tags":[116],"class_list":["post-1462566","post","type-post","status-publish","format-standard","hentry","category-politics","tag-tvbuzau-ro"],"_links":{"self":[{"href":"https:\/\/analyse.optim.biz\/index.php?rest_route=\/wp\/v2\/posts\/1462566","targetHints":{"allow":["GET"]}}],"collection":[{"href":"https:\/\/analyse.optim.biz\/index.php?rest_route=\/wp\/v2\/posts"}],"about":[{"href":"https:\/\/analyse.optim.biz\/index.php?rest_route=\/wp\/v2\/types\/post"}],"author":[{"embeddable":true,"href":"https:\/\/analyse.optim.biz\/index.php?rest_route=\/wp\/v2\/users\/1"}],"replies":[{"embeddable":true,"href":"https:\/\/analyse.optim.biz\/index.php?rest_route=%2Fwp%2Fv2%2Fcomments&post=1462566"}],"version-history":[{"count":0,"href":"https:\/\/analyse.optim.biz\/index.php?rest_route=\/wp\/v2\/posts\/1462566\/revisions"}],"wp:attachment":[{"href":"https:\/\/analyse.optim.biz\/index.php?rest_route=%2Fwp%2Fv2%2Fmedia&parent=1462566"}],"wp:term":[{"taxonomy":"category","embeddable":true,"href":"https:\/\/analyse.optim.biz\/index.php?rest_route=%2Fwp%2Fv2%2Fcategories&post=1462566"},{"taxonomy":"post_tag","embeddable":true,"href":"https:\/\/analyse.optim.biz\/index.php?rest_route=%2Fwp%2Fv2%2Ftags&post=1462566"}],"curies":[{"name":"wp","href":"https:\/\/api.w.org\/{rel}","templated":true}]}}