{"id":1461374,"date":"2026-01-25T15:18:13","date_gmt":"2026-01-25T12:18:13","guid":{"rendered":"https:\/\/analyse.optim.biz\/?p=1461374"},"modified":"2026-01-25T15:18:13","modified_gmt":"2026-01-25T12:18:13","slug":"afghanistan-perche-per-leuropa-le-parole-contano-di-piu","status":"publish","type":"post","link":"https:\/\/analyse.optim.biz\/?p=1461374","title":{"rendered":"Afghanistan, perch\u00e9 per l\u2019Europa le parole contano di pi\u00f9"},"content":{"rendered":"<article id=\"post-1523508\" class=\"post-1523508 post type-post status-publish format-standard has-post-thumbnail hentry category-esteri posizione-editoriale-apertura posizione-editoriale-apertura-secondaria\">\n<div>\n<figure class=\"evidence-wrapper\"><img loading=\"lazy\" decoding=\"async\" width=\"860\" height=\"358\" src=\"https:\/\/analyse.optim.biz\/wp-content\/uploads\/2026\/01\/senza-titolo-1200-x-500-px-1200-x-500-px-1200-x-500-px-44-860x358-1.png\" class=\"attachment-single size-single wp-post-image\" alt=\"Afghanistan Stati Uniti\" title=\"Afghanistan Stati Uniti\"><\/figure>\n<p class=\"occhiello\">Il peso del passato<\/p>\n<h1>Afghanistan, perch\u00e9 per l\u2019Europa le parole contano di pi\u00f9<\/h1>\n<p class=\"sottotitolo\">Le parole contano quando parlano di guerra e sacrificio<\/p>\n<div class=\"info-condivisione\">\n<div>\n<p><span class=\"categoria\">Esteri<\/span><\/p>\n<p>\t\t\t\t\t &#8211; di <span class=\"autore\">Antonio Giordano <\/span> &#8211; <span class=\"data\">25 Gennaio 2026 alle 16:18<\/span><\/p>\n<\/div>\n<\/div>\n<div class=\"contenuto\">\n<p>Ci sono parole che non possono essere archiviate come semplici eccessi retorici. Quando toccano<strong> la guerra, il sacrificio e la memoria<\/strong> di chi ha pagato con la vita scelte collettive, esistono limiti che non possono essere superati, neppure tra <strong>alleati storici.<\/strong><\/p>\n<h2>La Nato come comunit\u00e0 di Stati sovrani, non come rapporto gerarchico<\/h2>\n<p>La <a href=\"https:\/\/www.esteri.it\/it\/politica-estera-e-cooperazione-allo-sviluppo\/organizzazioni_internazionali\/nato\/\">Nato<\/a> non \u00e8 soltanto un\u2019alleanza militare, ma una comunit\u00e0 di Stati sovrani fondata su fiducia, lealt\u00e0 e rispetto reciproco. <strong>Senza questo rispetto, l\u2019Alleanza perde credibilit\u00e0<\/strong>. Nessun Paese pu\u00f2 essere trattato come un comprimario: questa \u00e8 una linea rossa che non ha nulla di ideologico e molto di politico.<\/p>\n<div class=\"code-block code-block-6\"><\/div>\n<h2>La sensibilit\u00e0 europea nasce da una storia lunga e dolorosa<\/h2>\n<p>Per l\u2019Europa questo principio \u00e8 essenziale. Il nostro continente ha una storia lunga e dolorosa, segnata da guerre combattute sul proprio territorio e da generazioni che hanno conosciuto il costo reale dei conflitti. Quando si parla di <strong>missioni militari e di vite umane<\/strong> sacrificate, non esistono leggerezze accettabili. La memoria non \u00e8 un dettaglio, \u00e8 parte dell\u2019identit\u00e0 politica europea.<\/p>\n<h2>Europa e Stati Uniti: due storie diverse, una stessa alleanza<\/h2>\n<p>Esiste anche una<strong> differenza culturale che va riconosciuta<\/strong>. L\u2019Europa porta sulle spalle una storia multimillenaria, in cui le parole hanno un peso specifico enorme perch\u00e9 stratificate da secoli di conflitti, tragedie, riconciliazioni e memoria. Gli Stati Uniti sono una grande nazione pi\u00f9 giovane, nata in un altro contesto storico, con una relazione spesso pi\u00f9 disinvolta con il <strong>linguaggio politico e simbolico.<\/strong> \u00c8 una differenza comprensibile, ma che non pu\u00f2 diventare un alibi: nelle alleanze mature, chi ha una storia pi\u00f9 recente deve saper ascoltare la sensibilit\u00e0 di chi porta il peso del tempo.<\/p>\n<h2>Afghanistan, la prova concreta dell\u2019alleanza<\/h2>\n<p><a href=\"https:\/\/www.secoloditalia.it\/2026\/01\/afghanistan-meloni-risponde-a-trump-morti-53-soldati-italiani-700-i-feriti-parole-inaccettabili-amicizia-e-rispetto\/\">L\u2019Afghanistan<\/a> rappresenta uno snodo simbolico e concreto. Quando gli Stati Uniti sono stati attaccati, <strong>l\u2019Europa non si \u00e8 tirata indietro.<\/strong> Paesi europei hanno inviato i propri soldati, hanno condiviso rischi e hanno pagato un tributo di sangue. Questo non \u00e8 un capitolo marginale, ma il fondamento reale dell\u2019Alleanza atlantica.<\/p>\n<h2>Capire il contesto globale non significa giustificare tutto<\/h2>\n<p><strong>Rivendicare rispetto<\/strong> per questa storia non significa mettere in discussione l\u2019Alleanza, ma difenderne la seriet\u00e0. Non \u00e8 una battaglia ideologica, n\u00e9 una polemica di linguaggio. \u00c8 una richiesta di dignit\u00e0 tra alleati che hanno condiviso oneri e responsabilit\u00e0.<\/p>\n<p>Solo dentro questa cornice va letto il contesto globale. <strong>Gli Stati Uniti affrontano oggi una fase estremamente complessa<\/strong>, segnata dall\u2019escalation della corsa agli armamenti, dalla pressione strategica della Cina, dalla minaccia russa e dall\u2019instabilit\u00e0 nordcoreana. Anche le critiche rivolte all\u2019Europa sono state spesso un tentativo di <strong>stimolare una maggiore consapevolezza strategica<\/strong> e una pi\u00f9 netta assunzione di responsabilit\u00e0. Comprendere il contesto \u00e8 utile, ma non pu\u00f2 mai trasformarsi in una giustificazione.<\/p>\n<h2>Alleati, non comprimari<\/h2>\n<p><strong>L\u2019esuberanza \u00e8 accettabile solo entro confini chiari.<\/strong> Quando quei confini vengono superati, soprattutto toccando il sacrificio degli alleati, \u00e8 doveroso fermarsi e ricordare cosa tiene davvero unita l\u2019Alleanza.<\/p>\n<p>L\u2019Europa resta convintamente atlantica. Vuole restare alleata degli Stati Uniti, ma come soggetto politico consapevole. Le grandi alleanze durano solo quando si fondano su rispetto, memoria e responsabilit\u00e0 reciproca. \u00c8 questo, oggi pi\u00f9 che mai, il vero interesse dell\u2019Occidente.<\/p>\n<\/div>\n<div class=\"commentSectionContainer\">\n<p class=\"comments-title\">Non ci sono commenti, inizia una discussione<\/p>\n<\/div>\n<div id=\"comments\" class=\"comments-area closed\">\n<div id=\"respond\" class=\"comment-respond\">\n<h3 id=\"reply-title\" class=\"comment-reply-title\">Lascia un commento <small><a rel=\"nofollow\" id=\"cancel-comment-reply-link\" href=\"https:\/\/www.secoloditalia.it\/2026\/01\/afghanistan-perche-per-leuropa-le-parole-contano-di-piu\/#respond\">Annulla risposta<\/a><\/small><\/h3>\n<p class=\"comment-notes\"><span id=\"email-notes\">Il tuo indirizzo email non sar\u00e0 pubblicato.<\/span><span class=\"required-field-message\">I campi obbligatori sono contrassegnati <span class=\"required\">*<\/span><\/span><\/p>\n<\/div>\n<\/div>\n<div class=\"info-condivisione bottom\">\n<div>\n<p>di <span class=\"autore\">Antonio Giordano <\/span> &#8211; <span class=\"data\">25 Gennaio 2026<\/span><\/p>\n<\/div>\n<\/div>\n<\/div>\n<\/article>\n<p> Source URL: https:\/\/www.secoloditalia.it\/2026\/01\/afghanistan-perche-per-leuropa-le-parole-contano-di-piu\/<\/p>\n","protected":false},"excerpt":{"rendered":"<p>Il peso del passato Afghanistan, perch\u00e9 per l\u2019Europa le parole contano di pi\u00f9 Le parole contano quando parlano di guerra e sacrificio Esteri &#8211; di Antonio Giordano &#8211; 25 Gennaio 2026 alle 16:18 Ci sono parole che non possono essere archiviate come semplici eccessi retorici. Quando toccano la guerra, il sacrificio e la memoria di [&hellip;]<\/p>\n","protected":false},"author":1,"featured_media":0,"comment_status":"open","ping_status":"","sticky":false,"template":"","format":"standard","meta":{"footnotes":""},"categories":[87],"tags":[123],"class_list":["post-1461374","post","type-post","status-publish","format-standard","hentry","category-italy","tag-secoloditalia-it"],"_links":{"self":[{"href":"https:\/\/analyse.optim.biz\/index.php?rest_route=\/wp\/v2\/posts\/1461374","targetHints":{"allow":["GET"]}}],"collection":[{"href":"https:\/\/analyse.optim.biz\/index.php?rest_route=\/wp\/v2\/posts"}],"about":[{"href":"https:\/\/analyse.optim.biz\/index.php?rest_route=\/wp\/v2\/types\/post"}],"author":[{"embeddable":true,"href":"https:\/\/analyse.optim.biz\/index.php?rest_route=\/wp\/v2\/users\/1"}],"replies":[{"embeddable":true,"href":"https:\/\/analyse.optim.biz\/index.php?rest_route=%2Fwp%2Fv2%2Fcomments&post=1461374"}],"version-history":[{"count":0,"href":"https:\/\/analyse.optim.biz\/index.php?rest_route=\/wp\/v2\/posts\/1461374\/revisions"}],"wp:attachment":[{"href":"https:\/\/analyse.optim.biz\/index.php?rest_route=%2Fwp%2Fv2%2Fmedia&parent=1461374"}],"wp:term":[{"taxonomy":"category","embeddable":true,"href":"https:\/\/analyse.optim.biz\/index.php?rest_route=%2Fwp%2Fv2%2Fcategories&post=1461374"},{"taxonomy":"post_tag","embeddable":true,"href":"https:\/\/analyse.optim.biz\/index.php?rest_route=%2Fwp%2Fv2%2Ftags&post=1461374"}],"curies":[{"name":"wp","href":"https:\/\/api.w.org\/{rel}","templated":true}]}}