{"id":1461356,"date":"2026-01-26T14:03:49","date_gmt":"2026-01-26T11:03:49","guid":{"rendered":"https:\/\/analyse.optim.biz\/?p=1461356"},"modified":"2026-01-26T14:03:49","modified_gmt":"2026-01-26T11:03:49","slug":"chi-e-greg-bovino-il-direttore-dellice-litalo-americano-che-lotta-contro-limmigrazione-irregolare-e-che","status":"publish","type":"post","link":"https:\/\/analyse.optim.biz\/?p=1461356","title":{"rendered":"Chi \u00e8 Greg Bovino, il direttore dell&#8217;Ice: l&#8217;italo-americano che lotta contro l&#8217;immigrazione irregolare e che&#8230;"},"content":{"rendered":"<article id=\"post-1523658\" class=\"post-1523658 post type-post status-publish format-standard has-post-thumbnail hentry category-esteri posizione-editoriale-apertura-secondaria\">\n<div>\n<figure class=\"evidence-wrapper\"><img loading=\"lazy\" decoding=\"async\" width=\"860\" height=\"358\" src=\"https:\/\/analyse.optim.biz\/wp-content\/uploads\/2026\/01\/sbarra-2026-01-26t153607-112-860x358-1.jpg\" class=\"attachment-single size-single wp-post-image\" alt=\"Greg Bovino\" title=\"Greg Bovino\"><\/figure>\n<p class=\"occhiello\">Il ritratto<\/p>\n<h1>Chi \u00e8 Greg Bovino, il direttore dell\u2019Ice: l\u2019italo-americano che lotta contro l\u2019immigrazione irregolare e che proviene dalla Calabria<\/h1>\n<p class=\"sottotitolo\">Il bisnonno di Greg, Michele, arriv\u00f2 in Pennsylvania per fare il minatore, lasciando la famiglia ad Aprigliano, in provincia di Cosenza<\/p>\n<div class=\"info-condivisione\">\n<div>\n<p><span class=\"categoria\">Esteri<\/span><\/p>\n<p>\t\t\t\t\t &#8211; di <span class=\"autore\">Paolo Desideri<\/span> &#8211; <span class=\"data\">26 Gennaio 2026 alle 15:03<\/span><\/p>\n<\/div>\n<\/div>\n<div class=\"contenuto\">\n<p><strong>C\u2019\u00e8 un italiano alla guida dell\u2019Ice,<\/strong> l\u2019organismo americano deputato all\u2019espulsione degli immigrati regolari, che oggi \u00e8 al centro delle polemiche. Si chiama Greg Bovino, ha 56 anni ed \u00e8 originario della Calabria. Il ritratto di uno degli uomini pi\u00f9 rilevanti sul piano mediatico richiama sempre alla tradizione dei nostri emigranti partiti per il Nordamerica i cui nipoti e pro-nipoti hanno fatto fortuna.<\/p>\n<h2>Originario di Aprigliano<\/h2>\n<p><a href=\"https:\/\/www.ilgiornaleditalia.it\/news\/esteri\/765055\/ice-chi-e-gregory-bovino-comandante-in-capo-italo-americano-delle-operazioni-anti-immigrazione-leader-della-us-border-patrol-e-originario-di-calabria.html\">Il legame con l\u2019Italia e la Calabria passa dal nonno Vincenzo<\/a>, emigrato negli Stati Uniti nel maggio del 1924, nel periodo in cui proprio gli USA varavano leggi restrittive per limitare l\u2019ingresso di immigrati provenienti dal Sud e dall\u2019Est Europa.<\/p>\n<div class=\"code-block code-block-6\"><\/div>\n<div class=\"correlati_contento\"><span class=\"tecFont\">Leggi anche<\/span><\/p>\n<ul>\n<li><a href=\"https:\/\/www.secoloditalia.it\/2026\/01\/piantedosi-smonta-lo-scoop-del-fatto-quotidiano-sullice-americana-alle-olimpiadi-non-mi-risulta\/?utm_source=content&amp;utm_medium=related&amp;utm_campaign=middle\">Piantedosi smonta lo &#8220;scoop&#8221; del Fatto Quotidiano sull&#8217;Ice a Milano-Cortina: \u00abNon mi risulta\u00bb<\/a><\/li>\n<li><a href=\"https:\/\/www.secoloditalia.it\/2026\/01\/la-forza-speciale-anti-migranti-di-trump-anche-in-italia-piantedosi-nega-e-sullice-nuova-bufera-un-altro-morto\/?utm_source=content&amp;utm_medium=related&amp;utm_campaign=middle\">La forza speciale anti-migranti di Trump anche in Italia? Piantedosi nega. E sull&#8217;Ice nuova bufera: un altro morto<\/a><\/li>\n<\/ul>\n<\/div>\n<p>Il nonno partii per l\u2019America da Aprigliano, un paesino in provincia di Cosenza, noto per avere dato i natali a un sacerdote satirico \u201cDonnu Pantu\u201d.<\/p>\n<p><strong>Il bisnonno di Greg, Michele, arriv\u00f2 in Pennsylvania per fare il minatore, lasciando la famiglia ad Aprigliano. Solo quindici anni dopo avvi\u00f2 le pratiche per ottenere la naturalizzazione e riusc\u00ec a far arrivare oltreoceano la moglie e i quattro figli tra cui Vincenzo, nonno del comandante<\/strong>. E proprio in quell\u2019anno \u2013 era il 1924 -nasceva la Border Patrol per ridurre il numero di italiani e di altri immigrati dal Sud e dal\u2019Europa.<\/p>\n<h2>La carriera di Greg<\/h2>\n<p>Cresciuto negli Stati Uniti \u2013\u00a0<em>come riporta il CorSera<\/em>\u00a0\u2013 Bovino si laurea in\u00a0<strong>conservazione delle risorse naturali<\/strong>, consegue due master \u2013 uno in\u00a0<strong>pubblica amministrazione<\/strong>\u00a0e uno al prestigioso\u00a0<strong>National War College<\/strong>\u00a0\u2013 e nel 1996 entra nella Border Patrol, iniziando la carriera nel settore di\u00a0<strong>El Centro<\/strong>, nel sud della California. Qui costruisce il suo profilo operativo in un contesto segnato dal traffico di droga e dall\u2019immigrazione irregolare lungo il confine con il Messico.<\/p>\n<p>Bovino ha 55 anni ed \u00e8 cresciuto a Blowing Rock, una piccola cittadina di montagna nella North Carolina occidentale, nel cuore della cosiddetta\u00a0<strong>Bible Belt<\/strong>. Un ambiente conservatore, comunitario, fortemente segnato da valori religiosi e dall\u2019idea di ordine. A scuola pratica\u00a0<strong>wrestling<\/strong>: non \u00e8 un talento naturale, ma viene ricordato come disciplinato, determinato, rispettoso delle gerarchie. <a href=\"https:\/\/www.secoloditalia.it\/2026\/01\/anm-da-follia-i-giudici-utilizzano-il-morto-di-minneapolis-per-fare-propaganda-al-no-negli-usa-si-ispirano-a-nordio\/\">Non \u00e8 mai stato ad Aprigliano, paese d\u2019origine della sua famiglia.<\/a><\/p>\n<p>\u00a0<\/p>\n<\/div>\n<div class=\"commentSectionContainer\">\n<p class=\"comments-title\">Non ci sono commenti, inizia una discussione<\/p>\n<\/div>\n<div id=\"comments\" class=\"comments-area closed\">\n<div id=\"respond\" class=\"comment-respond\">\n<h3 id=\"reply-title\" class=\"comment-reply-title\">Lascia un commento <small><a rel=\"nofollow\" id=\"cancel-comment-reply-link\" href=\"https:\/\/www.secoloditalia.it\/2026\/01\/chi-e-greg-bovino-il-direttore-dellice-litalo-americano-che-lotta-contro-limmigrazione-irregolare-e-che-proviene-dalla-calabria\/#respond\">Annulla risposta<\/a><\/small><\/h3>\n<p class=\"comment-notes\"><span id=\"email-notes\">Il tuo indirizzo email non sar\u00e0 pubblicato.<\/span><span class=\"required-field-message\">I campi obbligatori sono contrassegnati <span class=\"required\">*<\/span><\/span><\/p>\n<\/div>\n<\/div>\n<div class=\"info-condivisione bottom\">\n<div>\n<p>di <span class=\"autore\">Paolo Desideri<\/span> &#8211; <span class=\"data\">26 Gennaio 2026<\/span><\/p>\n<\/div>\n<\/div>\n<div class=\"correlati\">\n<p>Leggi anche<\/p>\n<div>\n<article>\n<figure><a href=\"https:\/\/www.secoloditalia.it\/2026\/01\/trump-difende-lice-ma-rivede-la-sua-presenza-a-minneapolis-non-mi-piace-sparare-clinton-e-obama-lo-attaccano\/\" aria-label=\"Trump difende l\u2019Ice ma rivede la sua presenza a Minneapolis: \u201cNon mi piace sparare\u201c. Clinton e Obama lo attaccano\" class=\"lower\"><img loading=\"lazy\" decoding=\"async\" width=\"370\" height=\"154\" src=\"https:\/\/analyse.optim.biz\/wp-content\/uploads\/2026\/01\/senza-titolo-1200-x-500-px-1200-x-500-px-1200-x-500-px-46-370x154-1.png\" class=\"attachment-standard-lower size-standard-lower wp-post-image\" alt=\"Greg Bovino\" title=\"Greg Bovino\"><\/a><\/figure>\n<div>\n<p class=\"occhiello\">Caso sotto esame<\/p>\n<p><a href=\"https:\/\/www.secoloditalia.it\/2026\/01\/trump-difende-lice-ma-rivede-la-sua-presenza-a-minneapolis-non-mi-piace-sparare-clinton-e-obama-lo-attaccano\/?utm_source=content&amp;utm_medium=related&amp;utm_campaign=bottom\"><\/p>\n<h3>Trump difende l\u2019Ice ma rivede la sua presenza a Minneapolis: \u201cNon mi piace sparare\u201c. Clinton e Obama lo attaccano<\/h3>\n<p><\/a><\/div>\n<\/article>\n<article>\n<figure><a href=\"https:\/\/www.secoloditalia.it\/2026\/01\/anm-da-follia-i-giudici-utilizzano-il-morto-di-minneapolis-per-fare-propaganda-al-no-negli-usa-si-ispirano-a-nordio\/\" aria-label=\"Anm da follia. I giudici utilizzano il morto di Minneapolis per fare propaganda al No. \" class=\"lower\"><img loading=\"lazy\" decoding=\"async\" width=\"370\" height=\"154\" src=\"https:\/\/analyse.optim.biz\/wp-content\/uploads\/2026\/01\/referendum-anm-370x154-1.jpg\" class=\"attachment-standard-lower size-standard-lower wp-post-image\" alt=\"Greg Bovino\" title=\"Greg Bovino\"><\/a><\/figure>\n<div>\n<p class=\"occhiello\">La guerra delle toghe<\/p>\n<p><a href=\"https:\/\/www.secoloditalia.it\/2026\/01\/anm-da-follia-i-giudici-utilizzano-il-morto-di-minneapolis-per-fare-propaganda-al-no-negli-usa-si-ispirano-a-nordio\/?utm_source=content&amp;utm_medium=related&amp;utm_campaign=bottom\"><\/p>\n<h3>Anm da follia. I giudici utilizzano il morto di Minneapolis per fare propaganda al No. &#8220;Negli Usa si ispirano a Nordio&#8221;<\/h3>\n<p><\/a><\/div>\n<\/article>\n<\/div>\n<\/div>\n<\/div>\n<\/article>\n<p> Source URL: https:\/\/www.secoloditalia.it\/2026\/01\/chi-e-greg-bovino-il-direttore-dellice-litalo-americano-che-lotta-contro-limmigrazione-irregolare-e-che-proviene-dalla-calabria\/<\/p>\n","protected":false},"excerpt":{"rendered":"<p>Il ritratto Chi \u00e8 Greg Bovino, il direttore dell\u2019Ice: l\u2019italo-americano che lotta contro l\u2019immigrazione irregolare e che proviene dalla Calabria Il bisnonno di Greg, Michele, arriv\u00f2 in Pennsylvania per fare il minatore, lasciando la famiglia ad Aprigliano, in provincia di Cosenza Esteri &#8211; di Paolo Desideri &#8211; 26 Gennaio 2026 alle 15:03 C\u2019\u00e8 un italiano [&hellip;]<\/p>\n","protected":false},"author":1,"featured_media":0,"comment_status":"open","ping_status":"","sticky":false,"template":"","format":"standard","meta":{"footnotes":""},"categories":[87],"tags":[123],"class_list":["post-1461356","post","type-post","status-publish","format-standard","hentry","category-italy","tag-secoloditalia-it"],"_links":{"self":[{"href":"https:\/\/analyse.optim.biz\/index.php?rest_route=\/wp\/v2\/posts\/1461356","targetHints":{"allow":["GET"]}}],"collection":[{"href":"https:\/\/analyse.optim.biz\/index.php?rest_route=\/wp\/v2\/posts"}],"about":[{"href":"https:\/\/analyse.optim.biz\/index.php?rest_route=\/wp\/v2\/types\/post"}],"author":[{"embeddable":true,"href":"https:\/\/analyse.optim.biz\/index.php?rest_route=\/wp\/v2\/users\/1"}],"replies":[{"embeddable":true,"href":"https:\/\/analyse.optim.biz\/index.php?rest_route=%2Fwp%2Fv2%2Fcomments&post=1461356"}],"version-history":[{"count":0,"href":"https:\/\/analyse.optim.biz\/index.php?rest_route=\/wp\/v2\/posts\/1461356\/revisions"}],"wp:attachment":[{"href":"https:\/\/analyse.optim.biz\/index.php?rest_route=%2Fwp%2Fv2%2Fmedia&parent=1461356"}],"wp:term":[{"taxonomy":"category","embeddable":true,"href":"https:\/\/analyse.optim.biz\/index.php?rest_route=%2Fwp%2Fv2%2Fcategories&post=1461356"},{"taxonomy":"post_tag","embeddable":true,"href":"https:\/\/analyse.optim.biz\/index.php?rest_route=%2Fwp%2Fv2%2Ftags&post=1461356"}],"curies":[{"name":"wp","href":"https:\/\/api.w.org\/{rel}","templated":true}]}}