{"id":146112,"date":"2017-02-23T15:11:44","date_gmt":"2017-02-23T12:11:44","guid":{"rendered":"https:\/\/analyse.optim.biz\/?p=146112"},"modified":"2017-02-23T15:11:44","modified_gmt":"2017-02-23T12:11:44","slug":"o-noua-afacere-panseluta-negoita-vrea-sa-cheltuie-78-de-milioane-de-euro-pentru-amenajari-in-sectorul-3","status":"publish","type":"post","link":"https:\/\/analyse.optim.biz\/?p=146112","title":{"rendered":"O nou\u0103 &#8220;afacere panselu\u0163a&#8221;: Negoi\u0163\u0103 vrea s\u0103 cheltuie 78 de milioane de euro pentru amenaj\u0103ri \u00een Sectorul 3"},"content":{"rendered":"<div class=\"entry data-app-meta data-app-meta-article\" data-embed-base-url-canonical=\"https:\/\/www.digi24.ro\/embed\/stiri\/actualitate\/politica\/negoita-vrea-sa-cheltuie-78-milioane-euro-pentru-amenajarea-parcurilor-din-sectorul-3-675505\">\n<p data-index=\"1\"><strong>Prim\u0103ria Sectorului 3 a Capitalei, condus\u0103 de Robert Negoi\u0163\u0103, vrea s\u0103 cheltuie 353,8 milioane lei (78,3 milioane euro) pentru amenajarea \u015fi \u00eentre\u0163inerea parcurilor \u015fi a locurilor de joac\u0103 din Zona I \u015fi a Parcului Pantelimon, pentru urm\u0103torii patru ani, potrivit unui anun\u0163 publicat pe Sistemul Electronic de Achizi\u0163ii Publice (SEAP).<\/strong><\/p>\n<p data-index=\"2\"><img loading=\"lazy\" decoding=\"async\" class=\"alignnone size-full wp-image-675516\" src=\"https:\/\/analyse.optim.biz\/wp-content\/uploads\/2024\/09\/nwzlymqzyjflnznlotq5mzi0yti5mdeznmvlnji1-thumb_.jpg\" alt=\"robert negoita fb\" width=\"2048\" height=\"1365\" data-skip-htmlfix=\"1\" title=\"nwzlymqzyjflnznlotq5mzi0yti5mdeznmvlnji1-thumb_\"><\/p>\n<p data-index=\"3\">Contractul vizeaz\u0103 \u201e<strong>servicii de amenajare \u015fi \u00eentre\u0163inere zone verzi, parcuri, locuri de joac\u0103, agrement \u015fi mobilier urban \u00een sectorul 3 (Zona I \u015fi Parc Pantelimon)\u201d<\/strong>. Prim\u0103ria vrea s\u0103 \u00eencheie acest acord-cadru, cu o durat\u0103 de 48 de luni, cu maximum trei firme.<\/p>\n<p data-index=\"4\">\u00cen cadrul acestui acord, prim\u0103ria vrea s\u0103 acorde 30 de contracte pe an. Valoarea celui mai mare contract subsecvent este 44,22 milioane lei (9,8 milioane euro), cu TVA, iar a celui mai mic contract subsecvent este de 286.282 lei (63.315 euro), cu TVA.<\/p>\n<p data-index=\"5\">Cuantumul garan\u0163iei de participare este de 371.000 lei, iar al garan\u0163iei de bun\u0103 execu\u0163ie este de 10% din valoarea contractului f\u0103r\u0103 TVA. Firmele participante trebuie s\u0103 fac\u0103 dovada unei cifre de afaceri medii pe ultimii trei ani (2013, 2014 \u015fi 2015), cel pu\u0163in egal\u0103 cu 37,16 milioane lei.<\/p>\n<p data-index=\"6\">Termenul limit\u0103 pentru depunerea cererilor de documente sau pentru acces la documente este 31 martie, iar pentru primirea ofertelor sau a cererilor de participare este 3 aprilie. Data limit\u0103 de evaluare a ofertelor este 29 decembrie 2017.<\/p>\n<p data-index=\"7\">\u00cen luna ianuarie a acestui an, prim\u0103ria Sectorului 3 a mai lansat o licita\u0163ie pentru achizi\u0163ia de mobilier urban cu o valoare estimat\u0103 la 931,6 milioane lei (206,1 milioane euro), cu TVA, pentru un acord cadru pe patru ani. Licita\u0163ia a fost ulterior anulat\u0103.<\/p>\n<p data-index=\"8\">\u00cen 2016, dezm\u0103\u021bul \u00een cheltuirea banului public \u00een sectorul p\u0103storit de Robert Negoi\u021b\u0103 a fost constatat de Curtea de Conturi. Edilul\u00a0a cheltuit 4,5 milioane lei pentru arbori care s-au uscat sau au fost fura\u021bi, paguba neput\u00e2nd fi recuperat\u0103 deoarece contractele nu prevedeau vreo garan\u021bie de la furnizor.<\/p>\n<p data-index=\"9\">Auditul a mai relevat faptul c\u0103 prim\u0103ria a pl\u0103tit aproape 2.500 lei pentru un tei, de\u0219i cu doi ani \u00eenainte d\u0103duse doar 20-30 lei.<\/p>\n<p data-index=\"10\">Alte cump\u0103r\u0103turi la pre\u021buri exorbitante:\u00a0b\u0103nci de 20.000 lei, co\u0219uri de gunoi din lemn exotic \u0219i metal de 37.000 lei, \u201ecomplex ornamental compus din ghiveci \u0219i banc\u0103 betonat\u0103\u201d de 2,8 milioane lei sau juc\u0103rii pe arc de 11.500 lei.<\/p>\n<\/div>\n<p> Source URL: https:\/\/www.digi24.ro\/stiri\/actualitate\/politica\/negoita-vrea-sa-cheltuie-78-milioane-euro-pentru-amenajarea-parcurilor-din-sectorul-3-675505<\/p>\n","protected":false},"excerpt":{"rendered":"<p>Prim\u0103ria Sectorului 3 a Capitalei, condus\u0103 de Robert Negoi\u0163\u0103, vrea s\u0103 cheltuie 353,8 milioane lei (78,3 milioane euro) pentru amenajarea \u015fi \u00eentre\u0163inerea parcurilor \u015fi a locurilor de joac\u0103 din Zona I \u015fi a Parcului Pantelimon, pentru urm\u0103torii patru ani, potrivit unui anun\u0163 publicat pe Sistemul Electronic de Achizi\u0163ii Publice (SEAP). Contractul vizeaz\u0103 \u201eservicii de amenajare [&hellip;]<\/p>\n","protected":false},"author":1,"featured_media":146113,"comment_status":"open","ping_status":"","sticky":false,"template":"","format":"standard","meta":{"footnotes":""},"categories":[2],"tags":[11],"class_list":["post-146112","post","type-post","status-publish","format-standard","has-post-thumbnail","hentry","category-politics","tag-digi24"],"_links":{"self":[{"href":"https:\/\/analyse.optim.biz\/index.php?rest_route=\/wp\/v2\/posts\/146112","targetHints":{"allow":["GET"]}}],"collection":[{"href":"https:\/\/analyse.optim.biz\/index.php?rest_route=\/wp\/v2\/posts"}],"about":[{"href":"https:\/\/analyse.optim.biz\/index.php?rest_route=\/wp\/v2\/types\/post"}],"author":[{"embeddable":true,"href":"https:\/\/analyse.optim.biz\/index.php?rest_route=\/wp\/v2\/users\/1"}],"replies":[{"embeddable":true,"href":"https:\/\/analyse.optim.biz\/index.php?rest_route=%2Fwp%2Fv2%2Fcomments&post=146112"}],"version-history":[{"count":0,"href":"https:\/\/analyse.optim.biz\/index.php?rest_route=\/wp\/v2\/posts\/146112\/revisions"}],"wp:featuredmedia":[{"embeddable":true,"href":"https:\/\/analyse.optim.biz\/index.php?rest_route=\/wp\/v2\/media\/146113"}],"wp:attachment":[{"href":"https:\/\/analyse.optim.biz\/index.php?rest_route=%2Fwp%2Fv2%2Fmedia&parent=146112"}],"wp:term":[{"taxonomy":"category","embeddable":true,"href":"https:\/\/analyse.optim.biz\/index.php?rest_route=%2Fwp%2Fv2%2Fcategories&post=146112"},{"taxonomy":"post_tag","embeddable":true,"href":"https:\/\/analyse.optim.biz\/index.php?rest_route=%2Fwp%2Fv2%2Ftags&post=146112"}],"curies":[{"name":"wp","href":"https:\/\/api.w.org\/{rel}","templated":true}]}}