{"id":146028,"date":"2017-02-28T09:26:27","date_gmt":"2017-02-28T06:26:27","guid":{"rendered":"https:\/\/analyse.optim.biz\/?p=146028"},"modified":"2017-02-28T09:26:27","modified_gmt":"2017-02-28T06:26:27","slug":"mapn-isi-face-bilantul-pe-2016-in-prezenta-presedintelui-iohannis-si-a-premierului-grindeanu","status":"publish","type":"post","link":"https:\/\/analyse.optim.biz\/?p=146028","title":{"rendered":"MApN \u00ee\u015fi face bilan\u0163ul pe 2016, \u00een prezen\u0163a pre\u015fedintelui Iohannis \u015fi a premierului Grindeanu"},"content":{"rendered":"<div class=\"entry data-app-meta data-app-meta-article\" data-embed-base-url-canonical=\"https:\/\/www.digi24.ro\/embed\/stiri\/actualitate\/politica\/mapn-isi-face-bilantul-pe-2016-in-prezenta-presedintelui-iohannis-si-a-premierului-grindeanu-678194\">\n<p data-index=\"1\"><strong>Pre\u015fedintele Klaus Iohannis \u015fi premierul Sorin Grindeanu particip\u0103, mar\u0163i, de la ora 11, la autoevaluarea activit\u0103\u0163ii Ministerului Ap\u0103r\u0103rii Na\u0163ionale pe anul 2016. Fa\u0163\u0103 de anul precedent, MApN are un buget apreciabil m\u0103rit, \u00eens\u0103 r\u0103m\u00e2ne sub semnul \u00eentreb\u0103rii consensul politic privind un program important de \u00eenzestrare, cel pentru patru corvete multifunc\u0163ionale, aprobat de guvernul Ciolo\u015f la sf\u00e2r\u015fitul anului trecut, scrie News.ro.<\/strong><\/p>\n<figure class=\"article-thumb\"><img decoding=\"async\" src=\"https:\/\/analyse.optim.biz\/wp-content\/uploads\/2024\/09\/njc2mjzkytm3mwqzztyxmdcyngzjmtq3yme4zjcx-thumb_-2.jpg\" alt=\"170118_IOHANNIS_GRINDEANU_16_INQUAM_Octav_Ganea\" data-skip-htmlfix=\"1\" title=\"njc2mjzkytm3mwqzztyxmdcyngzjmtq3yme4zjcx-thumb_-2\"><figcaption> Foto: Inquam Photos \/ Octav Ganea <\/figcaption><\/figure>\n<p data-index=\"2\">Bugetul Ap\u0103r\u0103rii a fost subiect de controverse politice la \u00eenceputul acestui an. Noul ministru al Ap\u0103r\u0103rii, Gabriel Le\u015f, declara pe 4 ianuarie, \u00een cadrul audierii sale pentru numirea \u00een func\u0163ie \u00een comisiilor parlamentare de ap\u0103rare, c\u0103 MApN \u00ee\u015fi propune s\u0103 continue programele de \u00eenzestrare ale armatei, f\u0103c\u00e2nd referire la achizi\u0163ia avioanelor F16 \u015fi preconizata cump\u0103rare a patru corvete construite de c\u0103tre compania Damen la \u015fantierul naval de la Gala\u0163i. De altfel, Le\u015f a fost secretar de stat \u00een guvernul precedent ocup\u00e2ndu-se \u00een special de programele de \u00eenzestrare.<\/p>\n<p data-index=\"3\">Controversele au ap\u0103rut dup\u0103 ce Ministerul de Finan\u0163e a f\u0103cut public\u0103 prima variant\u0103 a bugetului de stat, \u00een care Ministerul Ap\u0103r\u0103rii Na\u0163ionale nu primea cei 2% din PIB, de\u015fi era obliga\u0163ie asumat\u0103 de Rom\u00e2nia fa\u0163\u0103 de alia\u0163ii din NATO. Exista \u00eens\u0103 posibilitatea ca MApN s\u0103 ajung\u0103 la un buget de 2,18% cu ajutorul unor credite de angajament, fa\u0163\u0103 de 1,3% provenit din credite bugetare. Astfel, pe l\u00e2ng\u0103 cele 11 miliarde lei alocate direct de la buget, Ap\u0103rarea ar fi putut primi, ipotetic p\u00e2n\u0103 la 18,6 miliarde lei, prin credite de angajament.<\/p>\n<p data-index=\"4\">La o zi dup\u0103 publicarea proiectului de buget, pre\u015fedintele PSD, Liviu Dragnea, pe 24 ianuarie, a anun\u0163at c\u0103 bugetul va fi revizuit, la solicitarea sa \u015fi a primului-ministru Sorin Grindeanu, astfel \u00eenc\u00e2t cei 2% s\u0103 fie asigura\u0163i din credite bugetar.\u00a0Liviu Dragnea a sus\u0163inut c\u0103 \u015fi, \u00een varianta ini\u0163ial\u0103, era prev\u0103zut acela\u015fi procent de 2%.<\/p>\n<p data-index=\"5\">\u201e<em>La Ap\u0103rare prev\u0103zuser\u0103 2% compus din 1,5% credite bugetar \u015fi 0,5% credite de angajament care st\u0103tea \u00een picioare \u00een sensul c\u0103 au spus c\u0103 o parte din investi\u0163ii nu pot fi efectiv pl\u0103tite \u00een acest an, dar solicitarea mea \u015fi a primului-ministru a fost foarte clar\u0103: s\u0103 fie 2% pentru Ap\u0103rare din credite bugetare pentru c\u0103 este un angajament. Dac\u0103 Ministerul Ap\u0103r\u0103rii nu va fi \u00een stare s\u0103 cheltuie ace\u015fti bani, o s\u0103 vedem la vremea respectiv\u0103<\/em>\u201d, a spus Dragnea.<\/p>\n<p data-index=\"6\">Tot pe 24 ianuarie, pre\u015fedintele Klaus Iohannis\u00a0a spus c\u0103 va studia cu aten\u0163ie nu doar dac\u0103 este respectat angajamentul Rom\u00e2niei fa\u0163\u0103 de NATO de a aloca 2% din PIB pentru ap\u0103rare.<\/p>\n<p data-index=\"7\">\u201e<em>Pentru mine un punct extrem de important va fi bugetul pe securitate na\u0163ional\u0103 \u015fi asta nu \u00eenseamn\u0103 nu doar armata. O s\u0103 m\u0103 uit cu foarte mare aten\u0163ie pentru c\u0103, indiferent de jocurile politice, cu securitatea na\u0163ional\u0103 nu are voie s\u0103 se joace nimeni (&#8230;) Dac\u0103 intr\u0103m \u00een zone de revan\u015fisme politice, am face o mare eroare<\/em>\u201d, a declarat Klaus Iohannis.<\/p>\n<p data-index=\"8\">\u00cen varianta final\u0103, adoptat\u0103 de c\u0103tre Parlament, bugetul Ap\u0103r\u0103rii a crescut p\u00e2n\u0103 la pragul de 2%. <strong>Ministrul Le\u015f a precizat c\u0103 peste 47% din buget merge c\u0103tre \u00eenzestrare. Astfel, Ministerul Ap\u0103r\u0103rii Na\u0163ionale, care va avea un buget de 16,32 miliarde lei. Noul buget este \u00een cre\u015ftere cu 52% fa\u0163\u0103 de nivelul din 2016<\/strong>.<\/p>\n<p data-index=\"9\">Efortul depus de Rom\u00e2nia pentru suplimentarea aloc\u0103rii pentru sectorul ap\u0103r\u0103rii a fost apreciat pe plan extern.\u00a0Jens Stoltenberg, secretarul general al NATO, afirm\u0103, \u00eentr-o declara\u0163ie remis\u0103 presei pe 16 februarie, c\u0103 Rom\u00e2nia a devenit un exemplu pentru celelalte state NATO prin alocarea a 2% din PIB, Stoltenberg salut\u00e2nd angajamentul ferm al Rom\u00e2niei fa\u0163\u0103 de Alian\u0163\u0103 at\u00e2t militar, c\u00e2t \u015fi financiar.<\/p>\n<p data-index=\"10\">\u201e<em>Felicit Rom\u00e2nia pentru eforturile majore s\u0103 creasc\u0103 bugetul Ap\u0103r\u0103rii la 2% din PIB \u00een anul 2017. \u00centr-o lume cu amenin\u0163\u0103ri complexe \u015fi cresc\u00e2nde, avem nevoie at\u00e2t de cheltuieli mai mari cu ap\u0103rarea, c\u00e2t \u015fi de o \u00eemp\u0103r\u0163ire mai echitabil\u0103 a poverii. Rom\u00e2nia le furnizeaz\u0103 pe am\u00e2ndou\u0103 d\u00e2nd un exemplu de urmat pentru ceilal\u0163i alia\u0163i<\/em>\u201d, se arat\u0103 \u00een declara\u0163ia lui Jens Stoltenberg.<\/p>\n<p data-index=\"11\">R\u0103m\u00e2ne incert\u0103 achizi\u0163ia corvetelor preconizat\u0103 de c\u0103tre guvernul Ciolo\u015f.\u00a0Guvernul a aprobat, pe 29 noiembrie 2016, Hot\u0103r\u00e2rea pentru achizi\u0163ia a patru corvete multirol, care vor fi produse la \u015eantierul Naval Damen Gala\u0163i S.A. Valoarea estimat\u0103 a programului, pe \u00eentreaga perioad\u0103 de \u015fapte ani, este de 1,6 miliarde euro, inclusiv TVA, sum\u0103 \u00een care sunt cuprinse \u015fi achizi\u0163ia muni\u0163iilor \u015fi suportul logistic ini\u0163ial, care include \u015fi instruirea echipajelor, precizeaz\u0103 Guvernul.<\/p>\n<p data-index=\"12\">Construc\u0163ia \u015fi dotarea navelor se vor realiza \u00een Rom\u00e2nia, la \u015eantierul Naval Damen Gala\u0163i S.A, parte a Damen Shipyards Group-Olanda, care va colabora cu operatori economici din industria na\u0163ional\u0103 de ap\u0103rare, at\u00e2t \u00een activitatea de realizare propriu-zis\u0103 a corvetelor, c\u00e2t \u015fi \u00een proiecte de modernizare a altor nave din dotarea For\u0163elor Navale Rom\u00e2ne, respectiv a celorlalte obliga\u0163ii de ac\u0163iuni compensatorii (offset) ce revin companiei olandeze. Conform procedurii specifice avute \u00een vedere, activit\u0103\u0163ile compensatorii aferente contractului se vor desf\u0103\u015fura prioritar \u00een urm\u0103toarele domenii: activitatea de modernizare a altor capabilit\u0103\u0163i ale for\u0163elor navale rom\u00e2ne, realizarea facilit\u0103\u0163ilor de instruire, constituirea centrului de mentenan\u0163\u0103 \u015fi a facilit\u0103\u0163ilor de depozitare a muni\u0163iilor \u00een Rom\u00e2nia.<\/p>\n<p data-index=\"13\">Fiind vorba de un contract de achizi\u0163ie de armament cu costuri foarte mari, este nevoie de acordul Parlamentului, potrivit legii.\u00a0<\/p>\n<p data-index=\"14\">Pre\u015fedintele PSD, Liviu Dragnea, a afirmat, miercuri, c\u0103 Guvernul Grindeanu ar trebui s\u0103 anuleze Hot\u0103r\u00e2rea de Guvern prin care Cabinetul Ciolo\u015f a aprobat procedura de achizi\u0163ie a patru corvete de la compania Damen \u00eentruc\u00e2t achizi\u0163ia nu a fost nu aprobat\u0103 de c\u0103tre Parlament.<\/p>\n<p data-index=\"15\">\u201e<em>Hot\u0103r\u00e2rea de Guvern nu putea fi adoptat\u0103 f\u0103r\u0103 s\u0103 existe aprobarea Parlamentului. Ceea ce cred eu c\u0103 va face Guvernul \u015fi trebuie s\u0103 fac\u0103 este s\u0103 abroge acea Hot\u0103r\u00e2re de Guvern \u015fi s\u0103 reia procedura legal\u0103 care \u00eenseamn\u0103 eventual memorandum \u00een Guvern, solicitarea de la Parlament pentru aprobare dup\u0103 care s\u0103 purcead\u0103 la Hot\u0103r\u00e2rea de Guvern care s\u0103 aib\u0103 un rezultat sau altul<\/em>\u201d, a declarat Liviu Dragnea, miercuri, la\u00a0un post de televiziune<\/p>\n<p data-index=\"16\">Potrivit liderului PSD, abrogarea HG ar trebui urmat\u0103 de o analiz\u0103 suplimentar\u0103 a condi\u0163iilor de achizi\u0163ie a corvetelor multifunc\u0163ionale. \u201e<em>Din punct de vedere al pre\u0163ului, din punct de vedere al dimensiunii offset-ului \u00een Rom\u00e2nia, din punct de vedere al utilit\u0103\u0163ii tehnicii militare respective \u015fi din punct de vedere al pozi\u0163ion\u0103rii noastre strategice cu partenerii din NATO. Toate aceste elemente trebuie luate \u00een calcul pentru c\u0103 a\u015fa face orice \u0163ar\u0103 din lume<\/em>\u201d, a mai spus Dragnea.<\/p>\n<p data-index=\"17\">Fostul premier Dacian Ciolo\u015f \u015fi fostul ministru al Ap\u0103r\u0103rii Mihnea Motoc au dat publicit\u0103\u0163ii, joi, o declara\u0163ie de pres\u0103 \u00een care sus\u0163in c\u0103 Hot\u0103r\u00e2rea de Guvern a respectat procedura legal\u0103 pentru achizi\u0163iile importante de tehnic\u0103 militar\u0103 \u00eentruc\u00e2t actul normativ nu reprezint\u0103 un contract, ci doar stabile\u015fte procedura de urmat.<\/p>\n<p data-index=\"18\">\u201e<em>\u00cen conformitate cu prevederile legale existente, ini\u0163ierea achizi\u0163iei publice ar fi avut loc numai dup\u0103 aprobarea condi\u0163iilor de achizi\u0163ie de c\u0103tre Parlamentul Rom\u00e2niei. Urm\u00e2nd \u00eentru totul procedura stabilit\u0103 de lege, \u00een mod transparent, Guvernul a informat Parlamentul Rom\u00e2niei, c\u0103ruia i-a solicitat aprobarea prin Lege a condi\u0163iilor de achizi\u0163ie a navelor militare marine respective. \u00cen absen\u0163a unui aviz din partea Parlamentului, Guvernul, la acea data, nu a luat nicio decizie \u00een privin\u0163a negocierilor, tocmai pentru c\u0103 procedura legal\u0103 a aviz\u0103rii de c\u0103tre Parlament nu era finalizat\u0103<\/em>\u201d, spun Dacian Ciolo\u015f \u015fi Mihnea Motoc.<\/p>\n<p data-index=\"19\">Cei doi nu contest\u0103 dreptul actualului guvern de a sista negocierile cu compania olandez\u0103 Damen pe baza unor considerente de oportunitate, \u00eens\u0103 nu invoc\u00e2nd o nelegalitate a hot\u0103r\u00e2rii adoptate de Guvernul Ciolo\u015f. \u201e<em>Respingem categoric ideea c\u0103 o astfel de abrogare ar putea avea ca temei nerespectarea condi\u0163iilor legale de adoptare a Hot\u0103r\u0103rii de Guvern respective. Prin anularea acestei proceduri de achizi\u0163ie, Guvernul actual trebuie s\u0103-\u015fi asume \u015fi c\u0103 renun\u0163\u0103 la construc\u0163ia unor nave militare \u00een \u015fantierele navale din Rom\u00e2nia, din Gala\u0163i \u015fi Constan\u0163a, unde lucreaz\u0103 peste 25.000 de rom\u00e2ni \u015fi care asigura \u00een acela\u015fi timp un nivel de investi\u0163ii de peste 1,6 miliarde euro<\/em>\u201d, precizeaz\u0103 Ciolo\u015f \u015fi Motoc.<\/p>\n<\/div>\n<p> Source URL: https:\/\/www.digi24.ro\/stiri\/actualitate\/politica\/mapn-isi-face-bilantul-pe-2016-in-prezenta-presedintelui-iohannis-si-a-premierului-grindeanu-678194<\/p>\n","protected":false},"excerpt":{"rendered":"<p>Pre\u015fedintele Klaus Iohannis \u015fi premierul Sorin Grindeanu particip\u0103, mar\u0163i, de la ora 11, la autoevaluarea activit\u0103\u0163ii Ministerului Ap\u0103r\u0103rii Na\u0163ionale pe anul 2016. Fa\u0163\u0103 de anul precedent, MApN are un buget apreciabil m\u0103rit, \u00eens\u0103 r\u0103m\u00e2ne sub semnul \u00eentreb\u0103rii consensul politic privind un program important de \u00eenzestrare, cel pentru patru corvete multifunc\u0163ionale, aprobat de guvernul Ciolo\u015f la [&hellip;]<\/p>\n","protected":false},"author":1,"featured_media":146029,"comment_status":"open","ping_status":"","sticky":false,"template":"","format":"standard","meta":{"footnotes":""},"categories":[2],"tags":[11],"class_list":["post-146028","post","type-post","status-publish","format-standard","has-post-thumbnail","hentry","category-politics","tag-digi24"],"_links":{"self":[{"href":"https:\/\/analyse.optim.biz\/index.php?rest_route=\/wp\/v2\/posts\/146028","targetHints":{"allow":["GET"]}}],"collection":[{"href":"https:\/\/analyse.optim.biz\/index.php?rest_route=\/wp\/v2\/posts"}],"about":[{"href":"https:\/\/analyse.optim.biz\/index.php?rest_route=\/wp\/v2\/types\/post"}],"author":[{"embeddable":true,"href":"https:\/\/analyse.optim.biz\/index.php?rest_route=\/wp\/v2\/users\/1"}],"replies":[{"embeddable":true,"href":"https:\/\/analyse.optim.biz\/index.php?rest_route=%2Fwp%2Fv2%2Fcomments&post=146028"}],"version-history":[{"count":0,"href":"https:\/\/analyse.optim.biz\/index.php?rest_route=\/wp\/v2\/posts\/146028\/revisions"}],"wp:featuredmedia":[{"embeddable":true,"href":"https:\/\/analyse.optim.biz\/index.php?rest_route=\/wp\/v2\/media\/146029"}],"wp:attachment":[{"href":"https:\/\/analyse.optim.biz\/index.php?rest_route=%2Fwp%2Fv2%2Fmedia&parent=146028"}],"wp:term":[{"taxonomy":"category","embeddable":true,"href":"https:\/\/analyse.optim.biz\/index.php?rest_route=%2Fwp%2Fv2%2Fcategories&post=146028"},{"taxonomy":"post_tag","embeddable":true,"href":"https:\/\/analyse.optim.biz\/index.php?rest_route=%2Fwp%2Fv2%2Ftags&post=146028"}],"curies":[{"name":"wp","href":"https:\/\/api.w.org\/{rel}","templated":true}]}}