{"id":146023,"date":"2017-02-28T09:50:33","date_gmt":"2017-02-28T06:50:33","guid":{"rendered":"https:\/\/analyse.optim.biz\/?p=146023"},"modified":"2017-02-28T09:50:33","modified_gmt":"2017-02-28T06:50:33","slug":"calin-popescu-tariceanu-cere-demisia-sefei-dna","status":"publish","type":"post","link":"https:\/\/analyse.optim.biz\/?p=146023","title":{"rendered":"C\u0103lin Popescu T\u0103riceanu cere demisia \u0219efei DNA"},"content":{"rendered":"<div class=\"entry data-app-meta data-app-meta-article\" data-embed-base-url-canonical=\"https:\/\/www.digi24.ro\/embed\/stiri\/actualitate\/justitie\/calin-popescu-tariceanu-cere-demisia-sefei-dna-678214\">\n<p data-index=\"1\"><strong><a href=\"https:\/\/www.digi24.ro\/stiri\/actualitate\/justitie\/ccr-a-admis-cererea-lui-tariceanu-conflict-intre-dna-si-guvern-677867\" target=\"_blank\" data-skip-linkfix=\"1\" rel=\"noopener\">Judec\u0103torii CCR au admis ieri sesizarea lui C\u0103lin Popescu T\u0103riceanu<\/a> \u0219i au decis c\u0103 exist\u0103 un conflict juridic \u00eentre Direc\u021bia Na\u021bional\u0103 Anticorup\u021bie \u0219i Guvern, \u00een ceea ce prive\u0219te anchetare de c\u0103tre DNA a modului \u00een care a fost elaborat\u0103 Ordonan\u021ba de Urgen\u021b\u0103 13. \u0218eful Senatului cere acum demisia procurorului \u0219ef al DNA.<\/strong><\/p>\n<p class=\"gdpr-placeholder gdpr-social-media gdpr-iframe-fix\" data-index=\"3\"> Setarile tale privind cookie-urile nu permit afisarea continutul din aceasta sectiune. Poti actualiza setarile modulelor coookie direct din browser sau de <a class=\"ot-sdk-show-settings\" data-skip-linkfix=\"1\">aici<\/a> \u2013 e nevoie sa accepti cookie-urile social media<\/p>\n<p data-index=\"4\">\u201e\u00cen orice stat de drept, o decizie ca aceea a CCR, ar fi fost urmat\u0103 de demisia \u0219efului institu\u021biei care a \u00eenc\u0103lcat un principiu fundamental al democra\u021biei: separa\u021bia puterilor \u00een stat. Refuzul de a demisiona este \u00eenc\u0103 o dovad\u0103 a ceea ce a\u0219 numi: corup\u021bia de putere. Am spus \u0219i repet: puterea absolut\u0103 corupe absolut. Din p\u0103cate, DNA a ac\u021bionat \u00een logica institu\u021biilor opresive din statul comunist, convinse c\u0103 au toat\u0103 puterea \u0219i c\u0103 nimeni nu le poate sta \u00een cale. Decizia CCR este una istoric\u0103 \u0219i cred c\u0103 stopeaz\u0103 ofensiva unor institu\u021bii nedemocratice de a prelua toat\u0103 puterea \u00een Rom\u00e2nia. Ca pre\u0219edinte al Senatului, camera superioar\u0103 a forului democratic suprem, nu pot dec\u00e2t s\u0103 sper c\u0103 \u00een institu\u021biile nedemocratice mai sunt oameni care au suficient\u0103 responsabilitate pentru a \u00een\u021belege c\u0103 lucrurile trebuie s\u0103 se schimbe.<\/p>\n<p data-index=\"5\">Schimbarea trebuie s\u0103 \u00eenceap\u0103 cu o cur\u0103\u021bire a acestor institu\u021bii. Opinia public\u0103 a aflat \u00een ultimele s\u0103pt\u0103m\u00e2ni informa\u021bii compromi\u021b\u0103toare despre procurori care s-au comportat nedemn pentru func\u021bia lor: au ac\u021bionat abuziv, \u00een logica cuiva care \u0219tie c\u0103 are puterea absolut\u0103. De asemenea, au ie\u0219it la suprafa\u021b\u0103 informa\u021bii legate de protocoale dintre SRI \u0219i DNA care dep\u0103\u0219esc cu mult cadrul legal de rela\u021bionare \u00eentre cele dou\u0103 institu\u021bii. De la mic &#8211; la mare, de la cazuri individuale &#8211; la modalit\u0103\u021bi de ac\u021biune institu\u021bionale, se vede cum cancerul corup\u021biei de putere risc\u0103 s\u0103 cuprind\u0103 \u00eentreg acest sistem. Deci, o cur\u0103\u021bire nu mai poate fi am\u00e2nat\u0103.<\/p>\n<p data-index=\"6\">\u00cen acela\u0219i timp, decizia CCR trebuie s\u0103 aduc\u0103 \u00een prim-plan \u0219i \u00eenc\u0103lcarea drepturilor \u0219i libert\u0103\u021bilor cet\u0103\u021benilor. Decizia nu este, propriu-zis despre aceste drepturi, dar \u00eenc\u0103lcarea lor este un efect nedorit al be\u021biei de putere. Am speran\u021be c\u0103 eforturile mele, al\u0103turi de reprezentan\u021bii asocia\u021biilor de magistra\u021bi \u0219i o serie de voci din societatea civil\u0103, vor da roade. \u00cen Rom\u00e2nia de ast\u0103zi, drepturile \u0219i libert\u0103\u021bile cet\u0103\u021benilor sunt \u00eenc\u0103lcate, telefoanele cet\u0103\u021benilor sunt ascultate f\u0103r\u0103 mandat, oameni nevinova\u021bi sunt h\u0103itui\u021bi de justi\u021bia care ar trebuie s\u0103 le fac\u0103 dreptate, iar Rom\u00e2nia pierde sute de milioane de euro la CEDO. Aceste lucruri trebuie schimbate \u0219i eu voi continua s\u0103 ac\u021bionez pentru a le schimba\u201d, scrie C\u0103lin Popescu T\u0103riceanu \u00eentr-o postare pe pagina de Facebook.<\/p>\n<\/div>\n<p> Source URL: https:\/\/www.digi24.ro\/stiri\/actualitate\/justitie\/calin-popescu-tariceanu-cere-demisia-sefei-dna-678214<\/p>\n","protected":false},"excerpt":{"rendered":"<p>Judec\u0103torii CCR au admis ieri sesizarea lui C\u0103lin Popescu T\u0103riceanu \u0219i au decis c\u0103 exist\u0103 un conflict juridic \u00eentre Direc\u021bia Na\u021bional\u0103 Anticorup\u021bie \u0219i Guvern, \u00een ceea ce prive\u0219te anchetare de c\u0103tre DNA a modului \u00een care a fost elaborat\u0103 Ordonan\u021ba de Urgen\u021b\u0103 13. \u0218eful Senatului cere acum demisia procurorului \u0219ef al DNA. Setarile tale privind [&hellip;]<\/p>\n","protected":false},"author":1,"featured_media":146024,"comment_status":"open","ping_status":"","sticky":false,"template":"","format":"standard","meta":{"footnotes":""},"categories":[2],"tags":[11],"class_list":["post-146023","post","type-post","status-publish","format-standard","has-post-thumbnail","hentry","category-politics","tag-digi24"],"_links":{"self":[{"href":"https:\/\/analyse.optim.biz\/index.php?rest_route=\/wp\/v2\/posts\/146023","targetHints":{"allow":["GET"]}}],"collection":[{"href":"https:\/\/analyse.optim.biz\/index.php?rest_route=\/wp\/v2\/posts"}],"about":[{"href":"https:\/\/analyse.optim.biz\/index.php?rest_route=\/wp\/v2\/types\/post"}],"author":[{"embeddable":true,"href":"https:\/\/analyse.optim.biz\/index.php?rest_route=\/wp\/v2\/users\/1"}],"replies":[{"embeddable":true,"href":"https:\/\/analyse.optim.biz\/index.php?rest_route=%2Fwp%2Fv2%2Fcomments&post=146023"}],"version-history":[{"count":0,"href":"https:\/\/analyse.optim.biz\/index.php?rest_route=\/wp\/v2\/posts\/146023\/revisions"}],"wp:featuredmedia":[{"embeddable":true,"href":"https:\/\/analyse.optim.biz\/index.php?rest_route=\/wp\/v2\/media\/146024"}],"wp:attachment":[{"href":"https:\/\/analyse.optim.biz\/index.php?rest_route=%2Fwp%2Fv2%2Fmedia&parent=146023"}],"wp:term":[{"taxonomy":"category","embeddable":true,"href":"https:\/\/analyse.optim.biz\/index.php?rest_route=%2Fwp%2Fv2%2Fcategories&post=146023"},{"taxonomy":"post_tag","embeddable":true,"href":"https:\/\/analyse.optim.biz\/index.php?rest_route=%2Fwp%2Fv2%2Ftags&post=146023"}],"curies":[{"name":"wp","href":"https:\/\/api.w.org\/{rel}","templated":true}]}}