{"id":146020,"date":"2017-02-28T10:10:28","date_gmt":"2017-02-28T07:10:28","guid":{"rendered":"https:\/\/analyse.optim.biz\/?p=146020"},"modified":"2017-02-28T10:10:28","modified_gmt":"2017-02-28T07:10:28","slug":"iohannis-mesaj-pentru-strategii-in-caz-de-urgenta","status":"publish","type":"post","link":"https:\/\/analyse.optim.biz\/?p=146020","title":{"rendered":"Iohannis, mesaj pentru strategii \u00een caz de urgen\u021b\u0103"},"content":{"rendered":"<div class=\"entry data-app-meta data-app-meta-article\" data-embed-base-url-canonical=\"https:\/\/www.digi24.ro\/embed\/stiri\/actualitate\/politica\/k-iohannis-e-necesara-o-strategie-de-crestere-a-nivelului-de-cunoastere-a-populatiei-cum-sa-reactioneze-in-situatii-de-urgenta-678234\">\n<p data-index=\"1\"><strong>Pre\u015fedintele Klaus Iohannis a transmis, mar\u0163i, de Ziua Protec\u0163iei Civile, un mesaj \u00een care arat\u0103 c\u0103 este extrem de necesar\u0103 punerea \u00een practic\u0103 a unei strategii de cre\u015ftere a nivelului de cunoa\u015ftere a popula\u0163iei cu privire la modul de a reac\u0163iona \u00een situa\u0163ii de urgen\u0163\u0103.<\/strong><\/p>\n<p data-index=\"2\"><img loading=\"lazy\" decoding=\"async\" class=\"alignnone size-full wp-image-670822\" src=\"https:\/\/analyse.optim.biz\/wp-content\/uploads\/2024\/09\/anbnjnc9odawjmhhc2g9otjhngfintflymrmn2yxm2q5mdjkotaxmzcxyzu1mtq-thumb_.jpg\" alt=\"iohannis\" width=\"1400\" height=\"787\" data-skip-htmlfix=\"1\" title=\"anbnjnc9odawjmhhc2g9otjhngfintflymrmn2yxm2q5mdjkotaxmzcxyzu1mtq-thumb_\"><\/p>\n<p data-index=\"3\">Pre\u015fedintele men\u0163ioneaz\u0103, \u00een mesaj, c\u0103, \u00een urm\u0103 cu 84 de ani, se puneau bazele primelor structuri de protec\u0163ie civil\u0103 din \u0163ara noastr\u0103.<\/p>\n<p data-index=\"4\">\u201e<em>Am asistat, \u00een ultima perioad\u0103, la intensificarea riscurilor care amenin\u0163\u0103 via\u0163a \u015fi s\u0103n\u0103tatea popula\u0163iei, mediul \u00eenconjur\u0103tor \u015fi valorile patrimoniului na\u0163ional. Nu exist\u0103 elemente care s\u0103 ne fac\u0103 s\u0103 credem c\u0103 ele se vor diminua \u00een viitor. Dimpotriv\u0103, trebuie s\u0103 ne concentr\u0103m aten\u0163ia asupra emergen\u0163ei unor noi factori de risc, genera\u0163i \u00eendeosebi de schimb\u0103rile climatice radicale \u015fi de diversitatea activit\u0103\u0163ilor economice care utilizeaz\u0103, produc \u015fi comercializeaz\u0103 substan\u0163e periculoase<\/em>\u201d, precizeaz\u0103 \u015feful statului.<\/p>\n<p data-index=\"5\">Klaus Iohannis subliniaz\u0103 c\u0103, \u00een fa\u0163a acestei realit\u0103\u0163i, activitatea structurilor din domeniul protec\u0163iei civile \u00een Rom\u00e2nia r\u0103m\u00e2ne una vital\u0103 \u015fi are un impact substan\u0163ial asupra securit\u0103\u0163ii na\u0163ionale \u015fi a cet\u0103\u0163eanului.<\/p>\n<p data-index=\"6\">\u201e<strong>Ne afl\u0103m \u00eentr-un context \u00een care alinierea mecanismului na\u0163ional de gestionare a situa\u0163iilor de urgen\u0163\u0103 la standardele \u015fi prevederile NATO \u015fi ale UE adaug\u0103 noi valen\u0163e strategice activit\u0103\u0163ilor din domeniul protec\u0163iei civile. Este \u00eens\u0103 fundamental ca progresele din planul legislativ s\u0103 fie dublate de progresele \u00eenregistrate la nivelul rela\u0163iei cu societatea civil\u0103, care constituie un factor determinant at\u00e2t \u00een procesul bunei guvern\u0103ri, c\u00e2t \u015fi \u00een preg\u0103tirea popula\u0163iei pentru reac\u0163ia \u00een situa\u0163ii de urgen\u0163\u0103<\/strong>\u201d, arat\u0103 pre\u015fedintele.<\/p>\n<p data-index=\"7\">Iohannis spune c\u0103 succesul misiunilor celor care lucreaz\u0103 \u00een acest domeniu \u0163ine, \u00een egal\u0103 m\u0103sur\u0103, \u015fi de gradul de educare a popula\u0163iei, pentru c\u0103 eficien\u0163a interven\u0163iei institu\u0163iilor statului este mult sc\u0103zut\u0103 \u00een lipsa solidarit\u0103\u0163ii cet\u0103\u0163ene\u015fti.<\/p>\n<p data-index=\"8\">\u201e<em>Din aceast\u0103 perspectiv\u0103, este extrem de necesar\u0103 punerea \u00een practic\u0103 a unei strategii de cre\u015ftere a nivelului de cunoa\u015ftere a popula\u0163iei cu privire la modul de a reac\u0163iona \u00een situa\u0163ii de urgen\u0163\u0103<\/em>\u201d, subliniaz\u0103 pre\u015fedintele.<\/p>\n<p data-index=\"9\">Men\u0163ion\u00e2nd c\u0103 un un concept fundamental este cel potrivit c\u0103ruia \u201eprevenirea este mai eficient\u0103 dec\u00e2t reac\u0163ia\u201d, \u015feful statului sus\u0163ine c\u0103 este necesar\u0103 o abordare integrat\u0103, pentru a fi asigurat\u0103 o c\u00e2t mai bun\u0103 reac\u0163ie \u00een cazul situa\u0163iilor de urgen\u0163\u0103. El precizeaz\u0103 c\u0103 investi\u0163iile \u00een infrastructur\u0103, \u00een consolidarea cl\u0103dirilor sau \u00een sfera s\u0103n\u0103t\u0103\u0163ii publice sunt obligatorii pentru cre\u015fterea capacit\u0103\u0163ii de a preveni, dar \u015fi de a interveni eficient \u00een cazul producerii unor dezastre.<\/p>\n<p data-index=\"10\">\u201e<em>Stima\u0163i pompieri, medici, asisten\u0163i, paramedici, pilo\u0163i \u015fi salvamonti\u015fti, dumneavoastr\u0103 sunte\u0163i dedica\u0163i unui serviciu public cu un impact profund \u00een via\u0163a colectivit\u0103\u0163ilor. V\u0103 mul\u0163umesc pentru profesionalismul \u015fi responsabilitatea civic\u0103 de care a\u0163i dat mereu dovad\u0103, pe m\u0103sura importan\u0163ei misiunii umanitare ce v\u0103 revine! Activitatea dumneavoastr\u0103 de zi cu zi nu doar c\u0103 asigur\u0103 \u00eendep\u0103rtarea unor pericole, dar contribuie \u015fi la consolidarea solidarit\u0103\u0163ii civice \u015fi sociale. \u00cen \u00eencheiere, adresez \u00eentregului personal din structurile Protec\u0163iei Civile sincere ur\u0103ri de s\u0103n\u0103tate, \u00eempliniri pe toate planurile \u015fi putere de munc\u0103, \u00een continuare, \u00een folosul semenilor no\u015ftri. La mul\u0163i ani!<\/em>\u201d, \u00ee\u015fi \u00eencheie mesajul pre\u015fedintele Iohannis.<\/p>\n<\/div>\n<p> Source URL: https:\/\/www.digi24.ro\/stiri\/actualitate\/politica\/k-iohannis-e-necesara-o-strategie-de-crestere-a-nivelului-de-cunoastere-a-populatiei-cum-sa-reactioneze-in-situatii-de-urgenta-678234<\/p>\n","protected":false},"excerpt":{"rendered":"<p>Pre\u015fedintele Klaus Iohannis a transmis, mar\u0163i, de Ziua Protec\u0163iei Civile, un mesaj \u00een care arat\u0103 c\u0103 este extrem de necesar\u0103 punerea \u00een practic\u0103 a unei strategii de cre\u015ftere a nivelului de cunoa\u015ftere a popula\u0163iei cu privire la modul de a reac\u0163iona \u00een situa\u0163ii de urgen\u0163\u0103. Pre\u015fedintele men\u0163ioneaz\u0103, \u00een mesaj, c\u0103, \u00een urm\u0103 cu 84 de [&hellip;]<\/p>\n","protected":false},"author":1,"featured_media":146021,"comment_status":"open","ping_status":"","sticky":false,"template":"","format":"standard","meta":{"footnotes":""},"categories":[2],"tags":[11],"class_list":["post-146020","post","type-post","status-publish","format-standard","has-post-thumbnail","hentry","category-politics","tag-digi24"],"_links":{"self":[{"href":"https:\/\/analyse.optim.biz\/index.php?rest_route=\/wp\/v2\/posts\/146020","targetHints":{"allow":["GET"]}}],"collection":[{"href":"https:\/\/analyse.optim.biz\/index.php?rest_route=\/wp\/v2\/posts"}],"about":[{"href":"https:\/\/analyse.optim.biz\/index.php?rest_route=\/wp\/v2\/types\/post"}],"author":[{"embeddable":true,"href":"https:\/\/analyse.optim.biz\/index.php?rest_route=\/wp\/v2\/users\/1"}],"replies":[{"embeddable":true,"href":"https:\/\/analyse.optim.biz\/index.php?rest_route=%2Fwp%2Fv2%2Fcomments&post=146020"}],"version-history":[{"count":0,"href":"https:\/\/analyse.optim.biz\/index.php?rest_route=\/wp\/v2\/posts\/146020\/revisions"}],"wp:featuredmedia":[{"embeddable":true,"href":"https:\/\/analyse.optim.biz\/index.php?rest_route=\/wp\/v2\/media\/146021"}],"wp:attachment":[{"href":"https:\/\/analyse.optim.biz\/index.php?rest_route=%2Fwp%2Fv2%2Fmedia&parent=146020"}],"wp:term":[{"taxonomy":"category","embeddable":true,"href":"https:\/\/analyse.optim.biz\/index.php?rest_route=%2Fwp%2Fv2%2Fcategories&post=146020"},{"taxonomy":"post_tag","embeddable":true,"href":"https:\/\/analyse.optim.biz\/index.php?rest_route=%2Fwp%2Fv2%2Ftags&post=146020"}],"curies":[{"name":"wp","href":"https:\/\/api.w.org\/{rel}","templated":true}]}}