{"id":146017,"date":"2017-02-28T10:12:39","date_gmt":"2017-02-28T07:12:39","guid":{"rendered":"https:\/\/analyse.optim.biz\/?p=146017"},"modified":"2017-02-28T10:12:39","modified_gmt":"2017-02-28T07:12:39","slug":"valer-dorneanu-si-florin-iordache-faceau-in-2007-legi-pentru-baronii-locali","status":"publish","type":"post","link":"https:\/\/analyse.optim.biz\/?p=146017","title":{"rendered":"Valer Dorneanu \u0219i Florin Iordache f\u0103ceau, \u00een 2007, legi pentru baronii locali"},"content":{"rendered":"<div class=\"entry data-app-meta data-app-meta-article\" data-embed-base-url-canonical=\"https:\/\/www.digi24.ro\/embed\/stiri\/actualitate\/politica\/valer-dorneanu-si-florin-iordache-faceau-legi-in-2007-pentru-baronii-locali-678233\">\n<p data-index=\"1\"><strong><a href=\"https:\/\/www.digi24.ro\/opinii\/pericolele-ascunse-in-decizia-curtii-constitutionale-677952\" target=\"_blank\" data-skip-linkfix=\"1\" rel=\"noopener\">Valer Dorneanu, pre\u0219edintele Cur\u021bii Constitu\u021bionale, intr\u0103 din nou \u00een aten\u021bia public\u0103<\/a>. Fost deputat PSD de Ia\u0219i cu dou\u0103 mandate, el a fost \u0219i pre\u0219edinte al Camerei Deputa\u021bilor \u00eentre 2000 \u0219i 2004. \u00cen 2010, el a fost \u00eenvestit ca Avocat al Poporului iar trei ani mai t\u00e2rziu a demisionat pentru a deveni judec\u0103tor la CCR. Anul trecut a devenit pre\u0219edintele Cur\u021bii.<\/strong><\/p>\n<figure class=\"article-thumb\"><img decoding=\"async\" src=\"https:\/\/analyse.optim.biz\/wp-content\/uploads\/2024\/09\/yz0xjmhhc2g9mze2mjk3zgqwmtbmzdhlodfmntqymdllzjy4zjy2m2i-thumb_-1.jpg\" alt=\"Valer Dorneanu si Florin Iordache in 2012_agerpres_6037447\" data-skip-htmlfix=\"1\" title=\"yz0xjmhhc2g9mze2mjk3zgqwmtbmzdhlodfmntqymdllzjy4zjy2m2i-thumb_-1\"><figcaption> Foto: Agerpres <\/figcaption><\/figure>\n<p data-index=\"2\">\u00cen urm\u0103 cu zece ani, Valer Dorneanu, la acea vreme deputat din partea PSD, propunea \u00eempreun\u0103 cu Florin Iordache \u0219i Tudor Mohora <span lang=\"ro-RO\">mai multe modific\u0103ri la Legea nr. 78\/2000 pentru prevenirea, descoperirea \u015fi sanc\u0163ionarea faptelor de corup\u0163ie \u015fi a celor conexe acestora.\u00a0<\/span><span lang=\"ro-RO\">Era vorba despre dezincriminarea faptelor privind\u00a0deturnarea de fonduri sau utilizarea subven\u0163iilor de la bugetul de stat, <a href=\"https:\/\/www.romanialibera.ro\/special\/investigatii\/trei-deputati-vor-sa-i-scape-de-puscarie-pe-propriii-baroni-86967\" target=\"_blank\" data-skip-linkfix=\"1\" rel=\"noopener\">a relatat presa la acea vreme<\/a>.<\/span><\/p>\n<p data-index=\"3\"><span lang=\"ro-RO\">Legea modificat\u0103 a fost trimis\u0103 spre promulgare, dar pre\u015fedintele Traian B\u0103sescu a retrimis-o la Senat pentru reexaminare.\u00a0<\/span><span lang=\"ro-RO\">Legea a trecut \u00eens\u0103 de Senat \u0219i a fost publicat\u0103 \u00een Monitorul Oficial din <\/span><span lang=\"en-GB\">29 martie\u00a0<\/span><span lang=\"ro-RO\">2007. <\/span><\/p>\n<p data-index=\"4\"><span lang=\"ro-RO\">Astfel, <\/span>Legea nr. 78\/2000 se modifica \u015fi avea urm\u0103torul cuprins: <em>\u201eb) acordarea de subven\u0163ii cu \u00eenc\u0103lcarea legii, neurm\u0103rirea, conform legii, a destina\u0163iilor subven\u0163iilor; c) utilizarea subven\u0163iilor \u00een alte scopuri dec\u00e2t cele pentru care au fost acordate, precum \u015fi utilizarea \u00een alte scopuri a creditelor garantate din fonduri publice sau care urmeaz\u0103 s\u0103 fie rambursate din fonduri publice.\u201d<\/em><\/p>\n<p data-index=\"5\"><span lang=\"ro-RO\">Pedeapsa pentru aceste fapte era \u00eencadrat\u0103 de la 5 la 15 ani de \u00eenchisoare.<\/span><\/p>\n<p data-index=\"6\"><span lang=\"ro-RO\">Presa scria c\u0103 printre beneficiarii modific\u0103rii acestei legi se aflau mai mul\u021bi baroni locali ai PSD, printre care Dumitru Sechelariu, Gheorghe Savu, Liviu Dragnea, Gavril M\u00e2rza, Bebe Ivanovici sau Nicu\u015for Constantinescu. To\u021bi ace\u0219tia erau cerceta\u021bi la acea vreme pentru deturnare de fonduri.<\/span><\/p>\n<p data-index=\"7\"><span lang=\"ro-RO\">Un alt beneficiar era Marian Opri\u0219an, trimis \u00een judecat\u0103, cu un an \u00eenainte, de c\u0103tre DNA pentru deturnare de fonduri. DNA \u00eel acuza c\u0103 a cauzat un prejudiciu de 5,5 milioane de lei.<\/span><\/p>\n<p data-index=\"8\"><span lang=\"ro-RO\">Mai exact, Consiliul Jude\u021bean Vrancea a primit \u00een anul 2004 aproape dou\u0103 milioane de dolari pentru pietruirea drumurilor comunale. Fondurile au fost virate de la Ministerul Transporturilor, Construc\u0163iilor \u015fi Turismului dintr-un credit extern de 50 milioane dolari. Ministerul era condus la acea vreme de deputatul de Vrancea Miron Mitrea, c\u0103ruia Opri\u015fan \u00eei spunea \u201efratele Miron\u201d. Procurorii DNA au stabilit c\u0103 Opri\u015fan \u015fi ceilal\u0163i acuza\u0163i se fac vinova\u0163i de un prejudiciu de 5,5 milioane de lei.<\/span><\/p>\n<p data-index=\"9\"><span lang=\"ro-RO\">Presa mai relata atunci c\u0103 prejudiciul total re\u021binut \u00een sarcina celor enumera\u021bi mai sus se ridica la peste 20 milioane de lei.<\/span><\/p>\n<p data-index=\"10\"><span lang=\"ro-RO\">Statisticile DNA din perioada 2003-2005 arat\u0103 c\u0103 au fost descoperite 337 infrac\u0163iuni de utilizare a creditelor \u00een alte scopuri dec\u00e2t cele pentru care au fost acordate \u015fi alte 121 infrac\u0163iuni la regimul de creditare, v\u00e2rful de sarcina fiind \u00een anul 2004, c\u00e2nd s-au \u00eenregistrat 230 de asemenea infrac\u0163iuni.<\/span><\/p>\n<\/div>\n<p> Source URL: https:\/\/www.digi24.ro\/stiri\/actualitate\/politica\/valer-dorneanu-si-florin-iordache-faceau-legi-in-2007-pentru-baronii-locali-678233<\/p>\n","protected":false},"excerpt":{"rendered":"<p>Valer Dorneanu, pre\u0219edintele Cur\u021bii Constitu\u021bionale, intr\u0103 din nou \u00een aten\u021bia public\u0103. Fost deputat PSD de Ia\u0219i cu dou\u0103 mandate, el a fost \u0219i pre\u0219edinte al Camerei Deputa\u021bilor \u00eentre 2000 \u0219i 2004. \u00cen 2010, el a fost \u00eenvestit ca Avocat al Poporului iar trei ani mai t\u00e2rziu a demisionat pentru a deveni judec\u0103tor la CCR. Anul [&hellip;]<\/p>\n","protected":false},"author":1,"featured_media":146018,"comment_status":"open","ping_status":"","sticky":false,"template":"","format":"standard","meta":{"footnotes":""},"categories":[2],"tags":[11],"class_list":["post-146017","post","type-post","status-publish","format-standard","has-post-thumbnail","hentry","category-politics","tag-digi24"],"_links":{"self":[{"href":"https:\/\/analyse.optim.biz\/index.php?rest_route=\/wp\/v2\/posts\/146017","targetHints":{"allow":["GET"]}}],"collection":[{"href":"https:\/\/analyse.optim.biz\/index.php?rest_route=\/wp\/v2\/posts"}],"about":[{"href":"https:\/\/analyse.optim.biz\/index.php?rest_route=\/wp\/v2\/types\/post"}],"author":[{"embeddable":true,"href":"https:\/\/analyse.optim.biz\/index.php?rest_route=\/wp\/v2\/users\/1"}],"replies":[{"embeddable":true,"href":"https:\/\/analyse.optim.biz\/index.php?rest_route=%2Fwp%2Fv2%2Fcomments&post=146017"}],"version-history":[{"count":0,"href":"https:\/\/analyse.optim.biz\/index.php?rest_route=\/wp\/v2\/posts\/146017\/revisions"}],"wp:featuredmedia":[{"embeddable":true,"href":"https:\/\/analyse.optim.biz\/index.php?rest_route=\/wp\/v2\/media\/146018"}],"wp:attachment":[{"href":"https:\/\/analyse.optim.biz\/index.php?rest_route=%2Fwp%2Fv2%2Fmedia&parent=146017"}],"wp:term":[{"taxonomy":"category","embeddable":true,"href":"https:\/\/analyse.optim.biz\/index.php?rest_route=%2Fwp%2Fv2%2Fcategories&post=146017"},{"taxonomy":"post_tag","embeddable":true,"href":"https:\/\/analyse.optim.biz\/index.php?rest_route=%2Fwp%2Fv2%2Ftags&post=146017"}],"curies":[{"name":"wp","href":"https:\/\/api.w.org\/{rel}","templated":true}]}}