{"id":146011,"date":"2017-02-28T13:07:56","date_gmt":"2017-02-28T10:07:56","guid":{"rendered":"https:\/\/analyse.optim.biz\/?p=146011"},"modified":"2017-02-28T13:07:56","modified_gmt":"2017-02-28T10:07:56","slug":"nou-protest-anuntat-in-piata-victoriei-tema-depolitizarea-ccr-si-sustinerea-dna","status":"publish","type":"post","link":"https:\/\/analyse.optim.biz\/?p=146011","title":{"rendered":"Nou protest anun\u021bat \u00een Pia\u021ba Victoriei. Tema, depolitizarea CCR \u0219i sus\u021binerea DNA"},"content":{"rendered":"<div class=\"entry data-app-meta data-app-meta-article\" data-embed-base-url-canonical=\"https:\/\/www.digi24.ro\/embed\/stiri\/actualitate\/justitie\/nou-protest-anuntat-in-piata-victoriei-tema-depolitizarea-ccr-si-sustinerea-dna-678417\">\n<p data-index=\"1\"><strong>Rom\u00e2nii se vor aduna din nou, duminic\u0103, \u00een Pia\u021ba Victoriei, iar protestul de s\u0103pt\u0103m\u00e2na aceasta va avea ca tem\u0103 sus\u021binerea Direc\u021biei Na\u021bionale Anticorup\u021bie. Potrivit anun\u021bului f\u0103cut pe <a href=\"https:\/\/www.facebook.com\/events\/1402927786446098\/\" target=\"_blank\" data-skip-linkfix=\"1\" rel=\"noopener\">pagina evenimentului<\/a>, manifestan\u021bii vor ie\u0219i \u00een strad\u0103 pentru a sus\u021bine DNA \u0219i a cere depolitizare CCR.<\/strong><\/p>\n<figure class=\"article-thumb\"><img decoding=\"async\" src=\"https:\/\/analyse.optim.biz\/wp-content\/uploads\/2024\/09\/mdmymzu4ytmyndhkmtk2nzeyymqwnjqwzdmwnmu3yg-thumb_.jpg\" alt=\"foto piata victoriei proteste agerpres_9491734\" data-skip-htmlfix=\"1\" title=\"mdmymzu4ytmyndhkmtk2nzeyymqwnjqwzdmwnmu3yg-thumb_\"><figcaption> Foto: Agerpres <\/figcaption><\/figure>\n<p data-index=\"2\"><strong><a href=\"https:\/\/www.digi24.ro\/stiri\/actualitate\/justitie\/ccr-a-admis-cererea-lui-tariceanu-conflict-intre-dna-si-guvern-677867\" target=\"_blank\" data-skip-linkfix=\"1\" rel=\"noopener\">CCR a admis luni sesizarea pre\u0219edintelui Senatului<\/a><\/strong>, C\u0103lin Popescu T\u0103riceanu, privind existen\u021ba unui conflict \u00eentre puterile statului, ap\u0103rut \u00een urma declan\u0219\u0103rii de c\u0103tre procurorii DNA a unei anchete privind modul \u00een care a fost elaborat\u0103 ordonan\u021ba \u00a0de urgen\u021b\u0103 13. CCR a stabilit c\u0103 investiga\u021bia DNA a perturbat activitatea Guvernului.<\/p>\n<p data-index=\"3\">\u201eDac\u0103 DNA nu ar fi cercetat maniera \u00een care OUG 13 a fost adoptat\u0103, nu am fi aflat ast\u0103zi c\u0103 ministerul pentru Rela\u021bia cu Parlamentul oferise \u00een prim\u0103 faz\u0103 un aviz negativ proiectului de modificare a codurilor penale, motiv pentru care \u0219edin\u021ba a fost am\u00e2nat\u0103 p\u00e2n\u0103 la ora 21.00, pentru a fi redactat un nou aviz, de aceast\u0103 dat\u0103 pozitiv. Azi am aflat c\u0103 DNA a trecut peste limite \u00een anchetarea acestui dosar. <\/p>\n<p>Dar dac\u0103 nu era de competen\u021ba acestei institu\u021bii, cine ar trebui s\u0103 scoat\u0103 la iveal\u0103 aceste nereguli \u0219i de ce nu a f\u0103cut-o?<\/p>\n<p>Care sunt acuzele constatate de DNA :<\/p>\n<p>Disjungerea \u0219i declinarea la Parchetul de pe l\u00e2ng\u0103 \u00cenalta Curte de Casa\u021bie \u0219i Justi\u021bie, spre competent\u0103 solu\u021bionare, sub aspectul s\u0103v\u00e2r\u0219irii urm\u0103to<span class=\"text_exposed_show\">arelor infrac\u021biuni:<br \/>&#8211; Favorizare a f\u0103ptuitorului<br \/>&#8211; Prezentare cu rea-credin\u021b\u0103, de date inexacte, Parlamentului sau Pre\u0219edintelui Rom\u00e2niei cu privire la activitatea Guvernului sau a unui minister, pentru a ascunde s\u0103v\u00e2r\u0219irea unor fapte de natur\u0103 s\u0103 aduc\u0103 atingere intereselor statului (prev\u0103zut\u0103 \u0219i sanc\u021bionat\u0103 de Legea 115\/1999 \u2013 a r\u0103spunderii ministeriale)<br \/>&#8211; Sustragerea sau distrugerea de \u00eenscrisuri (art. 259 al.1 \u0219i 2 C.p)<br \/>&#8211; Sustragerea sau distrugerea de probe ori de \u00eenscrisuri (art. 275 C.p)<br \/>&#8211; Fals intelectual\u201d, se arat\u0103 \u00een postarea care anun\u021b\u0103 evenimentul de duminic\u0103.<\/span><\/p>\n<\/div>\n<p> Source URL: https:\/\/www.digi24.ro\/stiri\/actualitate\/justitie\/nou-protest-anuntat-in-piata-victoriei-tema-depolitizarea-ccr-si-sustinerea-dna-678417<\/p>\n","protected":false},"excerpt":{"rendered":"<p>Rom\u00e2nii se vor aduna din nou, duminic\u0103, \u00een Pia\u021ba Victoriei, iar protestul de s\u0103pt\u0103m\u00e2na aceasta va avea ca tem\u0103 sus\u021binerea Direc\u021biei Na\u021bionale Anticorup\u021bie. Potrivit anun\u021bului f\u0103cut pe pagina evenimentului, manifestan\u021bii vor ie\u0219i \u00een strad\u0103 pentru a sus\u021bine DNA \u0219i a cere depolitizare CCR. Foto: Agerpres CCR a admis luni sesizarea pre\u0219edintelui Senatului, C\u0103lin Popescu T\u0103riceanu, [&hellip;]<\/p>\n","protected":false},"author":1,"featured_media":146012,"comment_status":"open","ping_status":"","sticky":false,"template":"","format":"standard","meta":{"footnotes":""},"categories":[2],"tags":[11],"class_list":["post-146011","post","type-post","status-publish","format-standard","has-post-thumbnail","hentry","category-politics","tag-digi24"],"_links":{"self":[{"href":"https:\/\/analyse.optim.biz\/index.php?rest_route=\/wp\/v2\/posts\/146011","targetHints":{"allow":["GET"]}}],"collection":[{"href":"https:\/\/analyse.optim.biz\/index.php?rest_route=\/wp\/v2\/posts"}],"about":[{"href":"https:\/\/analyse.optim.biz\/index.php?rest_route=\/wp\/v2\/types\/post"}],"author":[{"embeddable":true,"href":"https:\/\/analyse.optim.biz\/index.php?rest_route=\/wp\/v2\/users\/1"}],"replies":[{"embeddable":true,"href":"https:\/\/analyse.optim.biz\/index.php?rest_route=%2Fwp%2Fv2%2Fcomments&post=146011"}],"version-history":[{"count":0,"href":"https:\/\/analyse.optim.biz\/index.php?rest_route=\/wp\/v2\/posts\/146011\/revisions"}],"wp:featuredmedia":[{"embeddable":true,"href":"https:\/\/analyse.optim.biz\/index.php?rest_route=\/wp\/v2\/media\/146012"}],"wp:attachment":[{"href":"https:\/\/analyse.optim.biz\/index.php?rest_route=%2Fwp%2Fv2%2Fmedia&parent=146011"}],"wp:term":[{"taxonomy":"category","embeddable":true,"href":"https:\/\/analyse.optim.biz\/index.php?rest_route=%2Fwp%2Fv2%2Fcategories&post=146011"},{"taxonomy":"post_tag","embeddable":true,"href":"https:\/\/analyse.optim.biz\/index.php?rest_route=%2Fwp%2Fv2%2Ftags&post=146011"}],"curies":[{"name":"wp","href":"https:\/\/api.w.org\/{rel}","templated":true}]}}