{"id":146009,"date":"2017-02-28T14:11:09","date_gmt":"2017-02-28T11:11:09","guid":{"rendered":"https:\/\/analyse.optim.biz\/?p=146009"},"modified":"2017-02-28T14:11:09","modified_gmt":"2017-02-28T11:11:09","slug":"catalin-ivan-publica-dovezi-ca-nu-a-fost-exclus-din-psd","status":"publish","type":"post","link":"https:\/\/analyse.optim.biz\/?p=146009","title":{"rendered":"C\u0103t\u0103lin Ivan public\u0103 dovezi c\u0103 nu a fost exclus din PSD"},"content":{"rendered":"<div class=\"entry data-app-meta data-app-meta-article\" data-embed-base-url-canonical=\"https:\/\/www.digi24.ro\/embed\/stiri\/actualitate\/politica\/catalin-ivan-publica-dovezi-ca-nu-a-fost-exclus-din-psd-678472\">\n<p data-index=\"1\"><strong>Europarlamentarul C\u0103t\u0103lin Ivan\u00a0a publicat, mar\u021bi, un document prin care sus\u021bine c\u0103 este \u00een continuare membru \u00een Partidul Social Democrat.<\/strong><\/p>\n<p class=\"gdpr-placeholder gdpr-social-media gdpr-iframe-fix\" data-index=\"3\"> Setarile tale privind cookie-urile nu permit afisarea continutul din aceasta sectiune. Poti actualiza setarile modulelor coookie direct din browser sau de <a class=\"ot-sdk-show-settings\" data-skip-linkfix=\"1\">aici<\/a> \u2013 e nevoie sa accepti cookie-urile social media<\/p>\n<p data-index=\"4\"><span lang=\"ro-RO\">C\u0103t\u0103lin Ivan a prezentat o chitan\u0163\u0103 din care reiese c\u0103 a pl\u0103tit cotiza\u0163ia de membru al filialei Ia\u015fi pentru anul 2016.<\/span><\/p>\n<p data-index=\"5\">\u201e<span lang=\"ro-RO\">\u0218<\/span>tiu c\u0103 o putem \u021bine a\u0219a la nesf\u00e2r\u0219it, dar ast\u0103zi mai prezint o dovad\u0103 a calit\u0103\u021bii mele de membru cu drepturi depline pe tot parcursul anului 2016. Cum am pl\u0103tit cotiza\u021bia de membru dac\u0103 eram exclus din 2015?\u201d, se arat\u0103 \u00een mesajul s\u0103u de pe Facebook.<\/p>\n<p data-index=\"6\">Continu\u0103 astfel scandalul din PSD, pornit de la lu\u0103rile de pozi\u021bie ale lui Mihai Chirica \u0219i continuate de C\u0103t\u0103lin Ivan. El a spus c\u0103 primarul din Ia\u0219i<span lang=\"ro-RO\"> nu trebuia sanc\u0163ionat de c\u0103tre conducerea PSD \u015fi c\u0103 i s-a f\u0103cut o nedreptate. El ad\u0103ugat c\u0103 partidul a ales gre\u015fit direc\u0163ia, iar timpul va demonstra acest lucru.<\/span><\/p>\n<p data-index=\"7\">S\u0103pt\u0103m\u00e2na trecut\u0103, pre\u0219edintele PSD Liviu Dragnea a spus c\u0103 europarlamentarul C\u0103t\u0103lin Ivan nu avea cum s\u0103 fie exclus din partid, \u00een urma acestor declara\u021bii, pentru c\u0103 nu mai este membru. \u201e<span lang=\"ro-RO\">Domnul Catalin Ivan nu mai e membru al partidului demult. A fost exclus de Organizatia sectorului 1 de ceva vreme. Deci, nu e cazul\u201d, a spus\u00a0Liviu Dragnea.<\/span><\/p>\n<\/div>\n<p> Source URL: https:\/\/www.digi24.ro\/stiri\/actualitate\/politica\/catalin-ivan-publica-dovezi-ca-nu-a-fost-exclus-din-psd-678472<\/p>\n","protected":false},"excerpt":{"rendered":"<p>Europarlamentarul C\u0103t\u0103lin Ivan\u00a0a publicat, mar\u021bi, un document prin care sus\u021bine c\u0103 este \u00een continuare membru \u00een Partidul Social Democrat. Setarile tale privind cookie-urile nu permit afisarea continutul din aceasta sectiune. Poti actualiza setarile modulelor coookie direct din browser sau de aici \u2013 e nevoie sa accepti cookie-urile social media C\u0103t\u0103lin Ivan a prezentat o chitan\u0163\u0103 [&hellip;]<\/p>\n","protected":false},"author":1,"featured_media":146010,"comment_status":"open","ping_status":"","sticky":false,"template":"","format":"standard","meta":{"footnotes":""},"categories":[2],"tags":[11],"class_list":["post-146009","post","type-post","status-publish","format-standard","has-post-thumbnail","hentry","category-politics","tag-digi24"],"_links":{"self":[{"href":"https:\/\/analyse.optim.biz\/index.php?rest_route=\/wp\/v2\/posts\/146009","targetHints":{"allow":["GET"]}}],"collection":[{"href":"https:\/\/analyse.optim.biz\/index.php?rest_route=\/wp\/v2\/posts"}],"about":[{"href":"https:\/\/analyse.optim.biz\/index.php?rest_route=\/wp\/v2\/types\/post"}],"author":[{"embeddable":true,"href":"https:\/\/analyse.optim.biz\/index.php?rest_route=\/wp\/v2\/users\/1"}],"replies":[{"embeddable":true,"href":"https:\/\/analyse.optim.biz\/index.php?rest_route=%2Fwp%2Fv2%2Fcomments&post=146009"}],"version-history":[{"count":0,"href":"https:\/\/analyse.optim.biz\/index.php?rest_route=\/wp\/v2\/posts\/146009\/revisions"}],"wp:featuredmedia":[{"embeddable":true,"href":"https:\/\/analyse.optim.biz\/index.php?rest_route=\/wp\/v2\/media\/146010"}],"wp:attachment":[{"href":"https:\/\/analyse.optim.biz\/index.php?rest_route=%2Fwp%2Fv2%2Fmedia&parent=146009"}],"wp:term":[{"taxonomy":"category","embeddable":true,"href":"https:\/\/analyse.optim.biz\/index.php?rest_route=%2Fwp%2Fv2%2Fcategories&post=146009"},{"taxonomy":"post_tag","embeddable":true,"href":"https:\/\/analyse.optim.biz\/index.php?rest_route=%2Fwp%2Fv2%2Ftags&post=146009"}],"curies":[{"name":"wp","href":"https:\/\/api.w.org\/{rel}","templated":true}]}}