{"id":1459208,"date":"2026-01-22T04:00:00","date_gmt":"2026-01-22T01:00:00","guid":{"rendered":"https:\/\/analyse.optim.biz\/?p=1459208"},"modified":"2026-01-22T04:00:00","modified_gmt":"2026-01-22T01:00:00","slug":"i-130-anni-della-merceria-macia-cinque-generazioni-tra-casa-e-bottega","status":"publish","type":"post","link":"https:\/\/analyse.optim.biz\/?p=1459208","title":{"rendered":"I 130 anni della merceria Macia: cinque generazioni tra casa e bottega"},"content":{"rendered":"<div class=\"content-parts\">\n<div class=\"content-heading\">\n<div class=\"subhead glyph\">Sant&#8217;Ambrogio di Valpolicella<\/div>\n<h1>I 130 anni della merceria Macia: cinque generazioni tra casa e bottega<\/h1>\n<div class=\"signatures\">\n<div class=\"signature\">Camilla Madinelli<\/div>\n<\/div>\n<div class=\"summary\">Aperta nel 1895 da Silvio Zecchinelli, oggi \u00e8 in mano alla pronipote Romana con la figlia Giulia e due collaboratrici, e vende anche altri prodotti e servizi. \u00abI clienti apprezzano consigli e qualit\u00e0\u00bb<\/div>\n<\/div>\n<div class=\"content-date-share\">\n<div class=\"content-date\">22 gennaio 2026<\/div>\n<ul class=\"share-links\">\n<li>\n<li>\n<li><a target=\"_blank\" class=\"share-twitter\" title=\"Condividi su Twitter\" href=\"https:\/\/twitter.com\/intent\/tweet?text=I+130+anni+della+merceria+Macia%3A+cinque+generazioni+tra+casa+e+bottega&amp;url=https:\/\/www.larena.it\/territorio-veronese\/valpolicella\/merceria-macia-sant-ambrogio-valpolicella-130-anni-famiglia-zecchinelli-1.12905139\"><img loading=\"lazy\" decoding=\"async\" src=\"https:\/\/analyse.optim.biz\/wp-content\/uploads\/2026\/01\/twitter-x-white-150.svg\" width=\"20\" height=\"20\" title=\"twitter-x-white-150\"><\/a><\/li>\n<li><\/ul>\n<\/div>\n<div class=\"sticky-footer\">\n<div class=\"share-footer d-lg-none\">\n<ul class=\"share-links\">\n<li>\n<li>\n<li><a target=\"_blank\" class=\"share-twitter\" title=\"Condividi su Twitter\" href=\"https:\/\/twitter.com\/intent\/tweet?text=I+130+anni+della+merceria+Macia%3A+cinque+generazioni+tra+casa+e+bottega&amp;url=https:\/\/www.larena.it\/territorio-veronese\/valpolicella\/merceria-macia-sant-ambrogio-valpolicella-130-anni-famiglia-zecchinelli-1.12905139\"><img loading=\"lazy\" decoding=\"async\" src=\"https:\/\/analyse.optim.biz\/wp-content\/uploads\/2026\/01\/twitter-x-white-150.svg\" width=\"20\" height=\"20\" title=\"twitter-x-white-150\"><\/a><\/li>\n<li><\/ul>\n<\/div>\n<\/div>\n<div class=\"content-picture\">\n<div class=\"content-media content-media-backup\">\n<figure class=\"kh-lightbox\" data-src=\"https:\/\/gfx.larena.it\/image\/contentid\/policy:1.12905149:1769014934\/image.jpg?f=default&amp;w=1024&amp;$p$f$w=336aa8e\" data-caption=\"Romana Zecchinelli con la figlia Giulia nel loro negozio (foto Pecora) e a destra una foto storica della merceria Macia\">\n<div class=\"aspected-image\" data-aspect=\"16x9\"><img loading=\"lazy\" decoding=\"async\" src=\"https:\/\/analyse.optim.biz\/wp-content\/uploads\/2026\/01\/image-386.jpg\" alt=\"Romana Zecchinelli con la figlia Giulia nel loro negozio (foto Pecora) e a destra una foto storica della merceria Macia\" width=\"750\" height=\"421\" title=\"image-386\"><\/div>\n<\/figure>\n<div class=\"caption\">\n      Romana Zecchinelli con la figlia Giulia nel loro negozio (foto Pecora) e a destra una foto storica della merceria Macia\n          <\/div>\n<\/div>\n<div class=\"content-media content-media-main\">\n<figure class=\"kh-lightbox\" data-src=\"https:\/\/gfx.larena.it\/image\/contentid\/policy:1.12905149:1769014934\/image.jpg?f=default&amp;w=1024&amp;$p$f$w=336aa8e\" data-caption=\"Romana Zecchinelli con la figlia Giulia nel loro negozio (foto Pecora) e a destra una foto storica della merceria Macia\">\n<div class=\"aspected-image\" data-aspect=\"16x9\"><img loading=\"lazy\" decoding=\"async\" src=\"https:\/\/analyse.optim.biz\/wp-content\/uploads\/2026\/01\/image-386.jpg\" alt=\"Romana Zecchinelli con la figlia Giulia nel loro negozio (foto Pecora) e a destra una foto storica della merceria Macia\" width=\"750\" height=\"421\" title=\"image-386\"><\/div>\n<\/figure>\n<div class=\"caption\">\n      Romana Zecchinelli con la figlia Giulia nel loro negozio (foto Pecora) e a destra una foto storica della merceria Macia\n          <\/div>\n<\/div>\n<\/div>\n<div class=\"content-body \">\n<p>Un punto di riferimento per clienti e compaesani. <strong>Da 130 anni<\/strong>. Tanti ne sono passati, infatti, da quando nel 1895 Silvio Zecchinelli e Celeste Coltri aprirono la loro <strong>merceria nel borgo storico di Sant\u2019Ambrogio<\/strong>, in via Aleardi. Lui era anche ciabattino, lei era la regina di nastri, fili e quanto serviva a riparare o sistemare tessuti e vestiti. Ma s\u2019industriava anche in cucina, preparando mele cotte e altri piatti che il figlio Romano da bambino andava per le vie del paese a reclamizzare.<\/p>\n<p>Nel corso di cinque generazioni quell\u2019attivit\u00e0 nata a fine Ottocento si \u00e8 ingrandita, allargata e spostata di alcune centinaia di metri in via 6 Novembre, in centro. Attraversando un secolo e coinvolgendo sempre le donne. Il suo nome, <strong>\u00abMacia\u00bb<\/strong>, deriva dal nomignolo che attribuirono a Germinio, fratello di Romano, emigrato negli Stati Uniti, e che \u00e8 rimasto come segno distintivo degli Zecchinelli.<\/p>\n<p>\u00c8 una delle attivit\u00e0 pi\u00f9 antiche di Sant\u2019Ambrogio, se non la pi\u00f9 antica gestita sempre dalla stessa famiglia. Oggi il negozio \u00e8 anche tabaccheria ed \u00e8 saldamente in mano a <strong>Romana Zecchinelli, 72 anni<\/strong>, che la gestisce insieme alla figlia<strong> Giulia Cinquanta, 38 anni,<\/strong> e alle collaboratrici <strong>Monica Piacentini<\/strong> &#8211; da 28 anni nella \u00absquadra\u00bb &#8211; e <strong>Veronica Facciotti<\/strong>. Oltre agli articoli di merceria se ne sono aggiunti molti altri, segno del passare del tempo e del bisogno di evolversi per stare al passo: detersivi alla spina, maglieria con filati pregiati, cosmetici naturali. Poi ci sono i servizi, dal pagamento delle bollette a ritiro o spedizione pacchi, fino a i giochi. \u00c8 del 7 gennaio la notizia della <strong>vincita di 50 milioni alla Lotteria Italia,<\/strong> grazie a un biglietto venduto qui.<\/p>\n<p>\u00abIl rinnovamento \u00e8 necessario, occorre ampliarsi in base alle esigenze, e il paese ha sempre risposto bene. Dandoci fiducia\u00bb, afferma Giulia, la quinta generazione alla guida dell\u2019attivit\u00e0. \u00abPeccato solo che oggi via 6 Novembre, pur essendo in centro, non sia affatto valorizzata e curata, con tanti negozi che hanno chiuso o si sono spostati\u00bb, aggiunge insieme alla mamma. Il \u00abMacia\u00bb no, \u00e8 ancora l\u00ec. Ed \u00e8 un continuo via vai, anche solo per un saluto. Tra i clienti si contano ormai generazioni di ambrosiani. Del resto, Romana Zecchinelli \u00e8 dietro il banco fin da quando era ragazza. Se non da prima. \u00abIn bottega ci sono cresciuta, dentro un grande cassetto di legno usato come seggiolone\u00bb, racconta. Un cassetto solido che custodisce tuttora, insieme a molto dell\u2019arredamento d\u2019epoca: lo costru\u00ec, a prova di usura, il falegname del paese Giulio Tedeschi. In quel cassetto ha sistemato a sua volta la figlia Giulia e la primogenita Francesca ed \u00e8 servito pure per i nipoti Emma, Tiago e Nina, di 9, 5 e 2 anni.<\/p>\n<p>\u00abIn famiglia siamo sempre stati &#8220;casa e bottega&#8221;\u00bb, ammette la commerciante. \u00abRicordo che, abitando nello stesso edificio, non c\u2019erano orari: quando la serranda era gi\u00f9, <strong>i clienti suonavano il campanello di casa<\/strong> e gli veniva sempre aperto\u00bb. \u00c8 stata lei a prendere le redini dell\u2019attivit\u00e0, per\u00f2: il fratello minore Romano si \u00e8 dedicato alla medicina di base, la sorella maggiore Angelina \u00e8 diventata insegnante. \u00abA me piaceva stare in negozio\u00bb, ammette. Al termine della terza media ha cominciato ad affiancare i genitori, Silvio e Romilda Pedrolli, trentina. Nel 1979 si \u00e8 sposata con Bassano Cinquanta, detto Nino, nativo di Lodi. Galeotta fu una partita a tennis a Dobbiaco, in Val Pusteria durante una vacanza. Nella patria del campione Jannik Sinner&#8230; \u00abVero, ma noi ci siamo dedicati decisamente ad altro\u00bb, sorride lei. Nino si \u00e8 trasferito a Sant\u2019Ambrogio per amore, lei \u00e8 diventata mamma e nonna. Ma non ha mai lasciato la bottega.<\/p>\n<p>\u00abVediamo tante persone giovani tornare in bottega e cercare alternative agli acquisti online o ai centri commerciali\u00bb, sottolinea Giulia. \u00abApprezzano<strong> il contatto diretto, i consigli, la qualit\u00e0<\/strong>\u00bb. A vegliare sulle commercianti e la clientela c\u2019\u00e8, da oltre un secolo, una statuina in gesso del Sacro cuore di Ges\u00f9. \u00abLa spolveriamo, la teniamo con cura\u00bb, conclude Romana. \u00abAnche lei \u00e8 una tradizione\u00bb.<\/p>\n<\/div>\n<div class=\"copyright\">\n  \u00a9 Riproduzione riservata\n<\/div>\n<ul class=\"tags\">\n<li><a rel=\"nofollow\" href=\"https:\/\/www.larena.it\/topics\/Location\/Sant%27Ambrogio\">Sant&#8217;Ambrogio<\/a><\/li>\n<li><a rel=\"nofollow\" href=\"https:\/\/www.larena.it\/topics\/Location\/Sant%27Ambrogio%20di%20Valpolicella\">Sant&#8217;Ambrogio di Valpolicella<\/a><\/li>\n<\/ul>\n<div class=\"whatsapp-channel-link\">\n<p>L\u2019Arena \u00e8 su Whatsapp. <a href=\"https:\/\/whatsapp.com\/channel\/0029VaDsUGg1XquVqR4ZZC43\" target=\"_blank\">Clicca qui<\/a> per iscriverti al nostro canale e rimanere aggiornato in tempo reale.<\/p>\n<\/div>\n<div class=\"content-contribute margin-bottom-default\"><a rel=\"nofollow\" data-pushbar-target=\"comments-pushbar\" class=\"comments\" href=\"https:\/\/www.larena.it\/territorio-veronese\/valpolicella\/merceria-macia-sant-ambrogio-valpolicella-130-anni-famiglia-zecchinelli-1.12905139\"><br \/>\n        Commenti (<span class=\"comment-count\">0<\/span>)<br \/>\n    <\/a><a rel=\"nofollow\" class=\"contribute d-none d-lg-inline\" href=\"https:\/\/www.larena.it\/spazio-lettori\/whatsapp\">\u00a0 Contribuisci alla notizia<\/a><a rel=\"nofollow\" class=\"contribute d-inline d-lg-none\" href=\"https:\/\/www.larena.it\/spazio-lettori\/whatsapp\">\u00a0 Contribuisci<\/a><\/div>\n<aside id=\"comments-pushbar\" class=\"sidebar sidebar-comments comments-zone\" data-pushbar-id=\"comments-pushbar\" data-pushbar-direction=\"right\">\n<div class=\"sidebar-header\">\n<div class=\"navbar navbar-expand d-flex justify-content-between\">\n<ul class=\"navbar-nav\">\n<li><\/ul>\n<ul class=\"navbar-nav\">\n<li>\n<h5>Commenti (<span class=\"comment-count\">0<\/span>)<\/h5>\n<\/li>\n<\/ul>\n<\/div>\n<\/div>\n<div class=\"sidebar-main sidebar-main-scroll\">\n<div class=\"comments-container\">\n<div class=\"spinner\"><img decoding=\"async\" src=\"https:\/\/analyse.optim.biz\/wp-content\/uploads\/2026\/01\/ajax-loader-81.gif\" alt=\"spinner\" title=\"ajax-loader-81\"><\/div>\n<\/div>\n<\/div>\n<div class=\"sidebar-footer\">\n<div class=\"comments-container foot\"><a class=\"comment-new-form-toggler btn btn-secondary btn-sm\" rel=\"nofollow\" href=\"https:\/\/www.larena.it\/territorio-veronese\/valpolicella\/merceria-macia-sant-ambrogio-valpolicella-130-anni-famiglia-zecchinelli-1.12905139\">Commenta<\/a><\/p>\n<div class=\"buttons\">\n<div class=\"privacy\"><b>Informativa privacy:<\/b> L\u2019invio di un commento pu\u00f2 comportare il trattamento di dati personali: per maggiori informazioni sulle modalit\u00e0 di trattamento e l\u2019esercizio dei diritti consultare le nostre Informazioni sulla Privacy e l\u2019informativa estesa sui cookie presenti in calce al sito web.<\/div>\n<\/div>\n<div class=\"comment-thankyou\">Grazie per aver inviato un commento. L&#8217;intervento non sar\u00e0 pubblicato fino a quando il moderatore non lo avr\u00e0 letto ed approvato. I commenti ritenuti inadatti o offensivi non saranno pubblicati.<\/div>\n<\/div>\n<\/div>\n<\/aside>\n<\/div>\n<p> Source URL: https:\/\/www.larena.it\/territorio-veronese\/valpolicella\/merceria-macia-sant-ambrogio-valpolicella-130-anni-famiglia-zecchinelli-1.12905139<\/p>\n","protected":false},"excerpt":{"rendered":"<p>Sant&#8217;Ambrogio di Valpolicella I 130 anni della merceria Macia: cinque generazioni tra casa e bottega Camilla Madinelli Aperta nel 1895 da Silvio Zecchinelli, oggi \u00e8 in mano alla pronipote Romana con la figlia Giulia e due collaboratrici, e vende anche altri prodotti e servizi. \u00abI clienti apprezzano consigli e qualit\u00e0\u00bb 22 gennaio 2026 Romana Zecchinelli [&hellip;]<\/p>\n","protected":false},"author":1,"featured_media":0,"comment_status":"open","ping_status":"","sticky":false,"template":"","format":"standard","meta":{"footnotes":""},"categories":[87],"tags":[146],"class_list":["post-1459208","post","type-post","status-publish","format-standard","hentry","category-italy","tag-larena-it"],"_links":{"self":[{"href":"https:\/\/analyse.optim.biz\/index.php?rest_route=\/wp\/v2\/posts\/1459208","targetHints":{"allow":["GET"]}}],"collection":[{"href":"https:\/\/analyse.optim.biz\/index.php?rest_route=\/wp\/v2\/posts"}],"about":[{"href":"https:\/\/analyse.optim.biz\/index.php?rest_route=\/wp\/v2\/types\/post"}],"author":[{"embeddable":true,"href":"https:\/\/analyse.optim.biz\/index.php?rest_route=\/wp\/v2\/users\/1"}],"replies":[{"embeddable":true,"href":"https:\/\/analyse.optim.biz\/index.php?rest_route=%2Fwp%2Fv2%2Fcomments&post=1459208"}],"version-history":[{"count":0,"href":"https:\/\/analyse.optim.biz\/index.php?rest_route=\/wp\/v2\/posts\/1459208\/revisions"}],"wp:attachment":[{"href":"https:\/\/analyse.optim.biz\/index.php?rest_route=%2Fwp%2Fv2%2Fmedia&parent=1459208"}],"wp:term":[{"taxonomy":"category","embeddable":true,"href":"https:\/\/analyse.optim.biz\/index.php?rest_route=%2Fwp%2Fv2%2Fcategories&post=1459208"},{"taxonomy":"post_tag","embeddable":true,"href":"https:\/\/analyse.optim.biz\/index.php?rest_route=%2Fwp%2Fv2%2Ftags&post=1459208"}],"curies":[{"name":"wp","href":"https:\/\/api.w.org\/{rel}","templated":true}]}}