{"id":1458803,"date":"2026-01-23T11:46:18","date_gmt":"2026-01-23T08:46:18","guid":{"rendered":"https:\/\/analyse.optim.biz\/?p=1458803"},"modified":"2026-01-23T11:46:18","modified_gmt":"2026-01-23T08:46:18","slug":"lavori-per-la-tav-chiude-per-tre-notti-il-casello-di-peschiera","status":"publish","type":"post","link":"https:\/\/analyse.optim.biz\/?p=1458803","title":{"rendered":"Lavori per la Tav, chiude per tre notti il casello di Peschiera"},"content":{"rendered":"<div class=\"content-parts\">\n<div class=\"content-heading\">\n<div class=\"subhead glyph\">dal 26 al 28 gennaio<\/div>\n<h1>Lavori per la Tav, chiude per tre notti il casello di Peschiera<\/h1>\n<div class=\"summary\">Chiusi gli svincoli di uscita da Venezia e di entrata per Milano<\/div>\n<\/div>\n<div class=\"content-date-share\">\n<div class=\"content-date\">23 gennaio 2026<\/div>\n<ul class=\"share-links\">\n<li>\n<li>\n<li><a target=\"_blank\" class=\"share-twitter\" title=\"Condividi su Twitter\" href=\"https:\/\/twitter.com\/intent\/tweet?text=Lavori+per+la+Tav%2C+chiude+per+tre+notti+il+casello+di+Peschiera&amp;url=https:\/\/www.larena.it\/territorio-veronese\/garda-baldo\/lavori-per-la-tav-chiude-per-tre-notti-il-casello-di-peschiera-1.12906827\"><img loading=\"lazy\" decoding=\"async\" src=\"https:\/\/analyse.optim.biz\/wp-content\/uploads\/2026\/01\/twitter-x-white-129.svg\" width=\"20\" height=\"20\" title=\"twitter-x-white-129\"><\/a><\/li>\n<li><\/ul>\n<\/div>\n<div class=\"sticky-footer\">\n<div class=\"share-footer d-lg-none\">\n<ul class=\"share-links\">\n<li>\n<li>\n<li><a target=\"_blank\" class=\"share-twitter\" title=\"Condividi su Twitter\" href=\"https:\/\/twitter.com\/intent\/tweet?text=Lavori+per+la+Tav%2C+chiude+per+tre+notti+il+casello+di+Peschiera&amp;url=https:\/\/www.larena.it\/territorio-veronese\/garda-baldo\/lavori-per-la-tav-chiude-per-tre-notti-il-casello-di-peschiera-1.12906827\"><img loading=\"lazy\" decoding=\"async\" src=\"https:\/\/analyse.optim.biz\/wp-content\/uploads\/2026\/01\/twitter-x-white-129.svg\" width=\"20\" height=\"20\" title=\"twitter-x-white-129\"><\/a><\/li>\n<li><\/ul>\n<\/div>\n<\/div>\n<div class=\"content-picture\">\n<div class=\"content-media content-media-backup\">\n<figure class=\"kh-lightbox\" data-src=\"https:\/\/gfx.larena.it\/image\/contentid\/policy:1.12906834:1769168702\/Il+casello+di+Peschiera+del+Garda.jpg?f=default&amp;w=1024&amp;$p$f$w=2fd6699\" data-caption=\"Il casello di Peschiera del Garda\">\n<div class=\"aspected-image\" data-aspect=\"16x9\"><img loading=\"lazy\" decoding=\"async\" src=\"https:\/\/analyse.optim.biz\/wp-content\/uploads\/2026\/01\/ilcasellodipeschieradelgarda.jpg\" alt=\"Il casello di Peschiera del Garda\" width=\"750\" height=\"421\" title=\"ilcasellodipeschieradelgarda\"><\/div>\n<\/figure>\n<div class=\"caption\">\n      Il casello di Peschiera del Garda\n          <\/div>\n<\/div>\n<div class=\"content-media content-media-main\">\n<figure class=\"kh-lightbox\" data-src=\"https:\/\/gfx.larena.it\/image\/contentid\/policy:1.12906834:1769168702\/Il+casello+di+Peschiera+del+Garda.jpg?f=default&amp;w=1024&amp;$p$f$w=2fd6699\" data-caption=\"Il casello di Peschiera del Garda\">\n<div class=\"aspected-image\" data-aspect=\"16x9\"><img loading=\"lazy\" decoding=\"async\" src=\"https:\/\/analyse.optim.biz\/wp-content\/uploads\/2026\/01\/ilcasellodipeschieradelgarda.jpg\" alt=\"Il casello di Peschiera del Garda\" width=\"750\" height=\"421\" title=\"ilcasellodipeschieradelgarda\"><\/div>\n<\/figure>\n<div class=\"caption\">\n      Il casello di Peschiera del Garda\n          <\/div>\n<\/div>\n<\/div>\n<div class=\"content-body \">\n<p>Nell\u2019ambito delle lavorazioni avviate dal Consorzio Cepav due per la realizzazione del <strong>Lotto Brescia-Verona della Linea Ferroviaria Alta Velocit\u00e0 Torino-Venezia<\/strong>, lungo l\u2019autostrada A4 Brescia-Padova,\u00a0i viaggiatori <strong>provenienti da Venezia non potranno uscire\u00a0al casello di Peschiera d<\/strong>el Garda le notti di luned\u00ec 26, marted\u00ec 27 e mercoled\u00ec 28 gennaio 2026,\u00a0dalle 22 all&#8217;1 del giorno successivo.<\/p>\n<p>Per le medesime attivit\u00e0, i<strong> viaggiatori diretti a Milano non potranno accedere in A4 <\/strong>dal casello di\u00a0Peschiera del Garda dall&#8217;1 alle 4 di marted\u00ec 27, mercoled\u00ec 28 e gioved\u00ec 29 gennaio 2026.<\/p>\n<p><strong>Entrate e uscite alternative:<\/strong> autostazioni di Sommacampagna o Sirmione. La Societ\u00e0 profonder\u00e0 ogni sforzo al fine di contenere quanto pi\u00f9 possibile la durata delle limitazioni.<\/p>\n<\/div>\n<div class=\"copyright\">\n  \u00a9 Riproduzione riservata\n<\/div>\n<div class=\"whatsapp-channel-link\">\n<p>L\u2019Arena \u00e8 su Whatsapp. <a href=\"https:\/\/whatsapp.com\/channel\/0029VaDsUGg1XquVqR4ZZC43\" target=\"_blank\">Clicca qui<\/a> per iscriverti al nostro canale e rimanere aggiornato in tempo reale.<\/p>\n<\/div>\n<div class=\"content-contribute margin-bottom-default\"><a rel=\"nofollow\" data-pushbar-target=\"comments-pushbar\" class=\"comments\" href=\"https:\/\/www.larena.it\/territorio-veronese\/garda-baldo\/lavori-per-la-tav-chiude-per-tre-notti-il-casello-di-peschiera-1.12906827\"><br \/>\n        Commenti (<span class=\"comment-count\">0<\/span>)<br \/>\n    <\/a><a rel=\"nofollow\" class=\"contribute d-none d-lg-inline\" href=\"https:\/\/www.larena.it\/spazio-lettori\/whatsapp\">\u00a0 Contribuisci alla notizia<\/a><a rel=\"nofollow\" class=\"contribute d-inline d-lg-none\" href=\"https:\/\/www.larena.it\/spazio-lettori\/whatsapp\">\u00a0 Contribuisci<\/a><\/div>\n<aside id=\"comments-pushbar\" class=\"sidebar sidebar-comments comments-zone\" data-pushbar-id=\"comments-pushbar\" data-pushbar-direction=\"right\">\n<div class=\"sidebar-header\">\n<div class=\"navbar navbar-expand d-flex justify-content-between\">\n<ul class=\"navbar-nav\">\n<li><\/ul>\n<ul class=\"navbar-nav\">\n<li>\n<h5>Commenti (<span class=\"comment-count\">0<\/span>)<\/h5>\n<\/li>\n<\/ul>\n<\/div>\n<\/div>\n<div class=\"sidebar-main sidebar-main-scroll\">\n<div class=\"comments-container\">\n<div class=\"spinner\"><img decoding=\"async\" src=\"https:\/\/analyse.optim.biz\/wp-content\/uploads\/2026\/01\/ajax-loader-77.gif\" alt=\"spinner\" title=\"ajax-loader-77\"><\/div>\n<\/div>\n<\/div>\n<div class=\"sidebar-footer\">\n<div class=\"comments-container foot\"><a class=\"comment-new-form-toggler btn btn-secondary btn-sm\" rel=\"nofollow\" href=\"https:\/\/www.larena.it\/territorio-veronese\/garda-baldo\/lavori-per-la-tav-chiude-per-tre-notti-il-casello-di-peschiera-1.12906827\">Commenta<\/a><\/p>\n<div class=\"buttons\">\n<div class=\"privacy\"><b>Informativa privacy:<\/b> L\u2019invio di un commento pu\u00f2 comportare il trattamento di dati personali: per maggiori informazioni sulle modalit\u00e0 di trattamento e l\u2019esercizio dei diritti consultare le nostre Informazioni sulla Privacy e l\u2019informativa estesa sui cookie presenti in calce al sito web.<\/div>\n<\/div>\n<div class=\"comment-thankyou\">Grazie per aver inviato un commento. L&#8217;intervento non sar\u00e0 pubblicato fino a quando il moderatore non lo avr\u00e0 letto ed approvato. I commenti ritenuti inadatti o offensivi non saranno pubblicati.<\/div>\n<\/div>\n<\/div>\n<\/aside>\n<\/div>\n<p> Source URL: https:\/\/www.larena.it\/territorio-veronese\/garda-baldo\/lavori-per-la-tav-chiude-per-tre-notti-il-casello-di-peschiera-1.12906827<\/p>\n","protected":false},"excerpt":{"rendered":"<p>dal 26 al 28 gennaio Lavori per la Tav, chiude per tre notti il casello di Peschiera Chiusi gli svincoli di uscita da Venezia e di entrata per Milano 23 gennaio 2026 Il casello di Peschiera del Garda Il casello di Peschiera del Garda Nell\u2019ambito delle lavorazioni avviate dal Consorzio Cepav due per la realizzazione [&hellip;]<\/p>\n","protected":false},"author":1,"featured_media":0,"comment_status":"open","ping_status":"","sticky":false,"template":"","format":"standard","meta":{"footnotes":""},"categories":[87],"tags":[146],"class_list":["post-1458803","post","type-post","status-publish","format-standard","hentry","category-italy","tag-larena-it"],"_links":{"self":[{"href":"https:\/\/analyse.optim.biz\/index.php?rest_route=\/wp\/v2\/posts\/1458803","targetHints":{"allow":["GET"]}}],"collection":[{"href":"https:\/\/analyse.optim.biz\/index.php?rest_route=\/wp\/v2\/posts"}],"about":[{"href":"https:\/\/analyse.optim.biz\/index.php?rest_route=\/wp\/v2\/types\/post"}],"author":[{"embeddable":true,"href":"https:\/\/analyse.optim.biz\/index.php?rest_route=\/wp\/v2\/users\/1"}],"replies":[{"embeddable":true,"href":"https:\/\/analyse.optim.biz\/index.php?rest_route=%2Fwp%2Fv2%2Fcomments&post=1458803"}],"version-history":[{"count":0,"href":"https:\/\/analyse.optim.biz\/index.php?rest_route=\/wp\/v2\/posts\/1458803\/revisions"}],"wp:attachment":[{"href":"https:\/\/analyse.optim.biz\/index.php?rest_route=%2Fwp%2Fv2%2Fmedia&parent=1458803"}],"wp:term":[{"taxonomy":"category","embeddable":true,"href":"https:\/\/analyse.optim.biz\/index.php?rest_route=%2Fwp%2Fv2%2Fcategories&post=1458803"},{"taxonomy":"post_tag","embeddable":true,"href":"https:\/\/analyse.optim.biz\/index.php?rest_route=%2Fwp%2Fv2%2Ftags&post=1458803"}],"curies":[{"name":"wp","href":"https:\/\/api.w.org\/{rel}","templated":true}]}}