{"id":145740,"date":"2017-03-03T14:30:53","date_gmt":"2017-03-03T11:30:53","guid":{"rendered":"https:\/\/analyse.optim.biz\/?p=145740"},"modified":"2017-03-03T14:30:53","modified_gmt":"2017-03-03T11:30:53","slug":"grindeanu-suparat-pe-fisc-veniturile-sub-prognoza-nu-ne-afecteaza","status":"publish","type":"post","link":"https:\/\/analyse.optim.biz\/?p=145740","title":{"rendered":"Grindeanu, sup\u0103rat pe Fisc: Veniturile sub prognoz\u0103 nu ne afecteaz\u0103"},"content":{"rendered":"<div class=\"entry data-app-meta data-app-meta-article\" data-embed-base-url-canonical=\"https:\/\/www.digi24.ro\/embed\/stiri\/economie\/grindeanu-veniturile-sub-prognoza-nu-ne-afecteaza-680716\">\n<p data-index=\"1\"><strong>Sorin Grindeanu a declarat vineri c\u0103 veniturile bugetare sub prognoz\u0103, \u00eenregistrate \u00een prima lun\u0103 a anului, nu afecteaz\u0103 Executivul. Premierul a ad\u0103ugat c\u0103 Guvernul nu se va abate de la programul de guvernare al PSD. De asemenea, el a vorbit despre reforma ANAF ca solu\u021bie la gradul de colectare mai mare.<\/strong><\/p>\n<p data-index=\"2\"><img loading=\"lazy\" decoding=\"async\" class=\"alignnone size-full wp-image-680718\" src=\"https:\/\/analyse.optim.biz\/wp-content\/uploads\/2024\/09\/ad1knju0ywzlndg5mjg2m2zlymy4nzy4nmixnmzkmzuyma-thumb_.jpg\" alt=\"sorin grindeanu govro\" width=\"1200\" height=\"798\" data-skip-htmlfix=\"1\" title=\"ad1knju0ywzlndg5mjg2m2zlymy4nzy4nmixnmzkmzuyma-thumb_\"><\/p>\n<p data-index=\"3\">\u201e\u00cen niciun caz s\u0103 ne abatem de la ce ne-am propus \u0219i nici nu afecteaz\u0103. Au r\u0103mas \u00een continuare sectoare care pot fi accesate mai bine \u0219i vor fi accesate. M\u0103surile pe care noi le-am luat vor avea efecte secundare. (&#8230;) Pe mine m\u0103 intereseaz\u0103, chiar dac\u0103 februarie a fost pe plus fa\u021b\u0103 de ce \u00eenseamn\u0103 2016, ne intereseaz\u0103 chestiunea de structur\u0103 \u0219i anume reforma ANAF, priorit\u0103\u021bile pe care le are ANAF \u0219i cadrul legal pe care \u00eel va promova Ministerul Finan\u021belor Publice \u00een acest domeniu, astfel \u00eenc\u00e2t tot ceea ce am promis s\u0103 poat\u0103 s\u0103 aib\u0103 sus\u021binere \u0219i are sus\u021binere financiar\u0103\u201d, a declarat Sorin Grindeanu, \u00eentrebat dac\u0103 este afectat de veniturile bugetare sub prognoz\u0103 din luna ianuarie.<\/p>\n<p data-index=\"4\">El a precizat c\u0103 \u00een discu\u021bia pe care a avut-o cu ministrul Finan\u021belor \u0219i cu pre\u0219edintele ANAF s-a interesat de reforma Agen\u021biei Na\u021bionale de Administrare Fiscal\u0103 astfel \u00eenc\u00e2t gradul de colectare s\u0103 fie cel pe care Guvernul \u0219i l-a propus pentru 2017.<\/p>\n<p data-index=\"5\">\u201eN-am de ce s\u0103 fiu pesimist nici eu, nici colegii mei. Sunt anumite lucruri care au venit urmare a m\u0103surilor de anul trecut \u0219i care s-au r\u0103sfr\u00e2nt \u00eentr-o anumit\u0103 m\u0103sur\u0103 pe ianuarie. \u00cen februarie, lucrurile au \u00eenceput s\u0103 vin\u0103 normal, ceea ce \u00eenseamn\u0103 \u00eencas\u0103ri mai mari dec\u00e2t anul trecut, dar problema de fond e dat\u0103 de reforma ANAF, de ceea ce \u00eenseamn\u0103 priorit\u0103\u021bi ale ANAF \u00een perioada urm\u0103toare\u201d, a spus Grindeanu, potrivit Agerpres.<\/p>\n<p data-index=\"6\">Premierul a anun\u021bat c\u0103 \u00een cursul s\u0103pt\u0103m\u00e2nii viitoare, p\u00e2n\u0103 mar\u021bi, pre\u0219edintele ANAF o s\u0103 \u00eei transmit\u0103 priorit\u0103\u021bile pe termen scurt ale acestei institu\u021bii.<\/p>\n<p data-index=\"7\">\u201eO s\u0103 v\u0103 dau un exemplu vizavi de fiscalitatea \u00een dou\u0103 domenii anul trecut \u0219i care s-au r\u0103sfr\u00e2nt \u0219i la \u00eenceputul acestui an. Lucrurile au sc\u0103zut drastic ca \u00eencas\u0103ri, ca pl\u0103\u021bi de impozite p\u00e2n\u0103 la urm\u0103, \u00een dou\u0103 domenii sensibile, mai ales spre sf\u00e2r\u0219itul anului: tutun \u0219i zona de prelucrare a lemnului\u201d, a ad\u0103ugat prim-ministrul.<\/p>\n<p data-index=\"8\">Acesta a afirmat c\u0103 \u00een discu\u021bia cu \u0219eful ANAF s-a abordat \u0219i tema resursei umane.<\/p>\n<p data-index=\"9\">Agen\u0163ia Na\u0163ional\u0103 de Administrare Fiscal\u0103 (ANAF) a colectat 32 miliarde lei la buget \u00een primele dou\u0103 luni din acest an, cu 0,9% mai pu\u0163in fa\u0163\u0103 de aceea\u015fi perioad\u0103 din 2016. Pre\u015fedintele institu\u0163iei a covocat o \u015fedin\u0163\u0103 pentru luni cu \u015fefii de direc\u0163ii din ANAF, pentru un plan urgent de ac\u0163iune \u00een scopul cre\u015fterii \u00eencas\u0103rilor.<\/p>\n<p data-index=\"10\">Premierul Sorin Grindeanu s-a \u00eent\u00e2lnit, vineri diminea\u0163\u0103, cu ministrul Finan\u0163elor, Viorel \u015etefan, \u015fi cu pre\u015fedintele Agen\u0163iei Na\u0163ionale de Administrare Fiscal\u0103 (ANAF), Bogdan Nicolae-Stan, la Palatul Victoria. Discu\u0163ia a avut leg\u0103tur\u0103 cu scrisoarea de la Comisia European\u0103 trimis\u0103 Guvernului \u00een care se cer m\u0103suri pentru reducerea deficitului, estimat la 3,6%, dar \u015fi despre \u00eencas\u0103rile la buget.<\/p>\n<\/div>\n<p> Source URL: https:\/\/www.digi24.ro\/stiri\/economie\/grindeanu-veniturile-sub-prognoza-nu-ne-afecteaza-680716<\/p>\n","protected":false},"excerpt":{"rendered":"<p>Sorin Grindeanu a declarat vineri c\u0103 veniturile bugetare sub prognoz\u0103, \u00eenregistrate \u00een prima lun\u0103 a anului, nu afecteaz\u0103 Executivul. Premierul a ad\u0103ugat c\u0103 Guvernul nu se va abate de la programul de guvernare al PSD. De asemenea, el a vorbit despre reforma ANAF ca solu\u021bie la gradul de colectare mai mare. \u201e\u00cen niciun caz s\u0103 [&hellip;]<\/p>\n","protected":false},"author":1,"featured_media":145741,"comment_status":"open","ping_status":"","sticky":false,"template":"","format":"standard","meta":{"footnotes":""},"categories":[2],"tags":[11],"class_list":["post-145740","post","type-post","status-publish","format-standard","has-post-thumbnail","hentry","category-politics","tag-digi24"],"_links":{"self":[{"href":"https:\/\/analyse.optim.biz\/index.php?rest_route=\/wp\/v2\/posts\/145740","targetHints":{"allow":["GET"]}}],"collection":[{"href":"https:\/\/analyse.optim.biz\/index.php?rest_route=\/wp\/v2\/posts"}],"about":[{"href":"https:\/\/analyse.optim.biz\/index.php?rest_route=\/wp\/v2\/types\/post"}],"author":[{"embeddable":true,"href":"https:\/\/analyse.optim.biz\/index.php?rest_route=\/wp\/v2\/users\/1"}],"replies":[{"embeddable":true,"href":"https:\/\/analyse.optim.biz\/index.php?rest_route=%2Fwp%2Fv2%2Fcomments&post=145740"}],"version-history":[{"count":0,"href":"https:\/\/analyse.optim.biz\/index.php?rest_route=\/wp\/v2\/posts\/145740\/revisions"}],"wp:featuredmedia":[{"embeddable":true,"href":"https:\/\/analyse.optim.biz\/index.php?rest_route=\/wp\/v2\/media\/145741"}],"wp:attachment":[{"href":"https:\/\/analyse.optim.biz\/index.php?rest_route=%2Fwp%2Fv2%2Fmedia&parent=145740"}],"wp:term":[{"taxonomy":"category","embeddable":true,"href":"https:\/\/analyse.optim.biz\/index.php?rest_route=%2Fwp%2Fv2%2Fcategories&post=145740"},{"taxonomy":"post_tag","embeddable":true,"href":"https:\/\/analyse.optim.biz\/index.php?rest_route=%2Fwp%2Fv2%2Ftags&post=145740"}],"curies":[{"name":"wp","href":"https:\/\/api.w.org\/{rel}","templated":true}]}}