{"id":145724,"date":"2017-03-03T15:53:55","date_gmt":"2017-03-03T12:53:55","guid":{"rendered":"https:\/\/analyse.optim.biz\/?p=145724"},"modified":"2017-03-03T15:53:55","modified_gmt":"2017-03-03T12:53:55","slug":"cine-este-tanarul-pus-sef-la-agentia-domeniilor-statului","status":"publish","type":"post","link":"https:\/\/analyse.optim.biz\/?p=145724","title":{"rendered":"Cine este t\u00e2n\u0103rul pus \u0219ef la Agen\u021bia Domeniilor Statului"},"content":{"rendered":"<div class=\"entry data-app-meta data-app-meta-article\" data-embed-base-url-canonical=\"https:\/\/www.digi24.ro\/embed\/stiri\/actualitate\/politica\/cine-este-tanarul-instalat-la-sefia-agentiei-domeniilor-statului-680778\">\n<p data-index=\"1\"><strong>Printr-o decizie a premierului Sorin Grindeanu, publicat\u0103 deja \u00een Monitorul Oficial, la conducerea Agen\u021biei Domeniilor Statului se afl\u0103, de ast\u0103zi, Alexandru-Valentin \u021aachianu. Acesta va avea rang de secretar de stat \u0219i va dispune de cele circa 320.000 de hectare de teren agricol aflate \u00een administrarea ADS. Alexandru-Valentin \u021aachianu este fiul lui Marian \u021aachianu, primar al Comunei Brani\u0219tea, jude\u021bul D\u00e2mbovi\u021ba, \u0219ef al PSD Brani\u0219tea \u0219i asociat unic al unei profitabile firme care se ocup\u0103 cu produc\u021bia, prelucrarea \u0219i distribu\u021bia de semin\u021be.<\/strong><\/p>\n<p data-index=\"2\"><img loading=\"lazy\" decoding=\"async\" class=\"alignnone size-full wp-image-506385\" src=\"https:\/\/analyse.optim.biz\/wp-content\/uploads\/2024\/09\/agfzad1lownjymvjoddjnjhhmjq1nzm5ztrjmzu2zjhmm2rknw-thumb_.jpg\" alt=\"TRACTOR TERENURI AGRICOLE GETTY\" width=\"800\" height=\"539\" data-skip-htmlfix=\"1\" title=\"agfzad1lownjymvjoddjnjhhmjq1nzm5ztrjmzu2zjhmm2rknw-thumb_\"><\/p>\n<p data-index=\"3\">Informa\u021biile publice despre t\u00e2n\u0103rul \u021aachianu sunt foarte pu\u021bine, aproape inexistente. Nu exist\u0103 poze cu acesta \u0219i nici un CV nu poate fi g\u0103sit pe internet. De pild\u0103, v\u00e2rsta acestuia &#8211; 33 de ani &#8211; poate fi dedus\u0103 dintr-un interviu acordat de acesta, acum cinci ani, \u00een calitate de t\u00e2n\u0103r agricultor, interviu \u00een care l\u0103uda calit\u0103\u021bile unui anumit tip de tractor, dar \u0219i pe cele ale tat\u0103lui s\u0103u \u0219i ale sale. \u201eChiar dac\u0103 am avut multe propuneri de colaborare cu mai multe firme din Germania, am ales s\u0103 revin \u00een Rom\u00e2nia, pentru c\u0103, \u00een primul r\u00e2nd, nic\u0103ieri nu e ca acas\u0103, iar tat\u0103l meu are o g\u00e2ndire avangardist\u0103, exact genul de care are nevoie \u0163ara noastr\u0103. Sunt con\u015ftient c\u0103 Rom\u00e2nia are nevoie de oameni preg\u0103ti\u0163i, c\u0103rora li s-a implementat o altfel de g\u00e2ndire dec\u00e2t cea de aici\u201d, <a href=\"http:\/\/www.agrimedia.ro\/articole\/tractorul-fendt-826-investind-corect-economisiti-pe-termen-lung\" target=\"_blank\" data-skip-linkfix=\"1\" rel=\"noopener\">declara Alexandru-Valentin \u021aachianu \u00een 2012<\/a>.<\/p>\n<p data-index=\"4\">Se poate spune c\u0103, la momentul respectiv, t\u00e2n\u0103rul \u021aachianu avea deja experien\u021b\u0103 ca agricultor. \u00cen urm\u0103 cu un an, pe 29 iulie 2011, el depusese un proiect pentru a beneficia de <strong>sprijin pentru instalarea tinerilor fermieri<\/strong>, acordat \u00een cadrul Programului Na\u021bional de Dezvoltare Rural\u0103. Dup\u0103 cum reiese dintr-o <a href=\"https:\/\/portal.afir.info\/uploads\/Rapoarte%20de%20EVALUARE\/Masura%20112%20-%20iulie%202011\/Evaluare_M112_NEeligibile_iulie2011.pdf\" target=\"_blank\" data-skip-linkfix=\"1\" rel=\"noopener\">situa\u021bie publicat\u0103 de Agen\u021bia pentru Finan\u021barea Investi\u021biilor Rurale<\/a> (facsimil), proiectul avea ca titlu \u201eInstalarea d-nului \u021aachianu Alexandru Valentin \u00een ferma din comuna Brani\u0219tea, jude\u021bul D\u00e2mbovi\u021ba\u201d, solicitant era chiar t\u00e2n\u0103rul \u021aachianu, <strong>localit\u0103\u021bile \u00een care urma s\u0103 se realizeze proiectul erau \u201eCom. Brani\u0219tea, Sat Brani\u0219tea, com. S\u0103lcioara, sat S\u0103lcioara\u201d<\/strong>, iar suma vizat\u0103 era 25.000 de euro.<\/p>\n<p data-index=\"5\">\u00a0<\/p>\n<p data-index=\"6\"><img loading=\"lazy\" decoding=\"async\" class=\"alignnone size-full wp-image-680792\" src=\"https:\/\/analyse.optim.biz\/wp-content\/uploads\/2024\/09\/ptnjnjexzgyxnmvmzthhymm5mgm3ztaxy2fizduyodg1-thumb_.jpg\" alt=\"Tachianu_2011_scalat\" width=\"1600\" height=\"900\" data-skip-htmlfix=\"1\" title=\"ptnjnjexzgyxnmvmzthhymm5mgm3ztaxy2fizduyodg1-thumb_\"><\/p>\n<p data-index=\"7\">Dincolo de faptul c\u0103 proiectul a fost respins pentru c\u0103, aten\u021bie, <strong>\u201eculturile din teren nu sunt acelea\u0219i cu cele declarate\u201d<\/strong>, merit\u0103 observat c\u0103 <strong>proiectul ar fi urmat s\u0103 se materializeze fix unde are tat\u0103l s\u0103u terenuri (vezi facsimilul cu declara\u021bia de avere a lui Marian \u021aachianu)<\/strong>.<\/p>\n<p data-index=\"8\"><img loading=\"lazy\" decoding=\"async\" class=\"alignnone size-full wp-image-680781\" src=\"https:\/\/analyse.optim.biz\/wp-content\/uploads\/2024\/09\/yme2mjrmnwfmmdrlndqznjg2zdi3ymiyowjioq-thumb_.jpg\" alt=\"Marian Tachianu\" width=\"829\" height=\"677\" data-skip-htmlfix=\"1\" title=\"yme2mjrmnwfmmdrlndqznjg2zdi3ymiyowjioq-thumb_\"><\/p>\n<p data-index=\"9\">Dup\u0103 acela\u0219i model, sora lui \u021aachianu Jr., Ioana \u021aachianu, a depus \u0219i ea un proiect pentru a beneficia de sprijin pentru instalarea tinerilor fermieri. Proiectul a fost depus pe 28 iulie 2011, avea ca titlu \u201eInstalarea d-nei \u021aachianu Ioana \u00een ferma din Comuna S\u0103lcioara, Jude\u021bul D\u00eembovi\u021ba\u201d \u0219i viza tot suma de 25.000 de euro. Ghinion, <strong>\u0219i acest proiect a fost respins din acela\u0219i motiv: \u201eculturile din teren nu sunt acelea\u0219i cu cele declarate\u201d<\/strong>.<\/p>\n<p data-index=\"10\">Contactat de digi24.ro, Alexandru Valentin \u021aachianu a declarat c\u0103 locuie\u0219te \u00een Brani\u0219tea, dar c\u0103 nu inten\u021biona s\u0103 se instaleze fermier la ferma tat\u0103lui s\u0103u. \u201e<strong>Am avut teren luat \u00een arend\u0103 de la alte persoane. Nu m\u0103 instalam la ferma tat\u0103lui meu, c\u0103ci nu se poate face asta<\/strong>\u201d, a sus\u021binut noul pre\u0219edinte al ADS.<\/p>\n<p data-index=\"11\">Revenind la tat\u0103l recent-numitului secretar de stat, merit\u0103 precizat c\u0103 acesta este primarul Comunei Brani\u0219tea din 2012, iar la alegerile parlamentare din 2016 a fost pus pe lista de candida\u021bi a PSD D\u00e2mbovi\u021ba pentru Camera Deputa\u021bilor. Primarul de\u021bine, conform <a href=\"http:\/\/declaratii.integritate.eu\/UserFiles\/PDFfiles\/RP787_176586-C04-I780_2-ANI_BEC3-L483-00001%5B004477%5Dready\/\/DA_2016-04-04_TACHIANU%20MARIAN_70125296.pdf\" target=\"_blank\" data-skip-linkfix=\"1\" rel=\"noopener\">declara\u021biei de avere depuse la Agen\u021bia Na\u021bional\u0103 de Integritate<\/a> odat\u0103 cu intrarea \u00een cursa pentru parlamentare (c\u0103ci, altfel, pagina de internet a Prim\u0103riei Brani\u0219tea a r\u0103mas neactualizat\u0103 de pe vremea predecesorului s\u0103u), cinci terenuri \u00een jude\u021b &#8211; <strong>dou\u0103 agricole (\u00een Br\u0103ni\u0219te \u0219i S\u0103lcioara), unul forestier \u0219i dou\u0103 intravilane<\/strong> -, <strong>o cas\u0103 cu suprafa\u021ba de 589 metri p\u0103tra\u021bi \u0219i echivalentul a peste 200.000 de euro \u00een conturi<\/strong> (463.000 de lei \u00een conturi curente \u0219i circa 93.000 euro \u00eentr-un depozit). Din acela\u0219i document, rezult\u0103 c\u0103 primarul ar fi \u00eemprumutat unor firme (una dintre ele fiind cea la care el este unic asociat) cu <strong>aproape 800.000 de lei<\/strong>.<\/p>\n<p data-index=\"12\">Din <a href=\"http:\/\/declaratii.integritate.eu\/UserFiles\/PDFfiles\/RP787_176586-C04-I780_2-ANI_BEC3-L483-00001%5B004477%5Dready\/\/DI_2016-04-04_TACHIANU%20MARIAN_70125301.pdf\" target=\"_blank\" data-skip-linkfix=\"1\" rel=\"noopener\">declara\u021bia de interese a primarului<\/a> mai afl\u0103m c\u00e2te ceva: este unic asociat la SC Agro Alexoana SRL \u0219i ac\u021bionar la SC Agromec Brani\u0219tea SA (nu precizeaz\u0103 \u00een ce propor\u021bie).<\/p>\n<p data-index=\"13\">Or, prima firm\u0103 &#8211; botezat\u0103, evident, dup\u0103 numele copiilor s\u0103i &#8211; a fost premiat\u0103 \u0219i \u00een 2014, \u0219i \u00een 2015, de c\u0103tre Ministerul Agriculturii, pentru rezultatele deosebite ob\u021binute. De ambele d\u0103\u021bi, <strong>diplomele au fost recep\u021bionate de Alexandru Valentin \u021aachianu<\/strong>. Ca reprezentant al firmei, nu ca asociat, dup\u0103 cum a \u021binut acesta s\u0103 precizez pentru digi24.ro.<\/p>\n<p data-index=\"14\">Agen\u021bia Domeniilor Statului este o institu\u021bie finan\u021bat\u0103 integral de la bugetul de stat, prin bugetul Secretariatului General al Guvernului. <strong>ADS se ocup\u0103 de privatizarea societ\u0103\u021bilor comerciale cu profil agricol, cu arendarea \u0219i concesionarea terenurilor cu destina\u021bie agricol\u0103 proprietate public\u0103 \u0219i privat\u0103 a statului.<\/strong><\/p>\n<p data-index=\"15\">Potrivit unor estim\u0103ri f\u0103cute la \u00eenceputul anului 2017, ADS ar avea 238 de posturi \u0219i <strong>ar administra o suprafa\u021b\u0103 total\u0103 de 320.000 de hectare de teren agricol<\/strong>. \u00cen 2016, ADS a avut un buget de peste 17 milioane lei.<\/p>\n<\/div>\n<p> Source URL: https:\/\/www.digi24.ro\/stiri\/actualitate\/politica\/cine-este-tanarul-instalat-la-sefia-agentiei-domeniilor-statului-680778<\/p>\n","protected":false},"excerpt":{"rendered":"<p>Printr-o decizie a premierului Sorin Grindeanu, publicat\u0103 deja \u00een Monitorul Oficial, la conducerea Agen\u021biei Domeniilor Statului se afl\u0103, de ast\u0103zi, Alexandru-Valentin \u021aachianu. Acesta va avea rang de secretar de stat \u0219i va dispune de cele circa 320.000 de hectare de teren agricol aflate \u00een administrarea ADS. Alexandru-Valentin \u021aachianu este fiul lui Marian \u021aachianu, primar al [&hellip;]<\/p>\n","protected":false},"author":1,"featured_media":145725,"comment_status":"open","ping_status":"","sticky":false,"template":"","format":"standard","meta":{"footnotes":""},"categories":[2],"tags":[11],"class_list":["post-145724","post","type-post","status-publish","format-standard","has-post-thumbnail","hentry","category-politics","tag-digi24"],"_links":{"self":[{"href":"https:\/\/analyse.optim.biz\/index.php?rest_route=\/wp\/v2\/posts\/145724","targetHints":{"allow":["GET"]}}],"collection":[{"href":"https:\/\/analyse.optim.biz\/index.php?rest_route=\/wp\/v2\/posts"}],"about":[{"href":"https:\/\/analyse.optim.biz\/index.php?rest_route=\/wp\/v2\/types\/post"}],"author":[{"embeddable":true,"href":"https:\/\/analyse.optim.biz\/index.php?rest_route=\/wp\/v2\/users\/1"}],"replies":[{"embeddable":true,"href":"https:\/\/analyse.optim.biz\/index.php?rest_route=%2Fwp%2Fv2%2Fcomments&post=145724"}],"version-history":[{"count":0,"href":"https:\/\/analyse.optim.biz\/index.php?rest_route=\/wp\/v2\/posts\/145724\/revisions"}],"wp:featuredmedia":[{"embeddable":true,"href":"https:\/\/analyse.optim.biz\/index.php?rest_route=\/wp\/v2\/media\/145725"}],"wp:attachment":[{"href":"https:\/\/analyse.optim.biz\/index.php?rest_route=%2Fwp%2Fv2%2Fmedia&parent=145724"}],"wp:term":[{"taxonomy":"category","embeddable":true,"href":"https:\/\/analyse.optim.biz\/index.php?rest_route=%2Fwp%2Fv2%2Fcategories&post=145724"},{"taxonomy":"post_tag","embeddable":true,"href":"https:\/\/analyse.optim.biz\/index.php?rest_route=%2Fwp%2Fv2%2Ftags&post=145724"}],"curies":[{"name":"wp","href":"https:\/\/api.w.org\/{rel}","templated":true}]}}