{"id":145721,"date":"2017-03-03T18:09:49","date_gmt":"2017-03-03T15:09:49","guid":{"rendered":"https:\/\/analyse.optim.biz\/?p=145721"},"modified":"2017-03-03T18:09:49","modified_gmt":"2017-03-03T15:09:49","slug":"reforma-anaf-a-lui-ponta-nu-l-multumeste-pe-grindeanu","status":"publish","type":"post","link":"https:\/\/analyse.optim.biz\/?p=145721","title":{"rendered":"Reforma ANAF a lui Ponta nu-l mul\u021bume\u0219te pe Grindeanu"},"content":{"rendered":"<div class=\"entry data-app-meta data-app-meta-article\" data-embed-base-url-canonical=\"https:\/\/www.digi24.ro\/embed\/stiri\/actualitate\/politica\/dupa-ponta-grindeanu-vrea-si-el-sa-reformeze-anaf-680848\">\n<p data-index=\"1\"><strong>\u00cen contextul \u00een care ANAF a colectat pe primele trei luni ale anului 2017 mai pu\u021bin dec\u00e2t \u00een perioada similar\u0103 a anului trecut \u0219i \u00een condi\u021biile \u00een care Comisia European\u0103 a cerut m\u0103suri pentru reducerea deficitului bugetar, premierul Sorin Grindeanu invoc\u0103, iar, \u201ereforma de fond\u201d a ANAF. Doar c\u0103 Agen\u021bia Na\u021bional\u0103 de Administrare Fiscal\u0103 a mai fost \u201ereformat\u0103\u201d o dat\u0103 de ex-premierul Victor Ponta, care a decis \u0219i \u00eenfiin\u021barea Direc\u021biei Antifraud\u0103.<\/strong><\/p>\n<p data-index=\"2\"><img loading=\"lazy\" decoding=\"async\" class=\"alignnone size-full wp-image-671350\" src=\"https:\/\/analyse.optim.biz\/wp-content\/uploads\/2024\/09\/ymu0mgmzmtgynmvlogvmzta0mje2nzvkza-thumb_.jpg\" alt=\"170118_SED_GUVERN_GRINDEANU_IORDACHE_07_INQUAM_Octav_Ganea\" width=\"4883\" height=\"3255\" data-skip-htmlfix=\"1\" title=\"ymu0mgmzmtgynmvlogvmzta0mje2nzvkza-thumb_\"><\/p>\n<p data-index=\"3\">\u201ePe mine m-a interesat \u00een primul r\u00e2nd care sunt m\u0103surile pe care Ministerul Finan\u0163elor \u015fi ANAF le au pentru reforma structural\u0103 pe care mi-o doresc \u00een cadrul ANAF, astfel \u00eenc\u00e2t gradul de colectare s\u0103 fie acela pe care noi ni l-am propus pentru anul 2017\u201d, a declarat Grindeanu, vineri, dup\u0103 \u00eent\u00e2lnirea avut\u0103 cu ministrul de Finan\u021be, Viorel \u0218tefan, \u0219i cu \u0219eful ANAF, Bogdan-Nicolae Stan.<\/p>\n<p data-index=\"4\"><strong>Dincolo de ideea c\u0103 este greu de imaginat o reform\u0103 a Agen\u021biei Na\u021bionale de Administrare Fiscal\u0103 ori de c\u00e2te ori nu se colecteaz\u0103 la buget suficien\u021bi bani pentru a acoperi toate promisiunile f\u0103cute de PSD \u00een programele electorale, merit\u0103 amintit c\u0103 ANAF a mai suferit, cel pu\u021bin a\u0219a s-a transmis public, o ampl\u0103 reform\u0103<\/strong>.<\/p>\n<p data-index=\"5\">\u00cen decembrie 2012, Guvernul Ponta se angaja s\u0103 restructureze institu\u021biile de control fiscal, respectiv ANAF, Garda Financiar\u0103 \u0219i Vama. ANAF urma s\u0103 fie reorganizat\u0103 \u00een termen de trei ani, potrivit \u00een\u021belegerii dintre autorit\u0103\u021bile rom\u00e2ne \u0219i exper\u021bii Fondului Monetar Interna\u021bional, Comisiei Europene \u0219i B\u0103ncii Mondiale.<\/p>\n<p data-index=\"6\">La aproape un an distan\u021b\u0103, pe 4 noiembrie 2013, la finalul negocierilor cu reprezentan\u021bii FMI, CE \u0219i BM, vicepremierul Daniel Chi\u021boiu (ALDE) ar\u0103ta c\u0103, lun\u0103 de lun\u0103, \u00eencas\u0103rile \u201eau dep\u0103\u0219it nivelul programat\u201d. \u201e<strong>Deci reforma ANAF \u00een teritoriu, la nivel regional \u015fi local, jude\u0163ean, a luat sf\u00e2r\u015fit \u00een luna septembrie<\/strong>, fapt relevat de cre\u015fterea colect\u0103rii \u00een luna octombrie, \u015fi, de asemenea, \u00eencep\u00e2nd cu aceast\u0103 s\u0103pt\u0103m\u00e2n\u0103, va intra \u00een func\u0163iune \u015fi noua structur\u0103 de antifraud\u0103, Direc\u0163ia general\u0103 de antifraud\u0103 fiscal\u0103, care va avea rolul numai de a combate evaziunea \u015fi frauda fiscal\u0103\u201d, declara Chi\u021boiu.<\/p>\n<p data-index=\"7\">La acel moment, Direc\u021bia General\u0103 Antifraud\u0103 Fiscal\u0103 avea c\u00e2teva luni de existen\u021b\u0103 (a fost \u00eenfiin\u021bat\u0103 prin OUG nr. 74\/26 iunie 2013) \u0219i laudele nu mai conteneau s\u0103 curg\u0103. \u201eDirec\u021bia Antifraud\u0103 este o idee de reform\u0103 a administra\u021biei fiscale pe care n-a realizat-o nimeni \u00een ultimii 20 de ani. Unul dintre jurnali\u0219ti pe bun\u0103 dreptate spunea c\u0103 e un fel de DNA al Finan\u021belor. Da, pentru c\u0103 Direc\u021bia Antifraud\u0103 va fi complet independent\u0103 \u0219i politic \u0219i administrativ. R\u0103spunde \u00een fa\u021ba mea ca prim-ministru. Are r\u0103spunderi \u0219i colaborare legal\u0103 \u0219i direct\u0103 cu Parchetul \u0219i cu serviciile de informa\u021bii, care au atribu\u021bii \u00een combaterea evaziunii fiscale \u0219i contrabandei\u201d, declara Ponta, \u00een august 2013.<\/p>\n<p data-index=\"8\">Tot atunci, la <strong>\u0219efia DGAF a fost instalat Romeo Florin Nicolae, cel care, doi ani mai t\u00e2rziu, avea s\u0103 fie trimis \u00een judecat\u0103 pentru c\u0103 ar fi luat \u0219pag\u0103 ca o anumit\u0103 firm\u0103 s\u0103 nu pl\u0103teasc\u0103 la bugetul de stat c\u00e2t scria \u00een decizia de impunere<\/strong>.<\/p>\n<p data-index=\"9\">Mai trece un an \u0219i, prin septembrie 2015, iar se vorbe\u0219te de reorganizarea ANAF. De data aceasta, nemul\u021bumit era chiar \u0219eful ANAF, Gelu Diaconu, care spunea c\u0103 Agen\u021bia este un fel de \u201erud\u0103 s\u0103rac\u0103 a Ministerului Finan\u021belor Publice\u201d, c\u0103 se afl\u0103 \u201ela discre\u021bia decizional\u0103 a func\u021bionarilor din minister\u201d \u0219i c\u0103 \u201e\u00ee\u0219i irose\u0219te resursele ca urmare a sarcinilor primite de la Curtea de Conturi\u201d.<\/p>\n<p data-index=\"10\">Pe l\u00e2ng\u0103 ideea<strong> \u00eenfiin\u021b\u0103rii unui \u201eboard\u201d din care s\u0103 fac\u0103 parte oameni numi\u021bi de Guvern, Parlament \u0219i Pre\u0219edin\u021bie<\/strong>, guvernan\u021bii, \u00een frunte cu premierul Victor Ponta, ar\u0103tau c\u0103 se lucreaz\u0103 \u0219i la <strong>\u00eenfiin\u021barea unui \u201edepartament special pentru execut\u0103ri silite\u201d<\/strong>. \u201eDeci, nu vorbesc de hot\u0103r\u00e2rile penale. Aia e o alt\u0103 discu\u021bie \u0219i aceea e Agen\u021bia care a trecut deja prin Parlament, este la Senat\u201d, punea punctul pe \u201ei\u201d Ponta, ca s\u0103 nu existe vreo confuzie cu Agen\u021bia Na\u021bional\u0103 a Bunurilor Indisponibilizate, o alt\u0103 structur\u0103 \u00eenfiin\u021bat\u0103 s\u0103 aduc\u0103 bani la bugetul de stat (mai precis, s\u0103 recupereze banii reprezent\u00e2nd prejudiciile din dosarele penale).<\/p>\n<p data-index=\"11\">Acum, la \u00eenceputul lunii martie 2017, guvernan\u021bii vorbesc iar de reforma ANAF.<\/p>\n<p data-index=\"12\">Pe de o parte pentru c\u0103, \u00een primele trei luni ale anului veniturile colectate au sc\u0103zut cu 0,9% fa\u021b\u0103 de aceea\u0219i perioad\u0103 a anului trecut, dup\u0103 cum anun\u021b\u0103 reprezentan\u021bii Agen\u021biei. \u00cen treac\u0103t fie spus, exist\u0103 \u0219i surse care aten\u021bioneaz\u0103 c\u0103 sc\u0103derea ar fi mult mai mare \u00een realitate \u0219i c\u0103 pare o misiune imposibil\u0103 s\u0103 se ating\u0103 cre\u0219terea veniturilor de 14% prev\u0103zut\u0103 \u00een legea bugetului de stat pe 2017.<\/p>\n<p data-index=\"13\">Pe de alt\u0103 parte, exist\u0103 scrisoarea \u00een care care vicepre\u0219edintele Comisiei Europene, Valdis Dombrivskis, \u0219i Comisarul pentru Afaceri Economice \u0219i Financiare, Pierre Moscovici, \u00eel avertizeaz\u0103 pe ministrul de Finan\u021be c\u0103 exist\u0103 riscul ca deficitul bugetar s\u0103 ajung\u0103 la 3,6% \u00een 2017 \u0219i la 3,9% \u00een 2018. C\u0103 tot s-a angajat Guvernul PSD-ALDE c\u0103 deficitul bugetar va fi sub 3% (2,96%, mai precis, conform Legii bugetului de stat pe 2017).<\/p>\n<\/div>\n<p> Source URL: https:\/\/www.digi24.ro\/stiri\/actualitate\/politica\/dupa-ponta-grindeanu-vrea-si-el-sa-reformeze-anaf-680848<\/p>\n","protected":false},"excerpt":{"rendered":"<p>\u00cen contextul \u00een care ANAF a colectat pe primele trei luni ale anului 2017 mai pu\u021bin dec\u00e2t \u00een perioada similar\u0103 a anului trecut \u0219i \u00een condi\u021biile \u00een care Comisia European\u0103 a cerut m\u0103suri pentru reducerea deficitului bugetar, premierul Sorin Grindeanu invoc\u0103, iar, \u201ereforma de fond\u201d a ANAF. Doar c\u0103 Agen\u021bia Na\u021bional\u0103 de Administrare Fiscal\u0103 a [&hellip;]<\/p>\n","protected":false},"author":1,"featured_media":145722,"comment_status":"open","ping_status":"","sticky":false,"template":"","format":"standard","meta":{"footnotes":""},"categories":[2],"tags":[11],"class_list":["post-145721","post","type-post","status-publish","format-standard","has-post-thumbnail","hentry","category-politics","tag-digi24"],"_links":{"self":[{"href":"https:\/\/analyse.optim.biz\/index.php?rest_route=\/wp\/v2\/posts\/145721","targetHints":{"allow":["GET"]}}],"collection":[{"href":"https:\/\/analyse.optim.biz\/index.php?rest_route=\/wp\/v2\/posts"}],"about":[{"href":"https:\/\/analyse.optim.biz\/index.php?rest_route=\/wp\/v2\/types\/post"}],"author":[{"embeddable":true,"href":"https:\/\/analyse.optim.biz\/index.php?rest_route=\/wp\/v2\/users\/1"}],"replies":[{"embeddable":true,"href":"https:\/\/analyse.optim.biz\/index.php?rest_route=%2Fwp%2Fv2%2Fcomments&post=145721"}],"version-history":[{"count":0,"href":"https:\/\/analyse.optim.biz\/index.php?rest_route=\/wp\/v2\/posts\/145721\/revisions"}],"wp:featuredmedia":[{"embeddable":true,"href":"https:\/\/analyse.optim.biz\/index.php?rest_route=\/wp\/v2\/media\/145722"}],"wp:attachment":[{"href":"https:\/\/analyse.optim.biz\/index.php?rest_route=%2Fwp%2Fv2%2Fmedia&parent=145721"}],"wp:term":[{"taxonomy":"category","embeddable":true,"href":"https:\/\/analyse.optim.biz\/index.php?rest_route=%2Fwp%2Fv2%2Fcategories&post=145721"},{"taxonomy":"post_tag","embeddable":true,"href":"https:\/\/analyse.optim.biz\/index.php?rest_route=%2Fwp%2Fv2%2Ftags&post=145721"}],"curies":[{"name":"wp","href":"https:\/\/api.w.org\/{rel}","templated":true}]}}