{"id":145667,"date":"2017-03-05T16:11:02","date_gmt":"2017-03-05T13:11:02","guid":{"rendered":"https:\/\/analyse.optim.biz\/?p=145667"},"modified":"2017-03-05T16:11:02","modified_gmt":"2017-03-05T13:11:02","slug":"fara-politica-in-scoala-sfat-de-la-finlanda","status":"publish","type":"post","link":"https:\/\/analyse.optim.biz\/?p=145667","title":{"rendered":"F\u0103r\u0103 politic\u0103 \u00een \u0219coal\u0103! Sfat de la Finlanda"},"content":{"rendered":"<div class=\"entry data-app-meta data-app-meta-article\" data-embed-base-url-canonical=\"https:\/\/www.digi24.ro\/embed\/stiri\/actualitate\/educatie\/fara-politica-in-scoala-sfat-de-la-finlanda-681690\">\n<p data-index=\"1\"><strong><span lang=\"ro-RO\">Pavel N\u0103stase, ministrul Educa\u021biei, spune \u00eentr-un interviu pentru <a href=\"http:\/\/www.news.ro\/social\/interviu-ministrul-educatiei-vrem-o-schimbare-simultana-pentru-tot-invatamantul-preuniversitar-programe-simplificate-manuale-reduse-profesori-pregatiti-copiii-se-plictisesc-la-scoala-1922400005002017031016822758\" target=\"_blank\" data-skip-linkfix=\"1\" rel=\"noopener\">News.ro<\/a> c\u0103 a avut o discu\u021bie cu omologul finlandez, Sanni Grahn-Laasonen, cu privire la reforma educa\u021biei.<\/span><\/strong><\/p>\n<p data-index=\"2\"><img loading=\"lazy\" decoding=\"async\" class=\"alignnone size-full wp-image-642692\" src=\"https:\/\/analyse.optim.biz\/wp-content\/uploads\/2024\/09\/y2vimdkyyjnjnjlhotnjmmq1odnhndyxnmm-thumb_.jpg\" alt=\"pavel nastase\" width=\"339\" height=\"197\" data-skip-htmlfix=\"1\" title=\"y2vimdkyyjnjnjlhotnjmmq1odnhndyxnmm-thumb_\"><\/p>\n<p data-index=\"3\"><span lang=\"ro-RO\">Ministrul rom\u00e2n al Educa\u021biei a fost \u00eentrebat ce \u00eel nemul\u0163ume\u015fte cel mai mult \u00een \u00eenv\u0103\u0163\u0103m\u00e2ntul rom\u00e2nesc. Pavel N\u0103stase a r\u0103spuns c\u0103 \u201ep<\/span>roblema cea mai complicat\u0103 este \u00eenv\u0103\u0163\u0103m\u00e2ntul preuniversitar\u201d.<\/p>\n<p data-index=\"4\">\u201eO \u015fcoal\u0103 func\u0163ioneaz\u0103 bine dac\u0103 ai\u201a \u00een primul r\u00e2nd, resursa uman\u0103 preg\u0103tit\u0103. Am discutat cu ministrul finlandez. A spus: &#8220;Sunt c\u00e2teva condi\u0163ii: 1 &#8211; nu trebuie s\u0103 se amestece politicul \u00een \u015fcoal\u0103, 2 &#8211; manuale bune \u015fi profesori buni&#8221;. \u00cen Finlanda, profesorii sunt foarte bine pl\u0103ti\u0163i. Absolven\u0163ii no\u015ftri care r\u0103m\u00e2n \u00een \u00eenv\u0103\u0163\u0103m\u00e2nt nu sunt cel mai bine preg\u0103ti\u0163i, g\u0103sesc un loc foarte bine pl\u0103tit \u00een business, de aceea trebuie s\u0103 aloc\u0103m resursele diferen\u0163iat\u201d, a continuat ministrul N\u0103stase.<\/p>\n<\/div>\n<p> Source URL: https:\/\/www.digi24.ro\/stiri\/actualitate\/educatie\/fara-politica-in-scoala-sfat-de-la-finlanda-681690<\/p>\n","protected":false},"excerpt":{"rendered":"<p>Pavel N\u0103stase, ministrul Educa\u021biei, spune \u00eentr-un interviu pentru News.ro c\u0103 a avut o discu\u021bie cu omologul finlandez, Sanni Grahn-Laasonen, cu privire la reforma educa\u021biei. Ministrul rom\u00e2n al Educa\u021biei a fost \u00eentrebat ce \u00eel nemul\u0163ume\u015fte cel mai mult \u00een \u00eenv\u0103\u0163\u0103m\u00e2ntul rom\u00e2nesc. Pavel N\u0103stase a r\u0103spuns c\u0103 \u201eproblema cea mai complicat\u0103 este \u00eenv\u0103\u0163\u0103m\u00e2ntul preuniversitar\u201d. \u201eO \u015fcoal\u0103 func\u0163ioneaz\u0103 [&hellip;]<\/p>\n","protected":false},"author":1,"featured_media":145668,"comment_status":"open","ping_status":"","sticky":false,"template":"","format":"standard","meta":{"footnotes":""},"categories":[2],"tags":[11],"class_list":["post-145667","post","type-post","status-publish","format-standard","has-post-thumbnail","hentry","category-politics","tag-digi24"],"_links":{"self":[{"href":"https:\/\/analyse.optim.biz\/index.php?rest_route=\/wp\/v2\/posts\/145667","targetHints":{"allow":["GET"]}}],"collection":[{"href":"https:\/\/analyse.optim.biz\/index.php?rest_route=\/wp\/v2\/posts"}],"about":[{"href":"https:\/\/analyse.optim.biz\/index.php?rest_route=\/wp\/v2\/types\/post"}],"author":[{"embeddable":true,"href":"https:\/\/analyse.optim.biz\/index.php?rest_route=\/wp\/v2\/users\/1"}],"replies":[{"embeddable":true,"href":"https:\/\/analyse.optim.biz\/index.php?rest_route=%2Fwp%2Fv2%2Fcomments&post=145667"}],"version-history":[{"count":0,"href":"https:\/\/analyse.optim.biz\/index.php?rest_route=\/wp\/v2\/posts\/145667\/revisions"}],"wp:featuredmedia":[{"embeddable":true,"href":"https:\/\/analyse.optim.biz\/index.php?rest_route=\/wp\/v2\/media\/145668"}],"wp:attachment":[{"href":"https:\/\/analyse.optim.biz\/index.php?rest_route=%2Fwp%2Fv2%2Fmedia&parent=145667"}],"wp:term":[{"taxonomy":"category","embeddable":true,"href":"https:\/\/analyse.optim.biz\/index.php?rest_route=%2Fwp%2Fv2%2Fcategories&post=145667"},{"taxonomy":"post_tag","embeddable":true,"href":"https:\/\/analyse.optim.biz\/index.php?rest_route=%2Fwp%2Fv2%2Ftags&post=145667"}],"curies":[{"name":"wp","href":"https:\/\/api.w.org\/{rel}","templated":true}]}}