{"id":145664,"date":"2017-03-05T20:52:34","date_gmt":"2017-03-05T17:52:34","guid":{"rendered":"https:\/\/analyse.optim.biz\/?p=145664"},"modified":"2017-03-05T20:52:34","modified_gmt":"2017-03-05T17:52:34","slug":"v-ponta-grindeanu-se-sfatuieste-cu-mine-dar-face-ce-spune-dragnea","status":"publish","type":"post","link":"https:\/\/analyse.optim.biz\/?p=145664","title":{"rendered":"V. Ponta: Grindeanu se sf\u0103tuie\u015fte cu mine, dar face ce spune Dragnea"},"content":{"rendered":"<div class=\"entry data-app-meta data-app-meta-article\" data-embed-base-url-canonical=\"https:\/\/www.digi24.ro\/embed\/stiri\/actualitate\/politica\/v-ponta-grindeanu-se-sfatuieste-cu-mine-dar-face-ce-spune-dragnea-681839\">\n<p data-index=\"1\"><strong>Deputatul PSD Victor Ponta a declarat c\u0103 premierul Sorin Grindeanu se sf\u0103tuie\u015fte cu el, dar face \u00een continuare ce spune liderul social-democra\u0163ilor, Liviu Dragnea. Ulterior, a afirmat c\u0103 a fost o glum\u0103.<\/strong><\/p>\n<p data-index=\"2\"><img loading=\"lazy\" decoding=\"async\" class=\"alignnone size-full wp-image-681840\" src=\"https:\/\/analyse.optim.biz\/wp-content\/uploads\/2024\/09\/zgzhmdywm2mwmdmynwm4nwrhmtnlndbkmjzmzg-thumb_.jpg\" alt=\"ponta profil fb\" width=\"1600\" height=\"1064\" data-skip-htmlfix=\"1\" title=\"zgzhmdywm2mwmdmynwm4nwrhmtnlndbkmjzmzg-thumb_\"><\/p>\n<p data-index=\"3\">Chestionat dac\u0103 premierul Sorin Grindeanu se sf\u0103tuie\u015fte cu el, deputatul a spus c\u0103 discut\u0103, dar prim-ministrul face tot ceea ce \u00eei spune Liviu Dragnea.<\/p>\n<p data-index=\"4\">\u201eDac\u0103 \u00een\u0163elege\u0163i gluma mea, domnul Grindeanu se sf\u0103tuie\u015fte cu mine, dar face ce spune domnul Dragnea. Adev\u0103rurile se spun \u00een glum\u0103\u201d, a afirmat fostul premier, la un post de televiziune, citat de News.ro.<\/p>\n<p data-index=\"5\">De asemenea, \u00eentrebat cum vede evolu\u0163ia lucrurilor \u00een Rom\u00e2nia \u00een acest an, el a spus c\u0103 \u201efoarte r\u0103u\u201d, \u00een condi\u0163iile \u00een care Rom\u00e2nia nu are \u201eun pilot la man\u015f\u0103 \u015fi se bate lumea cine duce avionul\u201d.<\/p>\n<\/div>\n<p> Source URL: https:\/\/www.digi24.ro\/stiri\/actualitate\/politica\/v-ponta-grindeanu-se-sfatuieste-cu-mine-dar-face-ce-spune-dragnea-681839<\/p>\n","protected":false},"excerpt":{"rendered":"<p>Deputatul PSD Victor Ponta a declarat c\u0103 premierul Sorin Grindeanu se sf\u0103tuie\u015fte cu el, dar face \u00een continuare ce spune liderul social-democra\u0163ilor, Liviu Dragnea. Ulterior, a afirmat c\u0103 a fost o glum\u0103. Chestionat dac\u0103 premierul Sorin Grindeanu se sf\u0103tuie\u015fte cu el, deputatul a spus c\u0103 discut\u0103, dar prim-ministrul face tot ceea ce \u00eei spune Liviu [&hellip;]<\/p>\n","protected":false},"author":1,"featured_media":145665,"comment_status":"open","ping_status":"","sticky":false,"template":"","format":"standard","meta":{"footnotes":""},"categories":[2],"tags":[11],"class_list":["post-145664","post","type-post","status-publish","format-standard","has-post-thumbnail","hentry","category-politics","tag-digi24"],"_links":{"self":[{"href":"https:\/\/analyse.optim.biz\/index.php?rest_route=\/wp\/v2\/posts\/145664","targetHints":{"allow":["GET"]}}],"collection":[{"href":"https:\/\/analyse.optim.biz\/index.php?rest_route=\/wp\/v2\/posts"}],"about":[{"href":"https:\/\/analyse.optim.biz\/index.php?rest_route=\/wp\/v2\/types\/post"}],"author":[{"embeddable":true,"href":"https:\/\/analyse.optim.biz\/index.php?rest_route=\/wp\/v2\/users\/1"}],"replies":[{"embeddable":true,"href":"https:\/\/analyse.optim.biz\/index.php?rest_route=%2Fwp%2Fv2%2Fcomments&post=145664"}],"version-history":[{"count":0,"href":"https:\/\/analyse.optim.biz\/index.php?rest_route=\/wp\/v2\/posts\/145664\/revisions"}],"wp:featuredmedia":[{"embeddable":true,"href":"https:\/\/analyse.optim.biz\/index.php?rest_route=\/wp\/v2\/media\/145665"}],"wp:attachment":[{"href":"https:\/\/analyse.optim.biz\/index.php?rest_route=%2Fwp%2Fv2%2Fmedia&parent=145664"}],"wp:term":[{"taxonomy":"category","embeddable":true,"href":"https:\/\/analyse.optim.biz\/index.php?rest_route=%2Fwp%2Fv2%2Fcategories&post=145664"},{"taxonomy":"post_tag","embeddable":true,"href":"https:\/\/analyse.optim.biz\/index.php?rest_route=%2Fwp%2Fv2%2Ftags&post=145664"}],"curies":[{"name":"wp","href":"https:\/\/api.w.org\/{rel}","templated":true}]}}