{"id":145661,"date":"2017-03-05T21:51:12","date_gmt":"2017-03-05T18:51:12","guid":{"rendered":"https:\/\/analyse.optim.biz\/?p=145661"},"modified":"2017-03-05T21:51:12","modified_gmt":"2017-03-05T18:51:12","slug":"liviu-dragnea-aprecieri-pentru-ministrul-petre-daea","status":"publish","type":"post","link":"https:\/\/analyse.optim.biz\/?p=145661","title":{"rendered":"Liviu Dragnea, aprecieri pentru ministrul Petre Daea"},"content":{"rendered":"<div class=\"entry data-app-meta data-app-meta-article\" data-embed-base-url-canonical=\"https:\/\/www.digi24.ro\/embed\/stiri\/actualitate\/politica\/liviu-dragnea-aprecieri-pentru-ministrul-petre-daea-681859\">\n<p data-index=\"1\"><strong>Pre\u015fedintele PSD, Liviu Dragnea, a scris duminic\u0103, pe Facebook, c\u0103 apar primele semne privind diferen\u0163a dintre guvernarea PSD-ALDE \u015fi cea tehnocrat\u0103, \u00een condi\u0163iile \u00een care ministrul Agriculturii, Petre Daea, a anun\u0163at c\u0103, p\u00e2n\u0103 \u00een acest moment, peste 70% din fermieri \u015fi-au primit subven\u0163iile pentru campania de prim\u0103var\u0103, \u00een timp ce Guvernul tehnocrat a acordat, anul trecut, subven\u0163iile abia \u00een lunile iunie \u2013 august.<\/strong><\/p>\n<figure class=\"article-thumb\"><img decoding=\"async\" src=\"https:\/\/analyse.optim.biz\/wp-content\/uploads\/2024\/09\/pwuzzwfjmze3ota3nzc5zjhhzju3nje1zwu5mtdmowm0-thumb_-1.jpg\" alt=\"petre daea crop agerpres\" data-skip-htmlfix=\"1\" title=\"pwuzzwfjmze3ota3nzc5zjhhzju3nje1zwu5mtdmowm0-thumb_-1\"><figcaption> FOTO: Agerpres <\/figcaption><\/figure>\n<p data-index=\"2\">\u201eApar primele semne privind diferen\u0163a dintre guvernarea PSD-ALDE \u015fi guvernarea tehnocrat\u0103. La ultima \u015fedin\u0163\u0103 de Guvern, ministrul Agriculturii, Petre Daea, a anun\u0163at c\u0103, din cei 681.000 de fermieri din Rom\u00e2nia, 482.000 \u015fi-au primit deja subven\u0163iile pentru campania de prim\u0103var\u0103. Deci peste 70% dintre agricultori \u015fi-au primit banii, iar restul \u00eei vor primi cu siguran\u0163\u0103 p\u00e2n\u0103 la finalul lunii, a\u015fa cum am promis \u00een timpul campaniei electorale\u201d, a scris liderul PSD.<\/p>\n<p data-index=\"3\">Liviu Dragnea a sus\u0163inut c\u0103 \u201eaici se vede cum te responsabilizeaz\u0103 votul din partea cet\u0103\u0163enilor\u201d.<\/p>\n<p data-index=\"4\">\u201eAnul trecut pe vremea asta, tehnocra\u0163ii nici m\u0103car nu \u00eencepuser\u0103 s\u0103 vorbeasc\u0103 despre acest subiect, iar subven\u0163iile au ajuns la fermieri abia prin lunile iunie, iulie sau august\u201d, a conchis pre\u015fedintele Camerei Deputa\u0163ilor.<\/p>\n<p data-index=\"5\">Ministrul Agriculturii, Petre Daea, a afirmat, joi, \u00een debutul \u015fedin\u0163ei Executivului, c\u0103 subven\u0163iile din agricultur\u0103 se vor acorda mai repede anul acesta, respectiv p\u00e2n\u0103 la 31 martie, preciz\u00e2nd c\u0103 din totalul de 681.000 de fermieri, p\u00e2n\u0103 la aceast\u0103 dat\u0103 s-au procesat acte pentru 481.814, ceea ce reprezint\u0103 71% din total. El a st\u00e2rnit amuzamentul membrilor Guvernului dup\u0103 ce a f\u0103cut o afirma\u0163ie confuz\u0103 privind subven\u0163iile, declar\u00e2nd c\u0103 sper\u0103 c\u0103 \u201d\u00een 31 martie s\u0103 avem numai situa\u0163ii neclare\u201d.<\/p>\n<\/div>\n<p> Source URL: https:\/\/www.digi24.ro\/stiri\/actualitate\/politica\/liviu-dragnea-aprecieri-pentru-ministrul-petre-daea-681859<\/p>\n","protected":false},"excerpt":{"rendered":"<p>Pre\u015fedintele PSD, Liviu Dragnea, a scris duminic\u0103, pe Facebook, c\u0103 apar primele semne privind diferen\u0163a dintre guvernarea PSD-ALDE \u015fi cea tehnocrat\u0103, \u00een condi\u0163iile \u00een care ministrul Agriculturii, Petre Daea, a anun\u0163at c\u0103, p\u00e2n\u0103 \u00een acest moment, peste 70% din fermieri \u015fi-au primit subven\u0163iile pentru campania de prim\u0103var\u0103, \u00een timp ce Guvernul tehnocrat a acordat, anul [&hellip;]<\/p>\n","protected":false},"author":1,"featured_media":145662,"comment_status":"open","ping_status":"","sticky":false,"template":"","format":"standard","meta":{"footnotes":""},"categories":[2],"tags":[11],"class_list":["post-145661","post","type-post","status-publish","format-standard","has-post-thumbnail","hentry","category-politics","tag-digi24"],"_links":{"self":[{"href":"https:\/\/analyse.optim.biz\/index.php?rest_route=\/wp\/v2\/posts\/145661","targetHints":{"allow":["GET"]}}],"collection":[{"href":"https:\/\/analyse.optim.biz\/index.php?rest_route=\/wp\/v2\/posts"}],"about":[{"href":"https:\/\/analyse.optim.biz\/index.php?rest_route=\/wp\/v2\/types\/post"}],"author":[{"embeddable":true,"href":"https:\/\/analyse.optim.biz\/index.php?rest_route=\/wp\/v2\/users\/1"}],"replies":[{"embeddable":true,"href":"https:\/\/analyse.optim.biz\/index.php?rest_route=%2Fwp%2Fv2%2Fcomments&post=145661"}],"version-history":[{"count":0,"href":"https:\/\/analyse.optim.biz\/index.php?rest_route=\/wp\/v2\/posts\/145661\/revisions"}],"wp:featuredmedia":[{"embeddable":true,"href":"https:\/\/analyse.optim.biz\/index.php?rest_route=\/wp\/v2\/media\/145662"}],"wp:attachment":[{"href":"https:\/\/analyse.optim.biz\/index.php?rest_route=%2Fwp%2Fv2%2Fmedia&parent=145661"}],"wp:term":[{"taxonomy":"category","embeddable":true,"href":"https:\/\/analyse.optim.biz\/index.php?rest_route=%2Fwp%2Fv2%2Fcategories&post=145661"},{"taxonomy":"post_tag","embeddable":true,"href":"https:\/\/analyse.optim.biz\/index.php?rest_route=%2Fwp%2Fv2%2Ftags&post=145661"}],"curies":[{"name":"wp","href":"https:\/\/api.w.org\/{rel}","templated":true}]}}