{"id":145655,"date":"2017-03-06T00:18:22","date_gmt":"2017-03-05T21:18:22","guid":{"rendered":"https:\/\/analyse.optim.biz\/?p=145655"},"modified":"2017-03-06T00:18:22","modified_gmt":"2017-03-05T21:18:22","slug":"tariceanu-infirma-ca-s-ar-fi-discutat-in-coalitie-despre-numirea-directorului-sie","status":"publish","type":"post","link":"https:\/\/analyse.optim.biz\/?p=145655","title":{"rendered":"T\u0103riceanu infirm\u0103 c\u0103 s-ar fi discutat \u00een coali\u0163ie despre numirea directorului SIE"},"content":{"rendered":"<div class=\"entry data-app-meta data-app-meta-article\" data-embed-base-url-canonical=\"https:\/\/www.digi24.ro\/embed\/stiri\/actualitate\/politica\/tariceanu-infirma-ca-s-ar-fi-discutat-in-coalitie-numirea-directorului-sie-681905\">\n<p data-index=\"1\"><strong><span lang=\"ro-RO\">Pre\u0219edintele Senatului, C\u0103lin Popescu-T\u0103riceanu, a infirmat duminic\u0103 seara c\u0103 ar fi avut loc o discu\u021bie \u00een coali\u021bia de guvernare privind numirea directorului Serviciului de Informa\u021bii Externe (SIE) \u0219i, de asemenea, a infirmat nominalizarea lui Cezar Preda pentru a ocupa func\u021bia respectiv\u0103.<\/span><\/strong><\/p>\n<figure class=\"article-thumb\"><img decoding=\"async\" src=\"https:\/\/analyse.optim.biz\/wp-content\/uploads\/2024\/09\/jmhhc2g9ngjlmzfimji1mje4zdrmzjgxn2fimmu3mzjmn2rmyzi-thumb_-1.jpg\" alt=\"Tariceanu_Dosar_021017_Agerpres\" data-skip-htmlfix=\"1\" title=\"jmhhc2g9ngjlmzfimji1mje4zdrmzjgxn2fimmu3mzjmn2rmyzi-thumb_-1\"><figcaption> FOTO Agerpres <\/figcaption><\/figure>\n<p data-index=\"2\"><span lang=\"ro-RO\">&#8220;Astea nu sunt dec\u00e2t specula\u021bii (posibila numire a lui Cezar Preda la \u0219efia SIE \u0219i o \u00een\u021belegere \u00eentre \u0219eful statului \u0219i coali\u021bia de guvernare pe aceast\u0103 tem\u0103 n.r.) \u0219i n-a existat niciun fel de discu\u021bie nici m\u0103car \u00eentre Liviu Dragnea \u0219i mine, cu at\u00e2t mai pu\u021bin cu pre\u0219edintele. Nu c\u0103 nu confirm, infirm c\u0103 ar exista o astfel de discu\u021bie sau c\u0103 ar fi existat o astfel de discu\u021bie \u0219i numele pe care l-am v\u0103zut evocat nu \u0219tiu de unde a ap\u0103rut, dar&#8230; (&#8230;) Domnul Preda n-a fost nominalizat de nimeni&#8221;, a declarat T\u0103riceanu \u00eentr-o emisiune televizat\u0103, citat\u0103 de Agerpres.<\/span><\/p>\n<p data-index=\"3\">El a spus c\u0103, pentru a fi &#8220;feri\u021bi de riscuri&#8221; \u00een viitor, directorul SIE trebuie s\u0103 fie o persoan\u0103 &#8220;care s\u0103 poat\u0103 face fa\u021b\u0103 constr\u00e2ngerilor \u0219i responsabilit\u0103\u021bilor func\u021biei&#8221;.<\/p>\n<p data-index=\"4\">&#8220;O s\u0103 discut\u0103m \u00eent\u00e2i \u00een alian\u021b\u0103, p\u0103rerea mea e c\u0103 trebuie s\u0103 g\u0103sim \u00een primul r\u00e2nd o persoan\u0103 care s\u0103 poat\u0103 s\u0103 fac\u0103 fa\u021b\u0103 constr\u00e2ngerilor \u0219i, p\u00e2n\u0103 la urm\u0103, responsabilit\u0103\u021bilor unei astfel de func\u021bii \u0219i nu e chiar un lucru foarte u\u0219or. Depinde ce vrem s\u0103 facem cu aceste servicii, dac\u0103 vrem s\u0103 punem un om c\u0103ruia s\u0103-i d\u0103m o sinecur\u0103 sau cineva g\u00e2nde\u0219te \u00een termenii \u0103\u0219tia, atunci e foarte simplu. (&#8230;) Cei care au fost cultiva\u021bi, forma\u021bi, educa\u021bi (\u00een proximitatea serviciilor de informa\u021bii n.r), nu. Trebuie s\u0103 vin\u0103 oameni care (&#8230;) au convingeri democratice serioase (&#8230;) Dar eu vreau, pentru ca s\u0103 fim feri\u021bi de orice riscuri pe viitor, cei care conduc serviciile s\u0103 fie oameni care \u00een primul r\u00e2nd sunt civili, ca s\u0103 spun a\u0219a, \u0219i \u00een\u021beleg c\u0103 trebuie s\u0103 existe o linie de demarca\u021bie net\u0103 \u00eentre servicii \u0219i via\u021ba politic\u0103&#8221;, a ad\u0103ugat C\u0103lin Popescu T\u0103riceanu.<\/p>\n<p data-index=\"5\">Pre\u0219edintele Senatului consider\u0103 c\u0103 serviciile de informa\u021bii nu trebuie s\u0103 fie prezente \u00een pres\u0103, \u00een politic\u0103, \u00een justi\u021bie sau economie.<\/p>\n<p data-index=\"6\">&#8220;Nu au serviciile ce s\u0103 se implice \u00een via\u021ba politic\u0103, \u00een deciziile politice sau ale justi\u021biei sau economice. Adic\u0103 serviciile trebuie s\u0103-\u0219i vad\u0103 de treaba lor, ca peste tot \u00een lumea civilizat\u0103 \u0219i nu trebuie s\u0103 existe o imixtiune a acestor servicii \u00een alte zone \u00een care pot s\u0103 produc\u0103 distorsion\u0103ri. Nu sunt de acord cu prezen\u021ba serviciilor \u00een mass media, nu sunt de acord cu prezen\u021ba serviciilor \u00een zona politic\u0103, a parlamentului, a guvernului, \u00een zona economic\u0103, \u00een zona justi\u021biei, nu au serviciile ce s\u0103 caute. Serviciile trebuie s\u0103-\u0219i duc\u0103 activitatea conform menirii \u00een care ele au fost g\u00e2ndite \u00eentotdeauna \u0219i \u00een sensul \u00een care func\u021bioneaz\u0103 peste tot \u00een lumea democratic\u0103 \u0219i liber\u0103&#8221;, a mai spus T\u0103riceanu.<\/p>\n<\/div>\n<p> Source URL: https:\/\/www.digi24.ro\/stiri\/actualitate\/politica\/tariceanu-infirma-ca-s-ar-fi-discutat-in-coalitie-numirea-directorului-sie-681905<\/p>\n","protected":false},"excerpt":{"rendered":"<p>Pre\u0219edintele Senatului, C\u0103lin Popescu-T\u0103riceanu, a infirmat duminic\u0103 seara c\u0103 ar fi avut loc o discu\u021bie \u00een coali\u021bia de guvernare privind numirea directorului Serviciului de Informa\u021bii Externe (SIE) \u0219i, de asemenea, a infirmat nominalizarea lui Cezar Preda pentru a ocupa func\u021bia respectiv\u0103. FOTO Agerpres &#8220;Astea nu sunt dec\u00e2t specula\u021bii (posibila numire a lui Cezar Preda la [&hellip;]<\/p>\n","protected":false},"author":1,"featured_media":145656,"comment_status":"open","ping_status":"","sticky":false,"template":"","format":"standard","meta":{"footnotes":""},"categories":[2],"tags":[11],"class_list":["post-145655","post","type-post","status-publish","format-standard","has-post-thumbnail","hentry","category-politics","tag-digi24"],"_links":{"self":[{"href":"https:\/\/analyse.optim.biz\/index.php?rest_route=\/wp\/v2\/posts\/145655","targetHints":{"allow":["GET"]}}],"collection":[{"href":"https:\/\/analyse.optim.biz\/index.php?rest_route=\/wp\/v2\/posts"}],"about":[{"href":"https:\/\/analyse.optim.biz\/index.php?rest_route=\/wp\/v2\/types\/post"}],"author":[{"embeddable":true,"href":"https:\/\/analyse.optim.biz\/index.php?rest_route=\/wp\/v2\/users\/1"}],"replies":[{"embeddable":true,"href":"https:\/\/analyse.optim.biz\/index.php?rest_route=%2Fwp%2Fv2%2Fcomments&post=145655"}],"version-history":[{"count":0,"href":"https:\/\/analyse.optim.biz\/index.php?rest_route=\/wp\/v2\/posts\/145655\/revisions"}],"wp:featuredmedia":[{"embeddable":true,"href":"https:\/\/analyse.optim.biz\/index.php?rest_route=\/wp\/v2\/media\/145656"}],"wp:attachment":[{"href":"https:\/\/analyse.optim.biz\/index.php?rest_route=%2Fwp%2Fv2%2Fmedia&parent=145655"}],"wp:term":[{"taxonomy":"category","embeddable":true,"href":"https:\/\/analyse.optim.biz\/index.php?rest_route=%2Fwp%2Fv2%2Fcategories&post=145655"},{"taxonomy":"post_tag","embeddable":true,"href":"https:\/\/analyse.optim.biz\/index.php?rest_route=%2Fwp%2Fv2%2Ftags&post=145655"}],"curies":[{"name":"wp","href":"https:\/\/api.w.org\/{rel}","templated":true}]}}