{"id":145606,"date":"2017-03-02T17:54:42","date_gmt":"2017-03-02T14:54:42","guid":{"rendered":"https:\/\/analyse.optim.biz\/?p=145606"},"modified":"2017-03-02T17:54:42","modified_gmt":"2017-03-02T14:54:42","slug":"ministrul-agriculturii-confuz-sper-ca-in-31-martie-sa-avem-numai-situatii-neclare","status":"publish","type":"post","link":"https:\/\/analyse.optim.biz\/?p=145606","title":{"rendered":"Ministrul Agriculturii, confuz: Sper ca \u00een 31 martie s\u0103 avem numai situa\u021bii neclare"},"content":{"rendered":"<div class=\"entry data-app-meta data-app-meta-article\" data-embed-base-url-canonical=\"https:\/\/www.digi24.ro\/embed\/stiri\/economie\/agricultura\/ministrul-agriculturii-confuz-sper-ca-in-31-martie-sa-avem-numai-situatii-neclare-680220\">\n<p data-index=\"1\"><strong>Ministrul Agriculturii, Petre Daea, a afirmat, joi, \u00een debutul \u015fedin\u0163ei Executivului, c\u0103 subven\u0163iile din agricultur\u0103 se vor acorda mai repede anul acesta, respectiv p\u00e2n\u0103 la 31 martie. El a st\u00e2rnit amuzamentul membrilor Guvernului dup\u0103 ce a f\u0103cut o afirma\u0163ie confuz\u0103 privind subven\u0163iile, declar\u00e2nd c\u0103 sper\u0103 c\u0103 \u201d\u00een 31 martie s\u0103 avem numai situa\u0163ii neclare\u201d.<\/strong><\/p>\n<figure class=\"article-thumb\"><img decoding=\"async\" src=\"https:\/\/analyse.optim.biz\/wp-content\/uploads\/2024\/09\/owzizdhhzthlnddin2fmmdc0ztk1mge1mdu5nzkyoq-thumb_.jpg\" alt=\"petre daea crop agerpres\" data-skip-htmlfix=\"1\" title=\"owzizdhhzthlnddin2fmmdc0ztk1mge1mdu5nzkyoq-thumb_\"><figcaption> FOTO: Agerpres <\/figcaption><\/figure>\n<p data-index=\"2\">\u201dPrimul obiectiv al programului de guvernare \u00een agricultur\u0103 este \u015fi va r\u0103m\u00e2ne acordarea la timp a subven\u0163iilor pentru fermieri. Am elaborat \u015fi aprobat toate actele normative necesare, am \u00eenscris \u00een bugetul Ministerului Agriculturii suma necesar\u0103 pentru acordarea tuturor subven\u0163iilor pentru fermieri. Ne-am organizat elimin\u00e2nd r\u0103m\u00e2nerile \u00een urm\u0103 privind controlul \u00een teren, am opera\u0163ionalizat sistemul de prelucrare \u015fi procesare a datelor, am transferat la timp sumele de la Ministerul Finan\u0163elor \u00een contul APIA printr-o colaborare perfect\u0103 \u00eentre cele dou\u0103 ministere, al Agriculturii \u015fi Finan\u0163elor. A\u015fa se face c\u0103, pentru prima data \u00een Rom\u00e2nia, acord\u0103m subven\u0163iile \u00eencep\u00e2nd cu data de 23 februarie anul acesta\u201d, a afirmat Daea, citat de News.ro.<\/p>\n<p data-index=\"3\">El a precizat c\u0103 din totalul de 681.000 de fermieri, p\u00e2n\u0103 la aceast\u0103 dat\u0103 s-au procesat acte pentru 481.814 de fermieri, ceea ce reprezint\u0103 71%, cu o sum\u0103 total\u0103 de 48,14 milioane euro.<\/p>\n<p data-index=\"4\">Totodat\u0103, ministrul a anun\u0163at c\u0103 \u00een data de 10 martie \u00eencepe acordarea subven\u0163iilor \u015fi pentru zootehnie.<\/p>\n<p data-index=\"5\">Ministrul a \u0163inut s\u0103 sublinieze c\u0103 subven\u0163iile c\u0103tre sectorul agricol, pe care Guvernul Ciolo\u015f le-a acordat anul trecut \u00een var\u0103, vor fi pl\u0103tite anul acesta, \u00een cea mai mare parte, p\u00e2n\u0103 la finalul lunii martie.<\/p>\n<p data-index=\"6\">Afirma\u0163ia lui a fost \u00eens\u0103 confuz\u0103 \u015fi premierul Sorin Grindeanu a sim\u0163it nevoia s\u0103 intervin\u0103 pentru clarific\u0103ri, afirma\u0163ie care de altfel a st\u00e2rnit amuzamentul membrilor Executivului.<\/p>\n<p data-index=\"7\">Discu\u0163ia din \u015fedin\u0163a de Guvern, potrivit <a href=\"http:\/\/gov.ro\/ro\/guvernul\/sedinte-guvern\/declaratii-sustinute-de-premierul-sorin-grindeanu-la-inceputul-edintei-de-guvern1488463681\" target=\"_blank\" data-skip-linkfix=\"1\" rel=\"noopener\">guv.ro:<\/a><\/p>\n<p data-index=\"8\">&#8220;Sorin Grindeanu: Dle ministru, la 31 martie ce se \u00eent\u00e2mpl\u0103?<\/p>\n<p data-index=\"9\">Petre Daea: Dle prim-ministru pentru mine ziua este exact\u0103, sarcina de asemenea. Sper ca \u00een 31 martie s\u0103 avem numai situa\u021bii neclare privind leg\u0103tura \u00eentre sistem, sistemul de aplicare, \u0219i situa\u021biile concrete pentru fermierii din Rom\u00e2nia.\u00a0<\/p>\n<p data-index=\"10\">Sorin Grindeanu: Adic\u0103 lucruri pu\u021bine.<\/p>\n<p data-index=\"11\">Petre Daea: Foarte pu\u021bine.<\/p>\n<p data-index=\"12\">Sorin Grindeanu: Dac\u0103 sistemul lucreaz\u0103 a\u0219a cum a\u021bi spus dvs, m\u0103 a\u0219tept s\u0103 fie foarte pu\u021bine.\u00a0<\/p>\n<p data-index=\"13\">Petre Daea: A\u0219a consider \u0219i eu \u0219i asigur Guvernul Rom\u00e2niei c\u0103 \u00een acest proces de plat\u0103 de verificare sunt o serie \u00eentreag\u0103 de calcule, pentru c\u0103 Rom\u00e2nia, agricultura \u021b\u0103rii rom\u00e2ne\u0219ti, distribuie 89 de forme de sprijin. Este o munc\u0103 extraordinar\u0103, cu o aplica\u021bie bine pus\u0103 la punct, \u0219i c\u00e2nd am spus c\u0103 \u00een sistem pot ap\u0103rea unele sincope m-am g\u00e2ndit la capacitatea de exprimare a sistemului electronic pe care noi l-am preg\u0103tit, \u0219i nu am nicio \u00eendoial\u0103 c\u0103 el nu ne va r\u0103spunde vizavi de interesul pe care \u00eel avem \u0219i noi \u0219i Guvernul Rom\u00e2niei. Avem to\u021bi banii, dle prim-ministru. Ne-a\u021bi pus banii \u00een buget, este p\u0103cat s\u0103 nu \u00eei d\u0103m la timp&#8221;.<\/p>\n<\/div>\n<p> Source URL: https:\/\/www.digi24.ro\/stiri\/economie\/agricultura\/ministrul-agriculturii-confuz-sper-ca-in-31-martie-sa-avem-numai-situatii-neclare-680220<\/p>\n","protected":false},"excerpt":{"rendered":"<p>Ministrul Agriculturii, Petre Daea, a afirmat, joi, \u00een debutul \u015fedin\u0163ei Executivului, c\u0103 subven\u0163iile din agricultur\u0103 se vor acorda mai repede anul acesta, respectiv p\u00e2n\u0103 la 31 martie. El a st\u00e2rnit amuzamentul membrilor Guvernului dup\u0103 ce a f\u0103cut o afirma\u0163ie confuz\u0103 privind subven\u0163iile, declar\u00e2nd c\u0103 sper\u0103 c\u0103 \u201d\u00een 31 martie s\u0103 avem numai situa\u0163ii neclare\u201d. FOTO: [&hellip;]<\/p>\n","protected":false},"author":1,"featured_media":145607,"comment_status":"open","ping_status":"","sticky":false,"template":"","format":"standard","meta":{"footnotes":""},"categories":[2],"tags":[11],"class_list":["post-145606","post","type-post","status-publish","format-standard","has-post-thumbnail","hentry","category-politics","tag-digi24"],"_links":{"self":[{"href":"https:\/\/analyse.optim.biz\/index.php?rest_route=\/wp\/v2\/posts\/145606","targetHints":{"allow":["GET"]}}],"collection":[{"href":"https:\/\/analyse.optim.biz\/index.php?rest_route=\/wp\/v2\/posts"}],"about":[{"href":"https:\/\/analyse.optim.biz\/index.php?rest_route=\/wp\/v2\/types\/post"}],"author":[{"embeddable":true,"href":"https:\/\/analyse.optim.biz\/index.php?rest_route=\/wp\/v2\/users\/1"}],"replies":[{"embeddable":true,"href":"https:\/\/analyse.optim.biz\/index.php?rest_route=%2Fwp%2Fv2%2Fcomments&post=145606"}],"version-history":[{"count":0,"href":"https:\/\/analyse.optim.biz\/index.php?rest_route=\/wp\/v2\/posts\/145606\/revisions"}],"wp:featuredmedia":[{"embeddable":true,"href":"https:\/\/analyse.optim.biz\/index.php?rest_route=\/wp\/v2\/media\/145607"}],"wp:attachment":[{"href":"https:\/\/analyse.optim.biz\/index.php?rest_route=%2Fwp%2Fv2%2Fmedia&parent=145606"}],"wp:term":[{"taxonomy":"category","embeddable":true,"href":"https:\/\/analyse.optim.biz\/index.php?rest_route=%2Fwp%2Fv2%2Fcategories&post=145606"},{"taxonomy":"post_tag","embeddable":true,"href":"https:\/\/analyse.optim.biz\/index.php?rest_route=%2Fwp%2Fv2%2Ftags&post=145606"}],"curies":[{"name":"wp","href":"https:\/\/api.w.org\/{rel}","templated":true}]}}