{"id":1454893,"date":"2014-03-31T09:15:15","date_gmt":"2014-03-31T06:15:15","guid":{"rendered":"https:\/\/analyse.optim.biz\/?p=1454893"},"modified":"2014-03-31T09:15:15","modified_gmt":"2014-03-31T06:15:15","slug":"un-deceniu-de-la-aderarea-romaniei-la-nato-sarbatorit-de-romfilatelia-suceavalive","status":"publish","type":"post","link":"https:\/\/analyse.optim.biz\/?p=1454893","title":{"rendered":"Un deceniu de la aderarea Rom\u00e2niei la NATO, s\u0103rb\u0103torit de Romfilatelia &#8211; SuceavaLIVE"},"content":{"rendered":"<article id=\"post-35165\" class=\"clearfix post-35165 post type-post status-publish format-standard has-post-thumbnail hentry category-comunicate tag-aderare tag-colita tag-marci-postale tag-nato tag-romania tag-romfilatelia tag-suceava tag-suceavalive tag-timbru\">\n<header id=\"cb-standard-featured\">\n<div id=\"cb-fis-wrap\" class=\"cb-entry-header cb-fis cb-style-standard\"><span class=\"cb-title-fi\"><\/p>\n<h1 class=\"entry-title cb-entry-title cb-single-title\">Un deceniu de la aderarea Rom\u00e2niei la NATO, s\u0103rb\u0103torit de Romfilatelia<\/h1>\n<div class=\"cb-byline cb-font-header\">\n<div class=\"cb-date cb-byline-element\"><time datetime=\"2014-03-31\">31 martie 2014<\/time><\/div>\n<\/div>\n<p><\/span><\/div>\n<div class=\"cb-mask\"><img decoding=\"async\" width=\"969\" height=\"631\" src=\"https:\/\/analyse.optim.biz\/wp-content\/uploads\/2026\/01\/colita-10-ani-de-la-aderarea-romaniei-la-nato.jpg\" class=\"attachment-cb-full-full size-cb-full-full wp-post-image\" loading=\"lazy\" title=\"colita-10-ani-de-la-aderarea-romaniei-la-nato\"><\/div>\n<\/header>\n<p>\u00cen urm\u0103 cu 10 ani, la 29 martie 2004, Rom\u00e2nia a aderat la NATO prin depunerea instrumentelor de ratificare, iar la data de 2 aprilie 2004, a avut loc ceremonia arbor\u0103rii drapelului \u021b\u0103rii noastre \u00een fa\u021ba Cartierului General al NATO din Bruxelles, eveniment istoric care a marcat intrarea \u021b\u0103rii noastre \u00eentr-o nou\u0103 etap\u0103.<\/p>\n<section class=\"cb-entry-content entry-content clearfix\">\n<p>La moment aniversar, profilul Rom\u00e2niei \u00een NATO reflect\u0103 continuitate, coeren\u021b\u0103 \u0219i dinamism \u00een sus\u021binerea intereselor na\u021bionale, constituind principalul furnizor de securitate pentru \u021bara noastr\u0103 \u0219i reprezent\u00e2nd cel mai important cadru de dialog \u0219i cooperare trans-atlantic\u0103 \u00een acest domeniu.<\/p>\n<p>Rom\u00e2nia a fost \u0219i continu\u0103 s\u0103 fie prezent\u0103 al\u0103turi de Alia\u021bi \u00een opera\u021biile \u0219i misiunile NATO, menite s\u0103 promoveze stabilitatea \u0219i securitatea la nivel global, astfel c\u0103, la \u00eemplinirea a 10 ani de la aderare, putem afirma cu deplin\u0103 convingere c\u0103 asist\u0103m la atingerea celui mai \u00eenalt grad de securitate din istoria contemporan\u0103 a Rom\u00e2niei, cu beneficii reale \u0219i directe pentru siguran\u021ba cet\u0103\u021benilor rom\u00e2ni.<\/p>\n<p>Acest moment istoric, de politic\u0103 extern\u0103 \u0219i importan\u021b\u0103 na\u021bional\u0103, este marcat de Romfilatelia prin emisiunea aniversar\u0103 de m\u0103rci po\u0219tale \u201e10 ani de la aderarea Rom\u00e2niei la NATO\u201d, alc\u0103tuit\u0103 dintr-un timbru cu valoarea nominal\u0103 de <b>9,10 lei<\/b> \u0219i un plic prima zi. Ca forme de machetare au fost folosite coala de 32 de timbre, minicoala de 6 timbre \u0219i coli\u021ba dantelat\u0103.<\/p>\n<p>\u00cencep\u00e2nd cu ziua de miercuri, 2 aprilie 2014, emisiunea de m\u0103rci po\u0219tale \u201e10 ani de la aderarea Rom\u00e2niei la NATO\u201d va putea fi achizi\u0163ionat\u0103 de la toate magazinele Romfilatelia din Bucure\u015fti \u015fi din \u0163ar\u0103.<\/p>\n<p>Romfilatelia mul\u021bume\u0219te conducerii Ministerului Afacerilor Externe pentru sprijinul acordat la realizarea acestei emisiuni de m\u0103rci po\u0219tale.<\/p>\n<\/section>\n<footer class=\"article-footer\">\n<p class=\"cb-tags\"><a href=\"https:\/\/suceavalive.ro\/tag\/aderare\/\" rel=\"tag\">aderare<\/a><a href=\"https:\/\/suceavalive.ro\/tag\/colita\/\" rel=\"tag\">colita<\/a><a href=\"https:\/\/suceavalive.ro\/tag\/marci-postale\/\" rel=\"tag\">marci postale<\/a><a href=\"https:\/\/suceavalive.ro\/tag\/nato\/\" rel=\"tag\">nato<\/a><a href=\"https:\/\/suceavalive.ro\/tag\/romania\/\" rel=\"tag\">rom\u00e2nia<\/a><a href=\"https:\/\/suceavalive.ro\/tag\/romfilatelia\/\" rel=\"tag\">romfilatelia<\/a><a href=\"https:\/\/suceavalive.ro\/tag\/suceava\/\" rel=\"tag\">Suceava<\/a><a href=\"https:\/\/suceavalive.ro\/tag\/suceavalive\/\" rel=\"tag\">suceavalive<\/a><a href=\"https:\/\/suceavalive.ro\/tag\/timbru\/\" rel=\"tag\">timbru<\/a><\/p>\n<div class=\"cb-social-sharing cb-post-footer-block cb-beside clearfix\">\n<div class=\"cb-title-subtle\">Share On:<\/div>\n<div class=\"cb-twitter\"><a href=\"https:\/\/twitter.com\/share\" class=\"twitter-share-button\" data-dnt=\"true\" data-count=\"horizontal\">Tweet<\/a><\/div>\n<\/div>\n<div id=\"cb-previous-next-links\" class=\"cb-post-footer-block clearfix\">\n<div id=\"cb-previous-link\"><a href=\"https:\/\/suceavalive.ro\/anunt-informativ-vanzare-cabaline-34\/\" rel=\"prev\">ANUN\u0162 INFORMATIV V\u00c2NZARE CABALINE<\/a><\/div>\n<div id=\"cb-next-link\"><a href=\"https:\/\/suceavalive.ro\/lansare-de-carte-dezbatere-si-conferinta-de-presa-cu-larry-l-watts\/\" rel=\"next\">Lansare de carte, dezbatere \u015fi conferin\u0163\u0103 de pres\u0103 cu Larry L. Watts<\/a><\/div>\n<\/div>\n<div id=\"cb-author-box\" class=\"clearfix\">\n<h3 class=\"cb-block-title\">Despre autor<\/h3>\n<div class=\"cb-mask\"><a href=\"https:\/\/suceavalive.ro\/author\/luiza-loghin\/\"><img decoding=\"async\" src=\"https:\/\/analyse.optim.biz\/wp-content\/uploads\/2026\/01\/21ec5a38ee016d23a9c9d50ce3b4e9e7ef5b09765e70997405f8f9e4b1856ee7-10.jpg\" class=\"avatar avatar-120 photo\" height=\"120\" width=\"120\" loading=\"lazy\" title=\"21ec5a38ee016d23a9c9d50ce3b4e9e7ef5b09765e70997405f8f9e4b1856ee7-10\"><\/a><\/div>\n<div class=\"cb-meta\">\n<div class=\"cb-info\">\n<div class=\"cb-author-title vcard\"><a href=\"https:\/\/suceavalive.ro\/author\/luiza-loghin\/\"><span class=\"fn\">Luiza Loghin<\/span><\/a><\/div>\n<\/div>\n<\/div>\n<\/div>\n<div id=\"cb-related-posts\" class=\"cb-related-posts-block cb-post-end-block clearfix\">\n<h3 class=\"cb-block-title\">Postari asemanatoare<\/h3>\n<ul>\n<li class=\"cb-style-overlay cb-grid-entry cb-related-post no-1\">\n<div class=\"cb-mask\"><a href=\"https:\/\/suceavalive.ro\/calendarul-zilei-de-27-ianuarie\/\"><img decoding=\"async\" width=\"360\" height=\"240\" src=\"https:\/\/analyse.optim.biz\/wp-content\/uploads\/2026\/01\/12552942_494807460706367_4358555493743545886_n-e1485499851272-360x240-2.jpg\" class=\"attachment-cb-360-240 size-cb-360-240 wp-post-image\" loading=\"lazy\" title=\"12552942_494807460706367_4358555493743545886_n-e1485499851272-360x240-2\"><\/a><\/div>\n<div class=\"cb-meta cb-article-meta\">\n<h4 class=\"h3 cb-post-title\"><a href=\"https:\/\/suceavalive.ro\/calendarul-zilei-de-27-ianuarie\/\">Calendarul zilei de 27 ianuarie<\/a><\/h4>\n<div class=\"cb-byline cb-font-header\">\n<div class=\"cb-date cb-byline-element\"><time datetime=\"2026-01-27\">27 ianuarie 2026<\/time><\/div>\n<\/div>\n<\/div>\n<\/li>\n<li class=\"cb-style-overlay cb-grid-entry cb-related-post no-2\">\n<div class=\"cb-mask\"><a href=\"https:\/\/suceavalive.ro\/calendarul-zilei-de-26-ianuarie\/\"><img decoding=\"async\" width=\"360\" height=\"240\" src=\"https:\/\/analyse.optim.biz\/wp-content\/uploads\/2026\/01\/ceausescu-2-360x240-4.jpg\" class=\"attachment-cb-360-240 size-cb-360-240 wp-post-image\" loading=\"lazy\" title=\"ceausescu-2-360x240-4\"><\/a><\/div>\n<div class=\"cb-meta cb-article-meta\">\n<h4 class=\"h3 cb-post-title\"><a href=\"https:\/\/suceavalive.ro\/calendarul-zilei-de-26-ianuarie\/\">Calendarul zilei de 26 ianuarie<\/a><\/h4>\n<div class=\"cb-byline cb-font-header\">\n<div class=\"cb-date cb-byline-element\"><time datetime=\"2026-01-26\">26 ianuarie 2026<\/time><\/div>\n<\/div>\n<\/div>\n<\/li>\n<\/ul>\n<\/div>\n<\/footer>\n<div id=\"respond\" class=\"comment-respond\">\n<h3 id=\"reply-title\" class=\"comment-reply-title\">Lasa un raspuns <small><a rel=\"nofollow\" id=\"cancel-comment-reply-link\" href=\"https:\/\/suceavalive.ro\/un-deceniu-de-la-aderarea-romaniei-la-nato-sarbatorit-de-romfilatelia\/#respond\">Anuleaza raspunsul<\/a><\/small><\/h3>\n<p class=\"comment-notes\">Adresa ta de email nu va fi publicat\u0103.<\/p>\n<\/div>\n<\/article>\n<p> Source URL: https:\/\/suceavalive.ro\/un-deceniu-de-la-aderarea-romaniei-la-nato-sarbatorit-de-romfilatelia\/<\/p>\n","protected":false},"excerpt":{"rendered":"<p>Un deceniu de la aderarea Rom\u00e2niei la NATO, s\u0103rb\u0103torit de Romfilatelia 31 martie 2014 \u00cen urm\u0103 cu 10 ani, la 29 martie 2004, Rom\u00e2nia a aderat la NATO prin depunerea instrumentelor de ratificare, iar la data de 2 aprilie 2004, a avut loc ceremonia arbor\u0103rii drapelului \u021b\u0103rii noastre \u00een fa\u021ba Cartierului General al NATO din [&hellip;]<\/p>\n","protected":false},"author":1,"featured_media":0,"comment_status":"open","ping_status":"","sticky":false,"template":"","format":"standard","meta":{"footnotes":""},"categories":[89],"tags":[173],"class_list":["post-1454893","post","type-post","status-publish","format-standard","hentry","category-romania","tag-suceavalive-ro"],"_links":{"self":[{"href":"https:\/\/analyse.optim.biz\/index.php?rest_route=\/wp\/v2\/posts\/1454893","targetHints":{"allow":["GET"]}}],"collection":[{"href":"https:\/\/analyse.optim.biz\/index.php?rest_route=\/wp\/v2\/posts"}],"about":[{"href":"https:\/\/analyse.optim.biz\/index.php?rest_route=\/wp\/v2\/types\/post"}],"author":[{"embeddable":true,"href":"https:\/\/analyse.optim.biz\/index.php?rest_route=\/wp\/v2\/users\/1"}],"replies":[{"embeddable":true,"href":"https:\/\/analyse.optim.biz\/index.php?rest_route=%2Fwp%2Fv2%2Fcomments&post=1454893"}],"version-history":[{"count":0,"href":"https:\/\/analyse.optim.biz\/index.php?rest_route=\/wp\/v2\/posts\/1454893\/revisions"}],"wp:attachment":[{"href":"https:\/\/analyse.optim.biz\/index.php?rest_route=%2Fwp%2Fv2%2Fmedia&parent=1454893"}],"wp:term":[{"taxonomy":"category","embeddable":true,"href":"https:\/\/analyse.optim.biz\/index.php?rest_route=%2Fwp%2Fv2%2Fcategories&post=1454893"},{"taxonomy":"post_tag","embeddable":true,"href":"https:\/\/analyse.optim.biz\/index.php?rest_route=%2Fwp%2Fv2%2Ftags&post=1454893"}],"curies":[{"name":"wp","href":"https:\/\/api.w.org\/{rel}","templated":true}]}}