{"id":1452329,"date":"2019-02-18T03:00:52","date_gmt":"2019-02-18T00:00:52","guid":{"rendered":"https:\/\/analyse.optim.biz\/?p=1452329"},"modified":"2019-02-18T03:00:52","modified_gmt":"2019-02-18T00:00:52","slug":"dosarul-dna-privind-puscariasii-scriitori-declinat-sectiei-pentru-investigarea-infractiunilor-din-justitie","status":"publish","type":"post","link":"https:\/\/analyse.optim.biz\/?p=1452329","title":{"rendered":"Dosarul DNA privind pu\u015fc\u0103ria\u015fii scriitori, declinat Sec\u0163iei pentru investigarea infrac\u0163iunilor din justi\u0163ie"},"content":{"rendered":"<div class=\"pf-content\">\n<p>\u00a0<\/p>\n<p><strong><a href=\"https:\/\/analyse.optim.biz\/wp-content\/uploads\/2026\/01\/carti-cu-raspundere-limitata-2-foto-modernism-ro_.jpg\"><img decoding=\"async\" loading=\"lazy\" title=\"Carti-cu-raspundere-limitata-2-Foto-modernism.ro\" width=\"1067\" height=\"709\" class=\"aligncenter wp-image-31706 size-full lazyload\" src=\"https:\/\/analyse.optim.biz\/wp-content\/uploads\/2026\/01\/carti-cu-raspundere-limitata-2-foto-modernism-ro_.jpg\"><\/a><\/strong><\/p>\n<p><img decoding=\"async\" loading=\"lazy\" class=\"aligncenter wp-image-31706 size-full\" title=\"Carti-cu-raspundere-limitata-2-Foto-modernism.ro\" src=\"https:\/\/analyse.optim.biz\/wp-content\/uploads\/2026\/01\/carti-cu-raspundere-limitata-2-foto-modernism-ro_.jpg\" width=\"1067\" height=\"709\">DNA a declinat dosarul pu\u015fc\u0103ria\u015filor scriitori de opere \u201e\u015ftiin\u0163ifice\u201d c\u0103tre Sec\u0163ia pentru investigarea infrac\u0163iunilor din justi\u0163ie din cadrul Parchetului General. O decizie care ridic\u0103 semne de \u00eentrebare, pentru c\u0103 dosarul DNA nu viza doar fapte comise de procurori sau de judec\u0103tori.<\/p>\n<p>\u00a0<\/p>\n<h4>O declinare cu semne de \u00eentrebare?<\/h4>\n<p>\u00centr-un r\u0103spuns trimis la o solicitare de informa\u0163ii referitoare la stadiul anchetei privind publicarea de c\u0103r\u0163i \u015ftiin\u0163ifice \u00een penitenciare, deschis\u0103 de DNA \u00een ianuarie 2016, ni se transmite c\u0103 \u00een acest dosar s-au efectuat cercet\u0103ri strict cu privire la fapte, dar c\u0103 anul acesta, \u00een 8 februarie, a fost declinat la Sec\u0163ia pentru investigarea infrac\u0163iunilor din justi\u0163ie din cadrul Parchetului de pe l\u00e2ng\u0103 \u00cenalta Curte de Casa\u0163ie \u015fi Justi\u0163ie.<\/p>\n<p>Sec\u0163ia pentru investigarea infrac\u0163iunilor din Justi\u0163ie \u2013 intens criticat\u0103 de o serie de voci din Justi\u0163ie, din politic\u0103 \u015fi societatea civil\u0103, care o consider\u0103 un instrument de presiune la adresa magistra\u0163ilor \u2013 a fost \u00eenfiin\u0163at\u0103 \u00een noiembrie 2018, de ministrul <strong>Tudorel Toader. \u00a0<\/strong>Condus\u0103 de procurorul <strong>Adina Florea<\/strong>, pe care Tudorel Toader a propus-o de dou\u0103 ori pentru a fi numit\u0103 la conducerea DNA, sec\u0163ia are competen\u021ba exclusiv\u0103 de a efectua urm\u0103rirea penal\u0103 pentru infrac\u021biunile s\u0103v\u00e2r\u0219ite de judec\u0103tori \u0219i procurori, inclusiv judec\u0103torii \u0219i procurorii militari \u0219i cei care au calitatea de membri ai Consiliului Superior al Magistraturii.<\/p>\n<p>Decizie declin\u0103rii acestui dosar al DNA c\u0103tre\u00a0Sec\u0163ia pentru investigarea infrac\u0163iunilor din justi\u0163ie \u2013 care are \u00een atribu\u0163ii strict investigarea unor presupuse fapte ilegale comise de magistra\u0163i \u2013\u00a0ridic\u0103, deci, ni\u015fte semne de \u00eentrebare. Pentru c\u0103 dosarul DNA nu vizeaz\u0103 doar fapte comise de procurori sau de judec\u0103tori \u2013 care ar putea fi implica\u0163i \u00een punerea \u00een libertate ilegal\u0103 a unor pu\u015fc\u0103ria\u015fi care au declarat c\u0103 au scris \u201eopere \u015ftiin\u0163ifice\u201d \u2013, ci fapte comise de de\u0163inu\u0163ii scriitori \u015fi de cei care au contribuit la punerea lor \u00een libertate, adic\u0103 directori \u015fi patroni de edituri, cadre universitare, angaja\u0163i ai Administra\u0163iei Na\u0163ionale a Penitenciarelor .<\/p>\n<p>\u00a0<\/p>\n<h4>O veritabil\u0103 fr\u0103\u0163ie penal-academic\u0103<\/h4>\n<p>Dup\u0103 cum am mai scris, dosarul a fost deschis de DNA \u00een ianuarie 2016, la vremea respectiv\u0103 institu\u0163ia anun\u0163\u00e2nd c\u0103 s-a autosesizat \u00een acest caz \u015fi a \u00eenceput o anchet\u0103 penal\u0103 in rem ce viza modul \u00een care, pentru a-\u015fi scurta pedeapa, sute de pu\u015fc\u0103ria\u015fi declaraser\u0103, \u00een ultimii ani, c\u0103 au scris \u00een perioada deten\u0163iei lucr\u0103ri \u015ftiin\u0163ifice. Pentru fiecare astfel de lucrare le-au fost sc\u0103zute 30 de zile din pedeasp\u0103. Dosarul viza nu doar sute de de\u0163inu\u0163i, ci \u015fi pe cei care contribuiser\u0103 la eliberarea din deten\u0163ie, \u00eenainte de termen, a acestor \u201escriitori\u201d. Adic\u0103, zeci de cadre universitare, care le-au girat, de\u015fi \u015ftiu ce \u00eenseamn\u0103 o lucrare \u015ftiin\u0163ific\u0103 \u015fi \u015ftiu c\u0103 este imposibil de scris un astfel de volum, \u00een decurs de c\u00e2teva s\u0103pt\u0103m\u00e2ni, \u00een deten\u0163ie. Apoi, administratori sau directori de edituri care declar\u0103 c\u0103 le-au tip\u0103rit, dar nu le-au trimis nic\u0103ieri spre v\u00e2nzare, nici m\u0103car nu le-au declarat la Biblioteca Na\u021bional\u0103. \u015ei, nu \u00een ultimul r\u00e2nd, angaja\u0163i ai Penitenciarelor \u015fi chiar judec\u0103tori care nu au v\u0103zut nereguli \u2013 de\u015fi acestea au fost sesizabile \u0219i la o verificare jurnalistic\u0103 \u2013 \u015fi au dispus punerea lor \u00een libertate. Numai \u00een anul 2015, c\u00e2nd a fost un v\u00e2rf al \u201ecrea\u0163iei\u201d \u00een pu\u015fc\u0103rii, \u00een penitenciare au fost declarate ca fiind scrise aproape 400 de lucr\u0103ri \u015ftiin\u0163ifice.<\/p>\n<p>\u00cen ultimul an \u015fi jum\u0103tate am scris mai multe articole pe tema aceasta \u2013 pe care, mai apoi, le-am inclus \u00een volumul <em>Fr\u0103\u0163ia penal-academic\u0103<\/em>, publicat la Humanitas, \u00een 2018 \u2013, dup\u0103 ce am verificat o serie de lucr\u0103ri \u201e\u015ftiin\u0163ifice\u201d, aleg\u00e2nd \u00een mod aleatoriu autori, edituri \u015fi profesori care le-au coordonat. O dovad\u0103 a imposturii la scar\u0103 larg\u0103 este c\u0103 fiecare dintre spe\u0163ele verificate ridic\u0103 mari semne de \u00eentrebare, iar \u00een cazul multora, exist\u0103 indicii de fraud\u0103 incontestabili. Care vorbesc de la sine despre complicit\u0103\u021bi, \u00een defavoarea legii, \u00eentre pu\u0219c\u0103ria\u0219i, cadre universitare, edituri \u0219i reprezentan\u021bi ai Administra\u0163iei Na\u0163ionale a Penitenciarelor.<\/p>\n<ul>\n<li><strong><a href=\"https:\/\/putereaacincea.ro\/fratia-penal-academica\/\" target=\"_blank\" rel=\"noopener\">Fr\u0103\u0163ia penal-academic\u0103<\/a><\/strong><\/li>\n<li><strong><a href=\"https:\/\/putereaacincea.ro\/lucrarile-stiintifice-scrise-penitenciar-castana-fierbinte-la-academia-romana\/\" target=\"_blank\" rel=\"noopener\">Lucr\u0103rile \u015ftiin\u0163ifice scrise \u00een penitenciar, castan\u0103 fierbinte la Academia Rom\u00e2n\u0103<\/a><\/strong><\/li>\n<li><strong><a href=\"https:\/\/putereaacincea.ro\/carti-stiintifice-diferite-cu-bibliografie-identica-scrise-penitenciar-sub-coordonarea-directorului-bibliotecii-centrale-universitare-bucuresti\/\" target=\"_blank\" rel=\"noopener\">C\u0103r\u0163i \u015ftiin\u0163ifice diferite, cu bibliografie identic\u0103, scrise \u00een penitenciar sub coordonarea directorului Bibliotecii Universitare Bucure\u015fti<\/a><\/strong><\/li>\n<li><strong><a href=\"https:\/\/putereaacincea.ro\/se-musamalizeaza-scandalul-operelor-zise-stiintifice-scrise-in-puscarie\/\" target=\"_blank\" rel=\"noopener\">Se mu\u015famalizeaz\u0103 scandalul operelor zise \u015ftiin\u0163ifice scrise \u00een pu\u015fc\u0103rie?<\/a><\/strong><\/li>\n<li><strong><a href=\"https:\/\/putereaacincea.ro\/fraude-cu-gir-academic-lucrarile-zise-stiintifice-scrise-penitenciar\/\" target=\"_blank\" rel=\"noopener\">Fraude cu gir academic \u00een lucr\u0103rile zise \u0219tiin\u021bifice scrise \u00een penitenciar<\/a><\/strong><\/li>\n<li><strong><a href=\"https:\/\/putereaacincea.ro\/generalul-care-scris-penitenciar-opere-stiintifice-publicate-anterior\/\" target=\"_blank\" rel=\"noopener\">Generalul care a scris, \u00een penitenciar, opere \u015ftiin\u0163ifice publicate anterior<\/a><\/strong><\/li>\n<li><strong><a href=\"https:\/\/putereaacincea.ro\/trei-carti-stiintifice-scrise-penitenciar-girate-de-academia-romana-pentru-scurtarea-pedepsei-unui-detinut-sunt-de-negasit\/\" target=\"_blank\" rel=\"noopener\">Trei c\u0103r\u0163i \u015ftiin\u0163ifice scrise \u00een penitenciar, girate de Academia Rom\u00e2n\u0103, pentru scurtarea pedepsei unui de\u0163inut, sunt de neg\u0103sit<\/a><\/strong><\/li>\n<li><strong><a href=\"https:\/\/putereaacincea.ro\/autori-de-opere-stiintifice-scrise-penitenciar-coordonati-stiintific-de-la-varful-academiei-de-politie\/\" target=\"_blank\" rel=\"noopener\">Autori de opere \u201e\u015ftiin\u0163ifice\u201d scrise \u00een penitenciar, coordona\u0163i \u015ftiin\u0163ific de la v\u00e2rful Academiei de Poli\u0163ie<\/a><\/strong><\/li>\n<li><strong><a href=\"https:\/\/putereaacincea.ro\/dovada-ca-dan-voiculescu-si-scris-detentie-11-lucrari-stiintifice-nu-existat-sau-fost-distrusa\/\" target=\"_blank\" rel=\"noopener\">Dovada c\u0103 Dan Voiculescu \u015fi-a scris \u00een deten\u0163ie 11 lucr\u0103ri \u015ftiin\u0163ifice nu a existat sau a fost distrus\u0103?<\/a><\/strong><\/li>\n<\/ul>\n<p>Printre numele sutelor de de\u0163inu\u0163i care au scris opere \u201e\u015ftiin\u0163ifice\u201d \u00een pu\u015fc\u0103rie se num\u0103r\u0103 Adrian N\u0103stase, Gigi Becali, George Copos, Dan Voiculescu, Sorin Ro\u015fca St\u0103nescu, Dan Diaconescu, Dorinel Mucea, generalul MApN Marin M\u0103ciuc\u0103, Relu Fenechiu, Miron Mitrea.<\/p>\n<p>Pe lista coordonatorilor acestor lucr\u0103ri se reg\u0103sesc\u00a0<strong>Dan Dungaciu<\/strong>, directorul Institutului de \u0218tiin\u0163e Politice \u0219i Rela\u0163ii Interna\u0163ionale al Academiei Rom\u00e2ne,\u00a0<strong>Mireille R\u0103doi<\/strong>, director general al Bibliotecii Centrale Universitare Bucure\u015fti,\u00a0<strong>George \u0162ical<\/strong>, director al Colegiului Na\u0163ional de Afaceri Interne, din cadrul Academiei de Poli\u0163ie, generalul\u00a0<strong>Vasile Ozunu<\/strong>, fost director al Colegiului Na\u0163ional de Ap\u0103rare, sau\u00a0<strong>Paul Dobrescu<\/strong>, fost director al Consiliului Na\u0163ional de Etic\u0103, <strong>Doina Mure\u015fan<\/strong>, de la Universitatea \u201eDimitrie Cantemir\u201d.<\/p>\n<p>\u00a0<\/p>\n<h4>DNA: \u201eS-a ac\u021bionat coroborat, astfel \u00eenc\u00e2t persoanele condamnate s\u0103 apar\u0103 ca autori de lucr\u0103ri \u0219tiin\u021bifice\u201d<\/h4>\n<p>Iat\u0103 ce transmitea DNA, referitor la acest dosar, \u00eentr-un\u00a0<a href=\"https:\/\/www.pna.ro\/faces\/comunicat.xhtml?id=7037\" target=\"_blank\" rel=\"noopener\"><strong>comunicat din 12 ianuarie 2016<\/strong><\/a>:<\/p>\n<p><em>\u201eProcurorii din cadrul Direc\u021biei Na\u021bionale Anticorup\u021bie s-au sesizat din oficiu cu privire la suspiciune s\u0103v\u00e2r\u0219irii infrac\u021biunii de favorizarea f\u0103ptuitorului, \u00een modalitatea ajutorului dat unor persoane condamnate pentru infrac\u021biuni de corup\u021bie, \u00een scopul de a \u00eengreuna executarea pedepselor aplicate de instan\u021bele de judecat\u0103.<\/em><\/p>\n<p><em>Potrivit procesului verbal de sesizare din oficiu \u00eentocmit de procurori, fapta ar fi fost s\u0103v\u00e2r\u0219it\u0103 de mai multe persoane care au ac\u021bionat concertat \u00een scopul de a crea aparen\u021ba c\u0103 sunt \u00eendeplinite condi\u021biile legale pentru ca persoanele condamnate s\u0103 fie liberate condi\u021bionat. Dintr-o not\u0103 \u00eentocmit\u0103 de Administra\u021bia Na\u021bional\u0103 a Penitenciarelor, precum \u0219i din datele existente \u00een spa\u021biul public rezult\u0103 indicii c\u0103, \u00een realitate, aceste condi\u021bii nu erau \u00eendeplinite \u00een realitate, iar prin faptele s\u0103v\u00e2r\u0219ite s-a urm\u0103rit exclusiv favorizarea persoanelor condamnate.<\/em><\/p>\n<p><em>\u00cen aceast\u0103 modalitate, printre persoanele condamnate la pedepse cu \u00eenchisoarea pentru infrac\u021biuni de corup\u021bie se reg\u0103sesc condamna\u021bi care au executat sau urmeaz\u0103 s\u0103 execute cu p\u00e2n\u0103 la 300 de zile mai pu\u021bin dec\u00e2t stabilise instan\u021ba de judecat\u0103, exclusiv ca urmare a activit\u0103\u021bii infrac\u021bionale care face obiectul sesiz\u0103rii din oficiu.<\/em><\/p>\n<p><em>Astfel, potrivit art. 96 alin. 1 lit. f din Legea nr. 254\/2013 privind executarea pedepselor, \u00een cazul elabor\u0103rii de lucr\u0103ri \u0219tiin\u021bifice, se consider\u0103 30 de zile executate, pentru fiecare lucrare \u0219tiin\u021bific\u0103. Pentru a profita de aceast\u0103 prevedere, s-ar fi creat un mecanism \u00een care ar fi implicate cadre universitare, reprezentan\u021bi ai unor edituri \u0219i membri ai comisiilor din penitenciare, care au ac\u021bionat coroborat, astfel \u00eenc\u00e2t persoanele condamnate s\u0103 apar\u0103 ca autori de lucr\u0103ri \u0219tiin\u021bifice, iar pedepsele aplicate de instan\u021be s\u0103 se considere ca executate.<\/em><\/p>\n<p><em>Mai multe cadre universitare ar fi acordat recomand\u0103ri formale prin care au atestat pretinsa relevan\u021b\u0103 \u0219tiin\u021bific\u0103 a unor lucr\u0103ri, exclusiv pe baza titlului acestora, f\u0103r\u0103 a lua contact \u00een vreun mod cu autorul lucr\u0103rii \u0219i f\u0103r\u0103 a cunoa\u0219te viziunea acestuia asupra temelor care urmau s\u0103 fie abordate. Aceste recomand\u0103ri ar fi avut o natur\u0103 generic\u0103 \u0219i ar fi fost folosite, uneori, \u00een aceea\u0219i form\u0103, pentru elaborarea unor multiple lucr\u0103ri cu caracter \u0219tiin\u021bific.<\/em><\/p>\n<p><em>Alte cadre universitare ar fi acceptat s\u0103 valideze valoarea unor lucr\u0103ri \u0219i s\u0103 le includ\u0103 \u00een eviden\u021ba unor conferin\u021be \u0219tiin\u021bifice interna\u021bionale, \u00een condi\u021biile \u00een care activitatea de elaborare desf\u0103\u0219urat\u0103 de autor durase c\u00e2te o or\u0103 pentru fiecare comunicare. Se observ\u0103 c\u0103 ar exista o discrepan\u021b\u0103 \u00eentre prestigiul presupus al unei asemenea manifest\u0103ri \u0219i implicarea real\u0103 a autorului, care a determinat ca fiecare or\u0103 de activitate s\u0103 reduc\u0103 durata pedepsei executate cu c\u00e2te 30 de zile.<\/em><\/p>\n<p><em>Totodat\u0103, ar fi existat persoane care au acceptat s\u0103 elaboreze lucr\u0103ri cu un aparent caracter \u0219tiin\u021bific \u0219i care au fost asumate ulterior de persoanele condamnate. Lucr\u0103rile pretins a fi fost realizate \u00een penitenciar citeaz\u0103 opere la care autorul nu a avut acces nici la bibliotec\u0103, nici online, iar timpul dedicat elabor\u0103rii lucr\u0103rilor este \u00een mod obiectiv insuficient pentru un asemenea demers (de exemplu 12 ore pentru o lucrare de 180 de pagini ori 6 ore \u0219i 40 de minute pentru elaborarea unei lucr\u0103ri de 212 pagini). \u00cen aceste \u00eemprejur\u0103ri, concluzia este c\u0103 autorul real este o alt\u0103 persoan\u0103.<\/em><\/p>\n<p><em>Reprezentan\u021bii unor edituri ar fi acceptat publicarea lucr\u0103rilor f\u0103r\u0103 a se raporta \u00een niciun fel la valoarea \u0219tiin\u021bific\u0103 acestora \u0219i interesul pie\u021bei de carte, \u00een tiraje infime, care nu au fost puse \u00een v\u00e2nzare \u00een circuitul comercial obi\u0219nuit. Modalitatea atipic\u0103 de \u00eencheiere \u0219i executare a contractelor \u00een raport cu celelalte lucr\u0103ri publicate de acelea\u0219i edituri demonstreaz\u0103 c\u0103 aceste persoane nu ar fi ac\u021bionat \u00een scopul pentru care a fost \u00eenfiin\u021bat\u0103 persoana juridic\u0103, ci exclusiv pentru a \u00eempiedica executarea pedepsei \u00een condi\u021biile stabilite de instan\u021b\u0103.<\/em><\/p>\n<p><em>Pe de alt\u0103 parte, func\u021bionari din cadrul Administra\u021biei Na\u021bionale a Penitenciarelor cu atribu\u021bii \u00een analiza condi\u021biilor prev\u0103zute de lege pentru a propune liberarea condi\u021bionat\u0103 ar fi acceptat sus\u021binerile condamna\u021bilor \u0219i le-ar fi acordat beneficiul legal men\u021bionat, \u00een lipsa oric\u0103rei cenzuri cu privire la temeinicia acestora. Astfel, au existat situa\u021bii \u00een care persoanele condamnate nu figurau \u00een tabelele de pontaj sau au elaborat \u00een acela\u0219i interval patru lucr\u0103ri \u0219tiin\u021bifice \u00een paralel, \u00eemprejur\u0103ri care arat\u0103 c\u0103 era \u00een mod obiectiv imposibil s\u0103 fie autorii acestor opere.<\/em><\/p>\n<p><em>Aceste \u00eemprejur\u0103ri au dat na\u0219tere unui adev\u0103rat fenomen de natur\u0103 s\u0103 lipseasc\u0103 de con\u021binut deciziile instan\u021belor (\u00een luna decembrie doar la Penitenciarul Rahova erau \u00een curs de elaborare 46 de lucr\u0103ri pretins \u0219tiin\u021bifice<\/em>).\u201d<\/p>\n<p>\u00a0<\/p>\n<p><em>Articol publicat \u015fi \u00een <a href=\"https:\/\/putereaacincea.ro\/dosarul-dna-privind-puscariasii-scriitori-declinat-sectiei-pentru-investigarea-infractiunilor-din-justitie\/?fbclid=IwAR1fc5RwIBkoJBJOzuawtc2JCSheVMIH3MV0sinJrtuFWb-2690_aof_DT0\" target=\"_blank\" rel=\"noopener\">Puterea a Cincea.<\/a><\/em><\/p>\n<div id=\"metaslider-id-56545\" class=\"ml-slider-3-18-9 metaslider metaslider-responsive metaslider-56545 ml-slider nav-hidden nav-hidden nav-hidden\">\n<div id=\"metaslider_container_56545\">\n<ul id=\"metaslider_56545\" class=\"rslides\">\n<li><a href=\"https:\/\/www.iuliustown.ro\/ro\/winter-sale\" target=\"_blank\"><img decoding=\"async\" width=\"610\" height=\"260\" loading=\"lazy\" title=\"Banner Iulius Town - Winter Sales - ianuarie 2025 - 610x260\" class=\"slider-56545 slide-61078 lazyload\" src=\"https:\/\/analyse.optim.biz\/wp-content\/uploads\/2026\/01\/banner-iulius-town-winter-sales-ianuarie-2025-610x260-1-115.png\"><img decoding=\"async\" width=\"610\" height=\"260\" src=\"https:\/\/analyse.optim.biz\/wp-content\/uploads\/2026\/01\/banner-iulius-town-winter-sales-ianuarie-2025-610x260-1-115.png\" class=\"slider-56545 slide-61078\" loading=\"lazy\" title=\"Banner Iulius Town - Winter Sales - ianuarie 2025 - 610x260\"><\/a><\/li>\n<\/ul>\n<\/div>\n<\/div>\n<div class=\"printfriendly pf-alignright\"><a href=\"https:\/\/timpolis.ro\/dosarul-dna-privind-puscariasii-scriitori-declinat-sectiei-pentru-investigarea-infractiunilor-din-justitie\/\" rel=\"nofollow\" title=\"Printer Friendly, PDF &amp; Email\"><img decoding=\"async\" alt=\"Print Friendly, PDF &amp; Email\" class=\"lazyload\" src=\"https:\/\/analyse.optim.biz\/wp-content\/uploads\/2026\/01\/print-button-115.png\" title=\"print-button-115\"><img decoding=\"async\" src=\"https:\/\/analyse.optim.biz\/wp-content\/uploads\/2026\/01\/print-button-115.png\" alt=\"Print Friendly, PDF &amp; Email\" title=\"print-button-115\"><\/a><\/div>\n<\/div>\n<p> Source URL: https:\/\/timpolis.ro\/dosarul-dna-privind-puscariasii-scriitori-declinat-sectiei-pentru-investigarea-infractiunilor-din-justitie\/<\/p>\n","protected":false},"excerpt":{"rendered":"<p>\u00a0 DNA a declinat dosarul pu\u015fc\u0103ria\u015filor scriitori de opere \u201e\u015ftiin\u0163ifice\u201d c\u0103tre Sec\u0163ia pentru investigarea infrac\u0163iunilor din justi\u0163ie din cadrul Parchetului General. O decizie care ridic\u0103 semne de \u00eentrebare, pentru c\u0103 dosarul DNA nu viza doar fapte comise de procurori sau de judec\u0103tori. \u00a0 O declinare cu semne de \u00eentrebare? \u00centr-un r\u0103spuns trimis la o solicitare [&hellip;]<\/p>\n","protected":false},"author":1,"featured_media":0,"comment_status":"open","ping_status":"","sticky":false,"template":"","format":"standard","meta":{"footnotes":""},"categories":[89],"tags":[202],"class_list":["post-1452329","post","type-post","status-publish","format-standard","hentry","category-romania","tag-timpolis-ro"],"_links":{"self":[{"href":"https:\/\/analyse.optim.biz\/index.php?rest_route=\/wp\/v2\/posts\/1452329","targetHints":{"allow":["GET"]}}],"collection":[{"href":"https:\/\/analyse.optim.biz\/index.php?rest_route=\/wp\/v2\/posts"}],"about":[{"href":"https:\/\/analyse.optim.biz\/index.php?rest_route=\/wp\/v2\/types\/post"}],"author":[{"embeddable":true,"href":"https:\/\/analyse.optim.biz\/index.php?rest_route=\/wp\/v2\/users\/1"}],"replies":[{"embeddable":true,"href":"https:\/\/analyse.optim.biz\/index.php?rest_route=%2Fwp%2Fv2%2Fcomments&post=1452329"}],"version-history":[{"count":0,"href":"https:\/\/analyse.optim.biz\/index.php?rest_route=\/wp\/v2\/posts\/1452329\/revisions"}],"wp:attachment":[{"href":"https:\/\/analyse.optim.biz\/index.php?rest_route=%2Fwp%2Fv2%2Fmedia&parent=1452329"}],"wp:term":[{"taxonomy":"category","embeddable":true,"href":"https:\/\/analyse.optim.biz\/index.php?rest_route=%2Fwp%2Fv2%2Fcategories&post=1452329"},{"taxonomy":"post_tag","embeddable":true,"href":"https:\/\/analyse.optim.biz\/index.php?rest_route=%2Fwp%2Fv2%2Ftags&post=1452329"}],"curies":[{"name":"wp","href":"https:\/\/api.w.org\/{rel}","templated":true}]}}