{"id":145216,"date":"2017-03-10T22:14:30","date_gmt":"2017-03-10T19:14:30","guid":{"rendered":"https:\/\/analyse.optim.biz\/?p=145216"},"modified":"2017-03-10T22:14:30","modified_gmt":"2017-03-10T19:14:30","slug":"basescu-kovesi-si-lazar-trebuie-sa-plece","status":"publish","type":"post","link":"https:\/\/analyse.optim.biz\/?p=145216","title":{"rendered":"B\u0103sescu: Kovesi \u0219i Laz\u0103r trebuie s\u0103 plece"},"content":{"rendered":"<div class=\"entry data-app-meta data-app-meta-article\" data-embed-base-url-canonical=\"https:\/\/www.digi24.ro\/embed\/stiri\/actualitate\/politica\/basescu-kovesi-si-lazar-trebuie-sa-plece-685422\">\n<p data-index=\"1\"><strong>Pre\u0219edintele PMP, Traian B\u0103sescu, a sus\u021binut, vineri, c\u0103 \u0219efa DNA, Laura Codru\u021ba Kovesi, \u0219i procurorul general Augustin Laz\u0103r trebuie s\u0103 plece din func\u021bii, dup\u0103 decizia Cur\u021bii Constitu\u021bionale, care constat\u0103 c\u0103 au \u00eenc\u0103lcat Constitu\u021bia \u0219i a subliniat c\u0103, \u00een caz contrar, se va crea un precedent <span lang=\"ro-RO\">\u201e<\/span>periculos<span lang=\"ro-RO\">\u201d<\/span>.<\/strong><\/p>\n<figure class=\"article-thumb\"><img decoding=\"async\" src=\"https:\/\/analyse.optim.biz\/wp-content\/uploads\/2024\/09\/zgq1ngrimzdkywmxzgy3yjhizdizzjdlntrimja-thumb_.jpg\" alt=\"170117_TRAIAN_BASESCU_PG_03_INQUAM_Octav_Ganea\" data-skip-htmlfix=\"1\" title=\"zgq1ngrimzdkywmxzgy3yjhizdizzjdlntrimja-thumb_\"><figcaption> Foto: Inquam Photos \/ Octav Ganea <\/figcaption><\/figure>\n<p data-index=\"2\"><strong>\u201eObliga\u021bia respect\u0103rii Constitu\u021biei este a fiec\u0103rui cet\u0103\u021bean, scrie \u00een Constitu\u021bie, inclusiv al cet\u0103\u021beanului rom\u00e2n Laura Codru\u021ba Kovesi. Iar, pe de alt\u0103 parte, abuzul \u00een func\u021bie, at\u00e2t de drag domniei sale, este precizat \u00een decizia Cur\u021bii, care spune a\u0219a: Ministerul Public nu are competen\u021ba de a desf\u0103\u0219ura activit\u0103\u021bi de cercetare penal\u0103 cu privire la legalitatea \u0219i oportunitatea unui act normativ adoptat de legiuitor, care \u00een cazul nostru a fost legiutorul delegat Guvernul. Nu \u0219tiu de ce la ora asta, domna Kovesi nu s-a dus cu decen\u021b\u0103 la pre\u0219edinte s\u0103 spun\u0103: Domnule pre\u0219edinte, am gre\u0219it-o, asta-i demisia<span lang=\"ro-RO\">\u201d<\/span><\/strong>, a afirmat Traian B\u0103sescu, la un post de televiziune.<\/p>\n<p data-index=\"3\">B\u0103sescu a spus c\u0103, \u00een aceea\u0219i situa\u021bie, este \u0219i procurorul general Augustin Laz\u0103r.<\/p>\n<p data-index=\"4\">Potrivit lui B\u0103sescu, \u00een cazul \u00een care cei doi \u00eenal\u021bi func\u021bionari ai statului nu-\u0219i dau demisia, exist\u0103 o procedur\u0103 administrativ\u0103 pentru ca ace\u0219tia s\u0103 fie revoca\u021bi din func\u021bii. El a sus\u021binut c\u0103 ministrul justi\u021biei poate s\u0103 fac\u0103 demersurile \u00een acest sens sau pre\u0219edintele Rom\u00e2niei.<\/p>\n<p data-index=\"5\"><strong>\u201eNu exist\u0103 un traseu legislativ, ci unul administrativ. Ministrul de justi\u021bie, lu\u00e2nd not\u0103 de decizia CCR s\u0103-i cear\u0103 pre\u0219edintelui revocarea. \u00cen ce condi\u021bii? \u00cen condi\u021biile \u00een care \u00een lege se spune c\u0103 mandatul procurorului \u0219ef DNA este de 3 ani, \u00eens\u0103 nimeni nu spune c\u0103 este de 3 ani \u00een condi\u021biile \u00een care \u00eencalci Constitu\u021bia. \u00cen condi\u021biile \u00een care \u00eencalci Constitu\u021bia, se \u00eentrerupe mandatul automat. Iar dac\u0103, strunit de milostivenia \u0219i bl\u00e2nde\u021bea bl\u00e2ndului Dragnea, c\u0103 de acum a\u0219a o s\u0103-i spun: bl\u00e2ndul Dragnea, ministrul de justi\u021bie nu va face acest pas, trebuie s\u0103 fie ini\u021biativa pre\u0219edintelui. Are cine s\u0103-i scrie decretul \u0219i revocarea pentru \u00eenc\u0103lcarea Constitu\u021biei. Eu a\u0219a a\u0219 scrie decretul: pentru \u00eenc\u0103lcarea Constitu\u021biei se revoc\u0103 din func\u021bie procurorul \u0219ef DNA<span lang=\"ro-RO\">\u201d<\/span><\/strong>, a explicat B\u0103sescu.<\/p>\n<p data-index=\"6\">Liderul PMP a \u021binut s\u0103 precizeze c\u0103 are niciun resentiment fa\u021b\u0103 de Laura Codru\u021ba Kovesi, ci este vorba de \u00eenc\u0103lcarea Constitu\u021biei.<\/p>\n<p data-index=\"7\"><strong>\u201eNu este vorba despre niciun resentiment, vorbim de un principiu fundamental aici: \u00eenc\u0103lcarea Constitu\u021biei de c\u0103tre unul dintre cei mai importan\u021bi demnitari ai statului rom\u00e2n \u0219i sunt \u00een tandem Kovesi \u0219i cu Laz\u0103r. Trebuie s\u0103 plece am\u00e2ndoi<span lang=\"ro-RO\">\u201d<\/span><\/strong>, a ad\u0103ugat B\u0103sescu.<\/p>\n<p data-index=\"8\">El a atras aten\u021bia c\u0103 dac\u0103 ace\u0219tia vor r\u0103m\u00e2ne \u00een func\u021bie, se va crea un precedent periculos.<\/p>\n<p data-index=\"9\"><strong>\u201eAici nu este o chestiune cine s\u0103-i conving\u0103 sau nu, este vorba de crearea unui precedent periculos, s\u0103 ai o hot\u0103r\u00e2re a Cur\u021bii constitu\u021bionale c\u0103 un \u00eenalt func\u021bionar a \u00eenc\u0103lcat Constitu\u021bia \u0219i s\u0103-l men\u021bii. (&#8230;) Problema nu este Kovesi, problema este precedentul. Avem o problem\u0103 (&#8230;) de precedent. S-a constat indubitabil c\u0103 un \u00eenalt func\u021bionar al statului a \u00eenc\u0103lcat Constitu\u021bia, a \u00eenc\u0103lcat separa\u021bia puterilor \u00een stat, asta nu mai e de glum\u0103. Nu poate s\u0103 r\u0103m\u00e2n\u0103 f\u0103r\u0103 m\u0103suri. \u00cen\u021belege\u021bi? \u0218i dac\u0103 nu \u00een\u021belege Iohannis, Kovesi ar trebui s\u0103 \u0219tie c\u00e2t r\u0103u ar face dac\u0103 se aga\u021b\u0103 ca pisica de pom, pentru c\u0103 ar crea acest precedent al \u00eenc\u0103lc\u0103rii Constitu\u021biei la v\u00e2rful statului rom\u00e2n este extrem de grav<span lang=\"ro-RO\">\u201d<\/span><\/strong>, a mai sus\u021binut B\u0103sescu.<\/p>\n<p data-index=\"10\"><em>Sursa: Agerpres<\/em><\/p>\n<\/div>\n<p> Source URL: https:\/\/www.digi24.ro\/stiri\/actualitate\/politica\/basescu-kovesi-si-lazar-trebuie-sa-plece-685422<\/p>\n","protected":false},"excerpt":{"rendered":"<p>Pre\u0219edintele PMP, Traian B\u0103sescu, a sus\u021binut, vineri, c\u0103 \u0219efa DNA, Laura Codru\u021ba Kovesi, \u0219i procurorul general Augustin Laz\u0103r trebuie s\u0103 plece din func\u021bii, dup\u0103 decizia Cur\u021bii Constitu\u021bionale, care constat\u0103 c\u0103 au \u00eenc\u0103lcat Constitu\u021bia \u0219i a subliniat c\u0103, \u00een caz contrar, se va crea un precedent \u201epericulos\u201d. Foto: Inquam Photos \/ Octav Ganea \u201eObliga\u021bia respect\u0103rii Constitu\u021biei [&hellip;]<\/p>\n","protected":false},"author":1,"featured_media":145217,"comment_status":"open","ping_status":"","sticky":false,"template":"","format":"standard","meta":{"footnotes":""},"categories":[2],"tags":[11],"class_list":["post-145216","post","type-post","status-publish","format-standard","has-post-thumbnail","hentry","category-politics","tag-digi24"],"_links":{"self":[{"href":"https:\/\/analyse.optim.biz\/index.php?rest_route=\/wp\/v2\/posts\/145216","targetHints":{"allow":["GET"]}}],"collection":[{"href":"https:\/\/analyse.optim.biz\/index.php?rest_route=\/wp\/v2\/posts"}],"about":[{"href":"https:\/\/analyse.optim.biz\/index.php?rest_route=\/wp\/v2\/types\/post"}],"author":[{"embeddable":true,"href":"https:\/\/analyse.optim.biz\/index.php?rest_route=\/wp\/v2\/users\/1"}],"replies":[{"embeddable":true,"href":"https:\/\/analyse.optim.biz\/index.php?rest_route=%2Fwp%2Fv2%2Fcomments&post=145216"}],"version-history":[{"count":0,"href":"https:\/\/analyse.optim.biz\/index.php?rest_route=\/wp\/v2\/posts\/145216\/revisions"}],"wp:featuredmedia":[{"embeddable":true,"href":"https:\/\/analyse.optim.biz\/index.php?rest_route=\/wp\/v2\/media\/145217"}],"wp:attachment":[{"href":"https:\/\/analyse.optim.biz\/index.php?rest_route=%2Fwp%2Fv2%2Fmedia&parent=145216"}],"wp:term":[{"taxonomy":"category","embeddable":true,"href":"https:\/\/analyse.optim.biz\/index.php?rest_route=%2Fwp%2Fv2%2Fcategories&post=145216"},{"taxonomy":"post_tag","embeddable":true,"href":"https:\/\/analyse.optim.biz\/index.php?rest_route=%2Fwp%2Fv2%2Ftags&post=145216"}],"curies":[{"name":"wp","href":"https:\/\/api.w.org\/{rel}","templated":true}]}}