{"id":145213,"date":"2017-03-10T22:44:05","date_gmt":"2017-03-10T19:44:05","guid":{"rendered":"https:\/\/analyse.optim.biz\/?p=145213"},"modified":"2017-03-10T22:44:05","modified_gmt":"2017-03-10T19:44:05","slug":"cum-s-a-ajuns-la-noaptea-ca-hotii-in-opinia-lui-victor-ponta","status":"publish","type":"post","link":"https:\/\/analyse.optim.biz\/?p=145213","title":{"rendered":"Cum s-a ajuns la \u201enoaptea ca ho\u021bii\u201d \u00een opinia lui Victor Ponta"},"content":{"rendered":"<div class=\"entry data-app-meta data-app-meta-article\" data-embed-base-url-canonical=\"https:\/\/www.digi24.ro\/embed\/stiri\/actualitate\/politica\/victor-ponta-as-fi-dat-oug-13-dar-ziua-685429\">\n<p data-index=\"1\">Fostul premier Victor Ponta a criticat actualul executiv pentru modul \u00een care a gestionat \u201epovestea cu OUG 13\u201d. El spune c\u0103 ar fi dat ordonan\u021ba, dar \u00een timpul zilei, explic\u00e2nd ceea ce trebuie \u00eendreptat, al\u0103turi de liderii coali\u021biei de guvernare.<\/p>\n<p data-index=\"2\"><img loading=\"lazy\" decoding=\"async\" class=\"alignnone size-full wp-image-565117\" src=\"https:\/\/analyse.optim.biz\/wp-content\/uploads\/2024\/09\/mthlmty2zjcyyjk1zdrjn2uwzjqwmwuzmzzjmgvlowi-thumb_.jpg\" alt=\"victor ponta - serios\" width=\"2048\" height=\"1365\" data-skip-htmlfix=\"1\" title=\"mthlmty2zjcyyjk1zdrjn2uwzjqwmwuzmzzjmgvlowi-thumb_\"><\/p>\n<p data-index=\"3\">\u201eDa, a\u015f fi dat ordonan\u0163a. A\u015f fi venit ziua, s\u0103 explic cu liderii coali\u0163iei. Mie mi s-a p\u0103rut absurd faptul c\u0103 nu au ie\u015fit cei care sunt liderii coali\u0163iei, nu au avut ocazia s\u0103 explice\u201d, a spus Victor Ponta la un post de televiziune.<\/p>\n<p data-index=\"4\"><span lang=\"ro-RO\">El adaug\u0103 c\u0103 modul \u00een care s-a gestionat \u201epovestea cu OUG 13\u201d a fost \u201edezastruos\u201d. <\/span><\/p>\n<p data-index=\"5\">\u201e<span lang=\"ro-RO\">Dintr-un motiv corect, s\u0103 \u00eendrept\u0103m ni\u015fte lucruri neconstitu\u0163ionale, ni\u015fte abuzuri, am ajuns \u00abnoaptea ca ho\u0163ii\u00bb\u201d, a spus Victor Ponta, potrivit News.ro.<\/span><\/p>\n<p data-index=\"6\"><span lang=\"ro-RO\">El a ad\u0103ugat nu s-ar fi ascuns dup\u0103 povestea cu aglomera\u0163ia din penitenciare, ci ar fi explicat c\u0103 trebuie \u00eendreptate ni\u015fte abuzuri.<\/span><\/p>\n<p data-index=\"7\">Ordonan\u021ba de Urgen\u021b\u0103 13, \u00eentre timp abrogat\u0103, <a href=\"https:\/\/www.digi24.ro\/stiri\/actualitate\/justitie\/legea-gratierii\/iordache-am-adoptat-proiectul-privind-gratierea-unor-pedepse-660300\" target=\"_blank\" data-skip-linkfix=\"1\" rel=\"noopener\">a fost adoptat\u0103 \u00een seara de 31 ianuarie<\/a>, \u00een jurul orelor 22.00, \u0219i publicat\u0103 \u00een\u00a0Monitorul Oficial la ora 01.00 din noapte . Unul dintre sloganurile <a href=\"https:\/\/www.digi24.ro\/cautare?q=rezist\" target=\"_blank\" data-skip-linkfix=\"1\" rel=\"noopener\">protestelor masive<\/a> care au urmat a fost \u201enoaptea ca ho\u021bii\u201d.<\/p>\n<p data-index=\"8\">\u00a0<\/p>\n<\/div>\n<p> Source URL: https:\/\/www.digi24.ro\/stiri\/actualitate\/politica\/victor-ponta-as-fi-dat-oug-13-dar-ziua-685429<\/p>\n","protected":false},"excerpt":{"rendered":"<p>Fostul premier Victor Ponta a criticat actualul executiv pentru modul \u00een care a gestionat \u201epovestea cu OUG 13\u201d. El spune c\u0103 ar fi dat ordonan\u021ba, dar \u00een timpul zilei, explic\u00e2nd ceea ce trebuie \u00eendreptat, al\u0103turi de liderii coali\u021biei de guvernare. \u201eDa, a\u015f fi dat ordonan\u0163a. A\u015f fi venit ziua, s\u0103 explic cu liderii coali\u0163iei. Mie [&hellip;]<\/p>\n","protected":false},"author":1,"featured_media":145214,"comment_status":"open","ping_status":"","sticky":false,"template":"","format":"standard","meta":{"footnotes":""},"categories":[2],"tags":[11],"class_list":["post-145213","post","type-post","status-publish","format-standard","has-post-thumbnail","hentry","category-politics","tag-digi24"],"_links":{"self":[{"href":"https:\/\/analyse.optim.biz\/index.php?rest_route=\/wp\/v2\/posts\/145213","targetHints":{"allow":["GET"]}}],"collection":[{"href":"https:\/\/analyse.optim.biz\/index.php?rest_route=\/wp\/v2\/posts"}],"about":[{"href":"https:\/\/analyse.optim.biz\/index.php?rest_route=\/wp\/v2\/types\/post"}],"author":[{"embeddable":true,"href":"https:\/\/analyse.optim.biz\/index.php?rest_route=\/wp\/v2\/users\/1"}],"replies":[{"embeddable":true,"href":"https:\/\/analyse.optim.biz\/index.php?rest_route=%2Fwp%2Fv2%2Fcomments&post=145213"}],"version-history":[{"count":0,"href":"https:\/\/analyse.optim.biz\/index.php?rest_route=\/wp\/v2\/posts\/145213\/revisions"}],"wp:featuredmedia":[{"embeddable":true,"href":"https:\/\/analyse.optim.biz\/index.php?rest_route=\/wp\/v2\/media\/145214"}],"wp:attachment":[{"href":"https:\/\/analyse.optim.biz\/index.php?rest_route=%2Fwp%2Fv2%2Fmedia&parent=145213"}],"wp:term":[{"taxonomy":"category","embeddable":true,"href":"https:\/\/analyse.optim.biz\/index.php?rest_route=%2Fwp%2Fv2%2Fcategories&post=145213"},{"taxonomy":"post_tag","embeddable":true,"href":"https:\/\/analyse.optim.biz\/index.php?rest_route=%2Fwp%2Fv2%2Ftags&post=145213"}],"curies":[{"name":"wp","href":"https:\/\/api.w.org\/{rel}","templated":true}]}}