{"id":145202,"date":"2017-03-11T09:16:00","date_gmt":"2017-03-11T06:16:00","guid":{"rendered":"https:\/\/analyse.optim.biz\/?p=145202"},"modified":"2017-03-11T09:16:00","modified_gmt":"2017-03-11T06:16:00","slug":"victor-ponta-sper-ca-s-ghita-este-in-viata","status":"publish","type":"post","link":"https:\/\/analyse.optim.biz\/?p=145202","title":{"rendered":"Victor Ponta: Sper c\u0103 S.Ghi\u021b\u0103 este \u00een via\u021b\u0103"},"content":{"rendered":"<div class=\"entry data-app-meta data-app-meta-article\" data-embed-base-url-canonical=\"https:\/\/www.digi24.ro\/embed\/stiri\/actualitate\/politica\/victor-ponta-sper-ca-s-ghita-este-in-viata-685515\">\n<p data-index=\"1\"><strong>Victor Ponta spune c\u0103 nu \u015ftie unde se afl\u0103 acum Sebastian Ghi\u0163\u0103, de\u015fi recunoa\u015fte c\u0103 a avut o rela\u0163ie apropiat\u0103 cu acesta. Fostul premier a f\u0103cut declara\u0163ia la Antena 3, unde a vorbit \u015fi despre \u00eenregistr\u0103rile f\u0103cute publice de omul de afaceri.<\/strong><\/p>\n<p data-index=\"2\"><span lang=\"ro-RO\">Sebastian Ghi\u0163\u0103 e urm\u0103rit interna\u0163ional, dup\u0103 ce a disp\u0103rut la sf\u00e2r\u015fitul anului trecut. El e urm\u0103rit penal sau trimis \u00een judecat\u0103 \u00een cinci dosare.<\/span><\/p>\n<p data-index=\"3\"><span lang=\"ro-RO\">\u00centrebat dac\u0103 mai tr\u0103ie\u0219te Sebastian Ghi\u021b\u0103, Victor Ponta a r\u0103spuns: \u201eSper c\u0103 da\u201d. El a spus c\u0103 nu \u0219tie dac\u0103 Sebastian Ghi\u021b\u0103 putea face singur jocul pe care l-a f\u0103cut \u0219i a men\u021bionat c\u0103 nu a mai vorbit de foarte mult timp cu omul de afaceri. <\/span><\/p>\n<p data-index=\"4\"><span lang=\"ro-RO\">Fostul premier are \u0219i o explica\u021bie pentru faptul c\u0103 nu au mai ap\u0103rut \u00eenregistr\u0103ri \u0219i dezv\u0103luirile lui Sebastian Ghi\u021b\u0103 par s\u0103 se fi oprit brusc: \u201eCred c\u0103 a fost \u0219i el uimit s\u0103 vad\u0103 oamenii care au fost at\u00e2t de apropia\u021bi \u0219i care, dup\u0103, s-au purtat incorect cu el\u201d.<\/span><\/p>\n<p data-index=\"5\"><span lang=\"ro-RO\">Victor Ponta a fost audiat la Parchetul General, \u00eentr-un dosar deschis \u00een urma acuza\u0163iilor lansate de Sebastian Ghi\u0163\u0103, privind numirea Laurei Codru\u0163a Kovesi la \u015fefia DNA. Fostul premier a negat c\u0103 ar fi fost \u0219antajat ca s\u0103 o numeasc\u0103 \u00een func\u021bie, a\u0219a cum a pretins Sebastian Ghi\u021b\u0103 \u00eentr-una din \u00eenregistr\u0103rile difuzate dup\u0103 dispari\u021bia sa.<\/span><\/p>\n<p data-index=\"6\">\u201e<span lang=\"ro-RO\">Nu, nu am fost \u015fantajat. Am fost la Parchetul General, am spus ceea ce m-a \u00eentrebat procurorul pe acest\u0103 tem\u0103, \u00een februarie, nu mai \u015ftiu exact c\u00e2nd. C\u00e2nd dosarul va deveni public, pot s\u0103 v\u0103 dau mai multe date\u201d, a declarat Victor Ponta.<\/span><\/p>\n<p data-index=\"7\">Citi\u021bi \u0219i:\u00a0<strong><a title=\"title\" href=\"https:\/\/www.digi24.ro\/stiri\/actualitate\/justitie\/agerpres-sebastian-ghita-a-parasit-teritoriul-romaniei-682198\" data-skip-linkfix=\"1\">Agerpres: Sebastian Ghi\u021b\u0103 a p\u0103r\u0103sit teritoriul Rom\u00e2niei<\/a><\/strong><\/p>\n<\/div>\n<p> Source URL: https:\/\/www.digi24.ro\/stiri\/actualitate\/politica\/victor-ponta-sper-ca-s-ghita-este-in-viata-685515<\/p>\n","protected":false},"excerpt":{"rendered":"<p>Victor Ponta spune c\u0103 nu \u015ftie unde se afl\u0103 acum Sebastian Ghi\u0163\u0103, de\u015fi recunoa\u015fte c\u0103 a avut o rela\u0163ie apropiat\u0103 cu acesta. Fostul premier a f\u0103cut declara\u0163ia la Antena 3, unde a vorbit \u015fi despre \u00eenregistr\u0103rile f\u0103cute publice de omul de afaceri. Sebastian Ghi\u0163\u0103 e urm\u0103rit interna\u0163ional, dup\u0103 ce a disp\u0103rut la sf\u00e2r\u015fitul anului trecut. [&hellip;]<\/p>\n","protected":false},"author":1,"featured_media":145203,"comment_status":"open","ping_status":"","sticky":false,"template":"","format":"standard","meta":{"footnotes":""},"categories":[2],"tags":[11],"class_list":["post-145202","post","type-post","status-publish","format-standard","has-post-thumbnail","hentry","category-politics","tag-digi24"],"_links":{"self":[{"href":"https:\/\/analyse.optim.biz\/index.php?rest_route=\/wp\/v2\/posts\/145202","targetHints":{"allow":["GET"]}}],"collection":[{"href":"https:\/\/analyse.optim.biz\/index.php?rest_route=\/wp\/v2\/posts"}],"about":[{"href":"https:\/\/analyse.optim.biz\/index.php?rest_route=\/wp\/v2\/types\/post"}],"author":[{"embeddable":true,"href":"https:\/\/analyse.optim.biz\/index.php?rest_route=\/wp\/v2\/users\/1"}],"replies":[{"embeddable":true,"href":"https:\/\/analyse.optim.biz\/index.php?rest_route=%2Fwp%2Fv2%2Fcomments&post=145202"}],"version-history":[{"count":0,"href":"https:\/\/analyse.optim.biz\/index.php?rest_route=\/wp\/v2\/posts\/145202\/revisions"}],"wp:featuredmedia":[{"embeddable":true,"href":"https:\/\/analyse.optim.biz\/index.php?rest_route=\/wp\/v2\/media\/145203"}],"wp:attachment":[{"href":"https:\/\/analyse.optim.biz\/index.php?rest_route=%2Fwp%2Fv2%2Fmedia&parent=145202"}],"wp:term":[{"taxonomy":"category","embeddable":true,"href":"https:\/\/analyse.optim.biz\/index.php?rest_route=%2Fwp%2Fv2%2Fcategories&post=145202"},{"taxonomy":"post_tag","embeddable":true,"href":"https:\/\/analyse.optim.biz\/index.php?rest_route=%2Fwp%2Fv2%2Ftags&post=145202"}],"curies":[{"name":"wp","href":"https:\/\/api.w.org\/{rel}","templated":true}]}}