{"id":145199,"date":"2017-03-11T11:44:51","date_gmt":"2017-03-11T08:44:51","guid":{"rendered":"https:\/\/analyse.optim.biz\/?p=145199"},"modified":"2017-03-11T11:44:51","modified_gmt":"2017-03-11T08:44:51","slug":"raluca-turcan-atac-la-sevil-shhaideh","status":"publish","type":"post","link":"https:\/\/analyse.optim.biz\/?p=145199","title":{"rendered":"Raluca Turcan, atac la Sevil Shhaideh"},"content":{"rendered":"<div class=\"entry data-app-meta data-app-meta-article\" data-embed-base-url-canonical=\"https:\/\/www.digi24.ro\/embed\/stiri\/actualitate\/politica\/raluca-turcan-atac-la-sevil-shhaideh-685574\">\n<p data-index=\"1\"><strong>Pre\u015fedintele interimar al PNL, Raluca Turcan, scrie pe Facebook, dup\u0103 o vizit\u0103 \u00een jude\u0163ul Vaslui, c\u0103 liberalii se vor opune \u201efraterniz\u0103rii\u201d cu PSD, acuz\u00e2nd partidul c\u0103 a adus doar s\u0103r\u0103cie \u00een \u0163ar\u0103, \u015fi o \u00eentreab\u0103 pe ministrul Dezvolt\u0103rii, Sevil Shhaideh, dac\u0103 se va ocupa \u015fi de astfel de jude\u0163ene prin aloc\u0103ri de fonduri, nu doar de Mamaia.<\/strong><\/p>\n<figure class=\"article-thumb\"><img decoding=\"async\" src=\"https:\/\/analyse.optim.biz\/wp-content\/uploads\/2024\/09\/ptemagfzad1mzjhkzjrhmddlnjfhn2ezztlmzgm3mzc2nmvimzmxna-thumb_.jpg\" alt=\"Sevil Shhaideh_INQUAM_Octav_Ganea\" data-skip-htmlfix=\"1\" title=\"ptemagfzad1mzjhkzjrhmddlnjfhn2ezztlmzgm3mzc2nmvimzmxna-thumb_\"><figcaption> Foto: Inquam Photos \/ Octav Ganea <\/figcaption><\/figure>\n<p data-index=\"2\">&#8220;\u00cen pu\u0163ine locuri din \u0163ar\u0103 este lupta contra PSD at\u00e2t de grea ca la Vaslui. Sunt m\u00e2ndr\u0103 de colegii din PNL care se lupt\u0103 \u00een condi\u0163ii extrem de dificile. Vineri seara am participat la \u015fedin\u0163a Biroului Permanent Jude\u0163ean Vaslui. Aici am g\u0103sit oameni sup\u0103ra\u0163i pe unele decizii din trecut ale PNL, dar cu toate acestea determina\u0163i s\u0103 lucreze pentru a aduce filiala Jude\u0163ean\u0103 din Vaslui la nivelul a\u015fteptat. \u00cen ce m\u0103 prive\u015fte, nu voi tolera fraternizarea cu PSD-ul&#8221;, scrie Turcan.<\/p>\n<p data-index=\"3\">Liderul PNL spune c\u0103 \u00een foarte multe jude\u0163e ale Rom\u00e2niei, &#8220;PSD a \u015ftiut s\u0103 aduc\u0103 un singur lucru: s\u0103r\u0103cie&#8221;, iar liberalii cer investi\u0163ii masive \u00een infrastructur\u0103, educa\u0163ie, s\u0103n\u0103tate, atragerea de investitori \u015fi punerea \u00een valoare a turismului \u015fi a patrimoniului cultural.<\/p>\n<p data-index=\"4\">&#8220;Exist\u0103 solu\u0163ii! Termitele de la PSD nu au produs dec\u00e2t \u015fomaj \u015fi s\u0103r\u0103cie \u00een Vaslui. Dna. Sevil Shhaideh, v\u0103 pute\u0163i ocupa totu\u015fi \u015fi de combaterea s\u0103r\u0103ciei din Vaslui? Rom\u00e2nia e mare! Nu \u00eenseamn\u0103 doar Mamaia&#8221;, mai scrie \u015fefa PNL.<\/p>\n<p class=\"gdpr-placeholder gdpr-social-media gdpr-iframe-fix\" data-index=\"6\"> Setarile tale privind cookie-urile nu permit afisarea continutul din aceasta sectiune. Poti actualiza setarile modulelor coookie direct din browser sau de <a class=\"ot-sdk-show-settings\" data-skip-linkfix=\"1\">aici<\/a> \u2013 e nevoie sa accepti cookie-urile social media<\/p>\n<\/div>\n<p> Source URL: https:\/\/www.digi24.ro\/stiri\/actualitate\/politica\/raluca-turcan-atac-la-sevil-shhaideh-685574<\/p>\n","protected":false},"excerpt":{"rendered":"<p>Pre\u015fedintele interimar al PNL, Raluca Turcan, scrie pe Facebook, dup\u0103 o vizit\u0103 \u00een jude\u0163ul Vaslui, c\u0103 liberalii se vor opune \u201efraterniz\u0103rii\u201d cu PSD, acuz\u00e2nd partidul c\u0103 a adus doar s\u0103r\u0103cie \u00een \u0163ar\u0103, \u015fi o \u00eentreab\u0103 pe ministrul Dezvolt\u0103rii, Sevil Shhaideh, dac\u0103 se va ocupa \u015fi de astfel de jude\u0163ene prin aloc\u0103ri de fonduri, nu doar [&hellip;]<\/p>\n","protected":false},"author":1,"featured_media":145200,"comment_status":"open","ping_status":"","sticky":false,"template":"","format":"standard","meta":{"footnotes":""},"categories":[2],"tags":[11],"class_list":["post-145199","post","type-post","status-publish","format-standard","has-post-thumbnail","hentry","category-politics","tag-digi24"],"_links":{"self":[{"href":"https:\/\/analyse.optim.biz\/index.php?rest_route=\/wp\/v2\/posts\/145199","targetHints":{"allow":["GET"]}}],"collection":[{"href":"https:\/\/analyse.optim.biz\/index.php?rest_route=\/wp\/v2\/posts"}],"about":[{"href":"https:\/\/analyse.optim.biz\/index.php?rest_route=\/wp\/v2\/types\/post"}],"author":[{"embeddable":true,"href":"https:\/\/analyse.optim.biz\/index.php?rest_route=\/wp\/v2\/users\/1"}],"replies":[{"embeddable":true,"href":"https:\/\/analyse.optim.biz\/index.php?rest_route=%2Fwp%2Fv2%2Fcomments&post=145199"}],"version-history":[{"count":0,"href":"https:\/\/analyse.optim.biz\/index.php?rest_route=\/wp\/v2\/posts\/145199\/revisions"}],"wp:featuredmedia":[{"embeddable":true,"href":"https:\/\/analyse.optim.biz\/index.php?rest_route=\/wp\/v2\/media\/145200"}],"wp:attachment":[{"href":"https:\/\/analyse.optim.biz\/index.php?rest_route=%2Fwp%2Fv2%2Fmedia&parent=145199"}],"wp:term":[{"taxonomy":"category","embeddable":true,"href":"https:\/\/analyse.optim.biz\/index.php?rest_route=%2Fwp%2Fv2%2Fcategories&post=145199"},{"taxonomy":"post_tag","embeddable":true,"href":"https:\/\/analyse.optim.biz\/index.php?rest_route=%2Fwp%2Fv2%2Ftags&post=145199"}],"curies":[{"name":"wp","href":"https:\/\/api.w.org\/{rel}","templated":true}]}}