{"id":145196,"date":"2017-03-11T17:47:17","date_gmt":"2017-03-11T14:47:17","guid":{"rendered":"https:\/\/analyse.optim.biz\/?p=145196"},"modified":"2017-03-11T17:47:17","modified_gmt":"2017-03-11T14:47:17","slug":"de-ce-nu-i-s-a-propus-lui-dacian-ciolos-sa-conduca-pnl","status":"publish","type":"post","link":"https:\/\/analyse.optim.biz\/?p=145196","title":{"rendered":"De ce nu i s-a propus lui Dacian Ciolo\u0219 s\u0103 conduc\u0103 PNL"},"content":{"rendered":"<div class=\"entry data-app-meta data-app-meta-article\" data-embed-base-url-canonical=\"https:\/\/www.digi24.ro\/embed\/stiri\/actualitate\/politica\/de-ce-nu-i-s-a-propus-lui-dacian-ciolos-sa-conduca-pnl-685712\">\n<p data-index=\"1\"><strong>Prim-vicepre\u0219edintele Partidului Na\u021bional Liberal, Teodor Atanasiu, \u00eei recomand\u0103 fostului premier Dacian Ciolo\u0219 s\u0103 \u00ee\u0219i fac\u0103 &#8220;direct un partid&#8221;, nu o platform\u0103, men\u021bion\u00e2nd c\u0103 &#8220;politica este un lucru serios, care nu se face numai \u00een timpul liber&#8221;.<\/strong><\/p>\n<p data-index=\"2\"><img loading=\"lazy\" decoding=\"async\" class=\"alignnone size-full wp-image-685713\" src=\"https:\/\/analyse.optim.biz\/wp-content\/uploads\/2024\/09\/jnc9odawjmhhc2g9nwy2ogzhognlzjq2ogmyndazztg5ymm1zdyzmjq4mjk-thumb_.jpg\" alt=\"dacian ciolos crop in parlament\" width=\"1365\" height=\"797\" data-skip-htmlfix=\"1\" title=\"jnc9odawjmhhc2g9nwy2ogzhognlzjq2ogmyndazztg5ymm1zdyzmjq4mjk-thumb_\"><\/p>\n<p data-index=\"3\">&#8220;Sunt multe lucruri pe care domnul Ciolo\u0219 le-a v\u0103zut \u00eentr-un fel c\u00e2nd era tehnocrat \u0219i sunt convins c\u0103 le va vedea \u00eentr-un alt fel \u00een postura de om politic. \u00cei dorim succes! Din p\u0103cate, modul \u00een care am colaborat \u00een ultimul timp ne-a f\u0103cut s\u0103 refuz\u0103m o colaborare \u00een care d\u00e2nsul s\u0103 vin\u0103 direct mo\u021b \u00een frunte \u0219i nu s\u0103 parcurg\u0103 etapele pe care le-a parcurs orice lider al PNL, plec\u00e2nd nu direct din func\u021bia de pre\u0219edinte al partidului cum dorea d\u00e2nsul, ci parcurg\u00e2nd anumite etape \u0219i apoi s\u0103 fie ales de c\u0103tre un Congres \u00een fruntea partidului. Sper\u0103m c\u0103 dac\u0103 partidul d\u00e2nsului va fi \u00eencununat de succes s\u0103 putem colabora \u00eempreun\u0103. (&#8230;) Nu am v\u0103zut un partid care s\u0103 conteze \u00een Rom\u00e2nia, care s\u0103 plece de la o platform\u0103 civic\u0103 \u0219i s\u0103 se tranforme \u00een partid politic. Fiindc\u0103 politica este un lucru serios, care nu se face numai \u00een timpul liber ca ac\u021biunile civice, politica se face \u00een mod serios \u0219i consecvent&#8221;, a spus Atanasiu, \u00eentr-o conferin\u021b\u0103 de pres\u0103 sus\u021binut\u0103, s\u00e2mb\u0103t\u0103, la T\u00e2rgu Mure\u0219.<\/p>\n<p data-index=\"4\">El i-a recomandat lui Dacian Ciolo\u0219 s\u0103 \u00ee\u0219i fac\u0103 direct un partid, nu o platform\u0103, scrie <a href=\"http:\/\/www.agerpres.ro\/\" target=\"_blank\" data-skip-linkfix=\"1\" rel=\"noopener\">Agerpres<\/a>.<\/p>\n<p data-index=\"5\">Atanasiu a precizat c\u0103, dac\u0103 Dacian Ciolo\u0219 intr\u0103 \u00een politic\u0103, s-ar putea ca acesta s\u0103 \u00ee\u0219i clarifice &#8220;o gr\u0103mad\u0103 de dileme pe care le avea c\u00e2nd nu era tehnocrat \u0219i nu se ocupa de politic\u0103&#8221;.<\/p>\n<p data-index=\"6\">Teodor Atanasiu a mai subliniat c\u0103 orice implicare a unor cet\u0103\u021beni \u00een proiecte politice este binevenit\u0103, \u00eens\u0103 a sus\u021binut c\u0103, p\u00e2n\u0103 acum, platformele civice care s-au lansat \u00een politic\u0103 nu s-au dovedit a fi ni\u0219te proiecte reu\u0219ite.<\/p>\n<\/div>\n<p> Source URL: https:\/\/www.digi24.ro\/stiri\/actualitate\/politica\/de-ce-nu-i-s-a-propus-lui-dacian-ciolos-sa-conduca-pnl-685712<\/p>\n","protected":false},"excerpt":{"rendered":"<p>Prim-vicepre\u0219edintele Partidului Na\u021bional Liberal, Teodor Atanasiu, \u00eei recomand\u0103 fostului premier Dacian Ciolo\u0219 s\u0103 \u00ee\u0219i fac\u0103 &#8220;direct un partid&#8221;, nu o platform\u0103, men\u021bion\u00e2nd c\u0103 &#8220;politica este un lucru serios, care nu se face numai \u00een timpul liber&#8221;. &#8220;Sunt multe lucruri pe care domnul Ciolo\u0219 le-a v\u0103zut \u00eentr-un fel c\u00e2nd era tehnocrat \u0219i sunt convins c\u0103 le [&hellip;]<\/p>\n","protected":false},"author":1,"featured_media":145197,"comment_status":"open","ping_status":"","sticky":false,"template":"","format":"standard","meta":{"footnotes":""},"categories":[2],"tags":[11],"class_list":["post-145196","post","type-post","status-publish","format-standard","has-post-thumbnail","hentry","category-politics","tag-digi24"],"_links":{"self":[{"href":"https:\/\/analyse.optim.biz\/index.php?rest_route=\/wp\/v2\/posts\/145196","targetHints":{"allow":["GET"]}}],"collection":[{"href":"https:\/\/analyse.optim.biz\/index.php?rest_route=\/wp\/v2\/posts"}],"about":[{"href":"https:\/\/analyse.optim.biz\/index.php?rest_route=\/wp\/v2\/types\/post"}],"author":[{"embeddable":true,"href":"https:\/\/analyse.optim.biz\/index.php?rest_route=\/wp\/v2\/users\/1"}],"replies":[{"embeddable":true,"href":"https:\/\/analyse.optim.biz\/index.php?rest_route=%2Fwp%2Fv2%2Fcomments&post=145196"}],"version-history":[{"count":0,"href":"https:\/\/analyse.optim.biz\/index.php?rest_route=\/wp\/v2\/posts\/145196\/revisions"}],"wp:featuredmedia":[{"embeddable":true,"href":"https:\/\/analyse.optim.biz\/index.php?rest_route=\/wp\/v2\/media\/145197"}],"wp:attachment":[{"href":"https:\/\/analyse.optim.biz\/index.php?rest_route=%2Fwp%2Fv2%2Fmedia&parent=145196"}],"wp:term":[{"taxonomy":"category","embeddable":true,"href":"https:\/\/analyse.optim.biz\/index.php?rest_route=%2Fwp%2Fv2%2Fcategories&post=145196"},{"taxonomy":"post_tag","embeddable":true,"href":"https:\/\/analyse.optim.biz\/index.php?rest_route=%2Fwp%2Fv2%2Ftags&post=145196"}],"curies":[{"name":"wp","href":"https:\/\/api.w.org\/{rel}","templated":true}]}}