{"id":145182,"date":"2017-03-12T16:56:04","date_gmt":"2017-03-12T13:56:04","guid":{"rendered":"https:\/\/analyse.optim.biz\/?p=145182"},"modified":"2017-03-12T16:56:04","modified_gmt":"2017-03-12T13:56:04","slug":"gabriel-oprea-nu-intentionez-sa-revin-in-politica","status":"publish","type":"post","link":"https:\/\/analyse.optim.biz\/?p=145182","title":{"rendered":"Gabriel Oprea: Nu inten\u021bionez s\u0103 revin \u00een politic\u0103"},"content":{"rendered":"<div class=\"entry data-app-meta data-app-meta-article\" data-embed-base-url-canonical=\"https:\/\/www.digi24.ro\/embed\/stiri\/actualitate\/politica\/gabriel-oprea-nu-intentionez-sa-revin-in-politica-686064\">\n<p data-index=\"1\">Fostul vicepremier Gabriel Oprea postat un mesaj pe pagina sa de Facebook \u00een care anun\u021b\u0103 c\u0103 nu inten\u021bioneaz\u0103 s\u0103 revin\u0103 \u00een politic\u0103 \u0219i c\u0103 \u00eent\u00e2lnirile cu fo\u015ftii s\u0103i colegi au fost de natur\u0103 &#8220;personal\u0103&#8221;. \u00a0Anun\u021bul a fost f\u0103cut dup\u0103 ce \u00een pres\u0103 au ap\u0103rut informa\u0163ii legate de\u00a0reuniunea fac\u0163iunii UNPR care contest\u0103 fuziunea cu PMP \u015fi r\u0103m\u00e2ne fidel\u0103 social-democra\u0163ilor.<\/p>\n<p data-index=\"2\"><img loading=\"lazy\" decoding=\"async\" class=\"alignnone size-full wp-image-686065\" src=\"https:\/\/analyse.optim.biz\/wp-content\/uploads\/2024\/09\/zwvjmdlknzhlnzfmnzm0ywmxmzmyodm5ogy-thumb_.jpg\" alt=\"Gabriel Oprea, sedinta de Guvern_gov (1)\" width=\"4143\" height=\"2670\" data-skip-htmlfix=\"1\" title=\"zwvjmdlknzhlnzfmnzm0ywmxmzmyodm5ogy-thumb_\"><\/p>\n<p data-index=\"3\">&#8220;\u00cen ultima perioad\u0103 au fost publicate materiale de pres\u0103 potrivit c\u0103rora a\u015f fi implicat \u00een organizarea, al\u0103turi de fo\u015fti colegi din UNPR, a unor ac\u0163iuni politice. Aceste informa\u0163ii sunt false. Nu inten\u0163ionez s\u0103 revin \u00een politic\u0103&#8221;, scrie Gabriel Oprea.<\/p>\n<p data-index=\"4\">Acesta a precizat c\u0103 \u00eent\u00e2lnirile cu fo\u015ftii colegi din UNPR au fost &#8220;de natur\u0103 personal\u0103&#8221; \u015fi nu vizeaz\u0103 politica.<\/p>\n<p class=\"gdpr-placeholder gdpr-social-media gdpr-iframe-fix\" data-index=\"6\"> Setarile tale privind cookie-urile nu permit afisarea continutul din aceasta sectiune. Poti actualiza setarile modulelor coookie direct din browser sau de <a class=\"ot-sdk-show-settings\" data-skip-linkfix=\"1\">aici<\/a> \u2013 e nevoie sa accepti cookie-urile social media<\/p>\n<p data-index=\"7\">Aripa din UNPR care contest\u0103 fuziunea cu PMP, \u00een r\u00e2ndul c\u0103reia exist\u0103 \u00een continuare ale\u015fi locali, a avut zilele trecute o reuniune, ar\u0103t\u00e2ndu-\u015fi sprijinul pentru PSD \u015fi Guvern. De altfel, membri ai acestei aripi au participat \u015fi la unul dintre mitingurile pro-guvernamentale organizate de PSD \u00een D\u00e2mbovi\u0163a, unde au fost afi\u015fat mesaje sub sigla fostului UNPR.<\/p>\n<\/div>\n<p> Source URL: https:\/\/www.digi24.ro\/stiri\/actualitate\/politica\/gabriel-oprea-nu-intentionez-sa-revin-in-politica-686064<\/p>\n","protected":false},"excerpt":{"rendered":"<p>Fostul vicepremier Gabriel Oprea postat un mesaj pe pagina sa de Facebook \u00een care anun\u021b\u0103 c\u0103 nu inten\u021bioneaz\u0103 s\u0103 revin\u0103 \u00een politic\u0103 \u0219i c\u0103 \u00eent\u00e2lnirile cu fo\u015ftii s\u0103i colegi au fost de natur\u0103 &#8220;personal\u0103&#8221;. \u00a0Anun\u021bul a fost f\u0103cut dup\u0103 ce \u00een pres\u0103 au ap\u0103rut informa\u0163ii legate de\u00a0reuniunea fac\u0163iunii UNPR care contest\u0103 fuziunea cu PMP \u015fi [&hellip;]<\/p>\n","protected":false},"author":1,"featured_media":145183,"comment_status":"open","ping_status":"","sticky":false,"template":"","format":"standard","meta":{"footnotes":""},"categories":[2],"tags":[11],"class_list":["post-145182","post","type-post","status-publish","format-standard","has-post-thumbnail","hentry","category-politics","tag-digi24"],"_links":{"self":[{"href":"https:\/\/analyse.optim.biz\/index.php?rest_route=\/wp\/v2\/posts\/145182","targetHints":{"allow":["GET"]}}],"collection":[{"href":"https:\/\/analyse.optim.biz\/index.php?rest_route=\/wp\/v2\/posts"}],"about":[{"href":"https:\/\/analyse.optim.biz\/index.php?rest_route=\/wp\/v2\/types\/post"}],"author":[{"embeddable":true,"href":"https:\/\/analyse.optim.biz\/index.php?rest_route=\/wp\/v2\/users\/1"}],"replies":[{"embeddable":true,"href":"https:\/\/analyse.optim.biz\/index.php?rest_route=%2Fwp%2Fv2%2Fcomments&post=145182"}],"version-history":[{"count":0,"href":"https:\/\/analyse.optim.biz\/index.php?rest_route=\/wp\/v2\/posts\/145182\/revisions"}],"wp:featuredmedia":[{"embeddable":true,"href":"https:\/\/analyse.optim.biz\/index.php?rest_route=\/wp\/v2\/media\/145183"}],"wp:attachment":[{"href":"https:\/\/analyse.optim.biz\/index.php?rest_route=%2Fwp%2Fv2%2Fmedia&parent=145182"}],"wp:term":[{"taxonomy":"category","embeddable":true,"href":"https:\/\/analyse.optim.biz\/index.php?rest_route=%2Fwp%2Fv2%2Fcategories&post=145182"},{"taxonomy":"post_tag","embeddable":true,"href":"https:\/\/analyse.optim.biz\/index.php?rest_route=%2Fwp%2Fv2%2Ftags&post=145182"}],"curies":[{"name":"wp","href":"https:\/\/api.w.org\/{rel}","templated":true}]}}