{"id":1451406,"date":"2024-04-01T10:12:11","date_gmt":"2024-04-01T07:12:11","guid":{"rendered":"https:\/\/analyse.optim.biz\/?p=1451406"},"modified":"2024-04-01T10:12:11","modified_gmt":"2024-04-01T07:12:11","slug":"de-ziua-lor-jandarmii-vasluieni-au-fost-inconjurati-de-copii-in-parcul-copou","status":"publish","type":"post","link":"https:\/\/analyse.optim.biz\/?p=1451406","title":{"rendered":"De Ziua lor, jandarmii vasluieni au fost \u00eenconjura\u021bi de copii, \u00een Parcul Copou"},"content":{"rendered":"<div class=\"entry-content clearfix\">\n<p>\u00cen acest an, Ziua Jandarmeriei Rom\u00e2ne a fost marcat\u0103 la Vaslui prin organizarea unor ateliere de prezentare a materialelor \u0219i tehnicii din dotare. Startul a fost dat ieri la B\u00e2rlad, iar ast\u0103zi jandarmii vasluieni au fost lua\u021bi cu asalt de copii \u0219i p\u0103rin\u021bi \u00een Parcul Copou, dornici s\u0103 se fotografieze cu arma \u00een m\u00e2n\u0103 sau vestele de interven\u021bie. <\/p>\n<p>Cei mai curajo\u0219i au \u00eencercat \u0219i sistemele de avertizare acustic\u0103 de pe autospecialele jandarmeriei, ur\u00e2ndu-le, totodat\u0103, prin intermediul sta\u021biilor emisie-recep\u021bie, tradi\u021bionalul \u201eLa mul\u021bi ani, Jandarmeria Rom\u00e2n\u0103!\u201d.Tot cu acest prilej, participan\u021bii au primit legitima\u021bia \u201eJandarm pentru o Zi\u201d.Totodat\u0103, cei interesa\u021bi de oferta educa\u021bional\u0103 a institu\u021biilor militare de \u00eenv\u0103\u021b\u0103m\u00e2nt au avut la dispozi\u021bie speciali\u0219ti de la resurse umane care le-au oferit informa\u021biile necesare celor care doresc s\u0103 urmeze o carier\u0103 militar\u0103.<\/p>\n<p>\u201eAm \u021binut s\u0103 petrec c\u00e2teva minute al\u0103turi de jandarmi, care la ceas aniversar au dat posibilitatea vasluienilor s\u0103 afle ce presupune munca \u00een Jandarmerie, care sunt pa\u0219ii de urmat pentru a \u00eembr\u0103\u021bi\u0219a o astfel de carier\u0103. Ca s\u0103 \u00een\u0163elegi rolul jandarmilor \u00een comunitate trebuie mai \u00eent\u00e2i s\u0103 cuno\u015fti \u015fi s\u0103 recuno\u015fti tradi\u0163iile armei, dar mai ales s\u0103-i cuno\u015fti oamenii, jandarmii, care, prin misiunile pe care le \u00eendeplinesc zi de zi, dau \u00eencredere \u0219i siguran\u021b\u0103 tuturora. La mul\u021bi ani Jandarmeriei Rom\u00e2ne, la mul\u021bi ani jandarmilor vasluieni\u201d, a spus Ciprian-Ionu\u021b Trifan, vicepre\u0219edintele Consiliului Jude\u021bean Vaslui. Activit\u0103\u021bile, care vor continua m\u00e2ine la Hu\u0219i, sunt organizate \u00een contextul \u201eZilei Jandarmeriei Rom\u00e2ne\u201d, s\u0103rb\u0103torit\u0103 \u00een fiecare an, \u00een ziua de 03 aprilie.<\/p>\n<aside class=\"mashsb-container mashsb-main \">\n<div class=\"mashsb-box\">\n<div class=\"mashsb-count mash-medium\">\n<div class=\"counts mashsbcount\">0<\/div>\n<p><span class=\"mashsb-sharetext\">SHARES<\/span><\/div>\n<div class=\"mashsb-buttons\"><a class=\"mashicon-facebook mash-medium mashsb-noshadow\" href=\"https:\/\/www.facebook.com\/sharer.php?u=http%3A%2F%2Fwww.ziaruldevaslui.ro%2Fde-ziua-lor-jandarmii-vasluieni-au-fost-inconjurati-de-copii-in-parcul-copou%2F\" target=\"_top\" rel=\"nofollow\"><span class=\"text\">Share\u00a0pe\u00a0facebook<\/span><\/a><a class=\"mashicon-twitter mash-medium mashsb-noshadow\" href=\"https:\/\/twitter.com\/intent\/tweet?text=De%20Ziua%20lor%2C%20jandarmii%20vasluieni%20au%20fost%20%C3%AEnconjura%C8%9Bi%20de%20copii%2C%20%C3%AEn%20Parcul%20Copou&amp;url=http:\/\/www.ziaruldevaslui.ro\/?p=45591\" target=\"_top\" rel=\"nofollow\"><span class=\"text\">Share\u00a0pe\u00a0twitter<\/span><\/a><\/div>\n<\/div>\n<\/aside>\n<\/div>\n<div class=\"entry-content\">\n<p>Ini\u021bial am crezut c\u0103 Ionel Sandu s-a apucat de Stand Up Comedy. Cu afacerile nu st\u0103 extraordinar, cu politica nici<\/p>\n<\/div>\n<p> Source URL: http:\/\/www.ziaruldevaslui.ro\/de-ziua-lor-jandarmii-vasluieni-au-fost-inconjurati-de-copii-in-parcul-copou\/<\/p>\n","protected":false},"excerpt":{"rendered":"<p>\u00cen acest an, Ziua Jandarmeriei Rom\u00e2ne a fost marcat\u0103 la Vaslui prin organizarea unor ateliere de prezentare a materialelor \u0219i tehnicii din dotare. Startul a fost dat ieri la B\u00e2rlad, iar ast\u0103zi jandarmii vasluieni au fost lua\u021bi cu asalt de copii \u0219i p\u0103rin\u021bi \u00een Parcul Copou, dornici s\u0103 se fotografieze cu arma \u00een m\u00e2n\u0103 sau [&hellip;]<\/p>\n","protected":false},"author":1,"featured_media":0,"comment_status":"open","ping_status":"","sticky":false,"template":"","format":"standard","meta":{"footnotes":""},"categories":[89],"tags":[218],"class_list":["post-1451406","post","type-post","status-publish","format-standard","hentry","category-romania","tag-ziaruldevaslui-ro"],"_links":{"self":[{"href":"https:\/\/analyse.optim.biz\/index.php?rest_route=\/wp\/v2\/posts\/1451406","targetHints":{"allow":["GET"]}}],"collection":[{"href":"https:\/\/analyse.optim.biz\/index.php?rest_route=\/wp\/v2\/posts"}],"about":[{"href":"https:\/\/analyse.optim.biz\/index.php?rest_route=\/wp\/v2\/types\/post"}],"author":[{"embeddable":true,"href":"https:\/\/analyse.optim.biz\/index.php?rest_route=\/wp\/v2\/users\/1"}],"replies":[{"embeddable":true,"href":"https:\/\/analyse.optim.biz\/index.php?rest_route=%2Fwp%2Fv2%2Fcomments&post=1451406"}],"version-history":[{"count":0,"href":"https:\/\/analyse.optim.biz\/index.php?rest_route=\/wp\/v2\/posts\/1451406\/revisions"}],"wp:attachment":[{"href":"https:\/\/analyse.optim.biz\/index.php?rest_route=%2Fwp%2Fv2%2Fmedia&parent=1451406"}],"wp:term":[{"taxonomy":"category","embeddable":true,"href":"https:\/\/analyse.optim.biz\/index.php?rest_route=%2Fwp%2Fv2%2Fcategories&post=1451406"},{"taxonomy":"post_tag","embeddable":true,"href":"https:\/\/analyse.optim.biz\/index.php?rest_route=%2Fwp%2Fv2%2Ftags&post=1451406"}],"curies":[{"name":"wp","href":"https:\/\/api.w.org\/{rel}","templated":true}]}}