{"id":144830,"date":"2017-03-15T21:57:16","date_gmt":"2017-03-15T18:57:16","guid":{"rendered":"https:\/\/analyse.optim.biz\/?p=144830"},"modified":"2017-03-15T21:57:16","modified_gmt":"2017-03-15T18:57:16","slug":"crin-antonescu-nu-sunt-implicat-in-batalia-pentru-conducerea-pnl","status":"publish","type":"post","link":"https:\/\/analyse.optim.biz\/?p=144830","title":{"rendered":"Crin Antonescu: Nu sunt implicat \u00een b\u0103t\u0103lia pentru conducerea PNL"},"content":{"rendered":"<div class=\"entry data-app-meta data-app-meta-article\" data-embed-base-url-canonical=\"https:\/\/www.digi24.ro\/embed\/stiri\/actualitate\/politica\/crin-antonescu-nu-sunt-implicat-in-batalia-pentru-conducerea-pnl-688528\">\n<p data-index=\"1\"><strong>Fostul lider al PNL Crin Antonescu a declarat, mar\u021bi, c\u0103 nu este implicat \u00een b\u0103t\u0103lia pentru conducerea partidului, \u00eentruc\u00e2t aceasta nu reprezint\u0103 o tem\u0103 pentru el acum.<\/strong><\/p>\n<p data-index=\"2\"><img loading=\"lazy\" decoding=\"async\" class=\"alignnone size-full wp-image-688532\" src=\"https:\/\/analyse.optim.biz\/wp-content\/uploads\/2024\/09\/nzkymwu2ogiwmmniyjhjzmyxy2e5mtk2mdi2zta0-thumb_.jpg\" alt=\"crin antonescu fb\" width=\"639\" height=\"960\" data-skip-htmlfix=\"1\" title=\"nzkymwu2ogiwmmniyjhjzmyxy2e5mtk2mdi2zta0-thumb_\"><\/p>\n<p data-index=\"3\">&#8220;Nu sunt implicat \u00een aceast\u0103 b\u0103t\u0103lie. De bun\u0103 seam\u0103 c\u0103 privesc cu interes c\u0103tre oamenii pe care \u00eei cunosc mai bine. Nu \u0219tiu dac\u0103, p\u00e2n\u0103 la urm\u0103, domnul Cristian Bu\u0219oi va candida sau nu &#8211; am v\u0103zut \u0219i asta ca ipotez\u0103. Mi se pare o candidatur\u0103 de luat \u00een discu\u021bie foarte serios&#8221;, a afirmat Antonescu, la un post de televiziune, citat de Agerpres.<\/p>\n<p data-index=\"4\">El l-a nominalizat, totodat\u0103, \u0219i pe Ludovic Orban, apreciind candidatura acestuia drept &#8220;important\u0103&#8221;.<\/p>\n<p data-index=\"5\">&#8220;Ludovic Orban, categoric, un partener, coleg, camarad de politic\u0103 20 de ani, e o candidatur\u0103 important\u0103. Probabil c\u0103, cel pu\u021bin \u00een sinea mea, voi sus\u021bine un om \u00een leg\u0103tur\u0103 cu care am elementele, \u00een ani adunate, c\u0103 ar putea conduce acest partid mai bine. Dar nu e o tem\u0103 pentru mine \u00een acest moment&#8221;, a ad\u0103ugat fostul pre\u0219edinte al PNL.<\/p>\n<\/div>\n<p> Source URL: https:\/\/www.digi24.ro\/stiri\/actualitate\/politica\/crin-antonescu-nu-sunt-implicat-in-batalia-pentru-conducerea-pnl-688528<\/p>\n","protected":false},"excerpt":{"rendered":"<p>Fostul lider al PNL Crin Antonescu a declarat, mar\u021bi, c\u0103 nu este implicat \u00een b\u0103t\u0103lia pentru conducerea partidului, \u00eentruc\u00e2t aceasta nu reprezint\u0103 o tem\u0103 pentru el acum. &#8220;Nu sunt implicat \u00een aceast\u0103 b\u0103t\u0103lie. De bun\u0103 seam\u0103 c\u0103 privesc cu interes c\u0103tre oamenii pe care \u00eei cunosc mai bine. Nu \u0219tiu dac\u0103, p\u00e2n\u0103 la urm\u0103, domnul [&hellip;]<\/p>\n","protected":false},"author":1,"featured_media":144831,"comment_status":"open","ping_status":"","sticky":false,"template":"","format":"standard","meta":{"footnotes":""},"categories":[2],"tags":[11],"class_list":["post-144830","post","type-post","status-publish","format-standard","has-post-thumbnail","hentry","category-politics","tag-digi24"],"_links":{"self":[{"href":"https:\/\/analyse.optim.biz\/index.php?rest_route=\/wp\/v2\/posts\/144830","targetHints":{"allow":["GET"]}}],"collection":[{"href":"https:\/\/analyse.optim.biz\/index.php?rest_route=\/wp\/v2\/posts"}],"about":[{"href":"https:\/\/analyse.optim.biz\/index.php?rest_route=\/wp\/v2\/types\/post"}],"author":[{"embeddable":true,"href":"https:\/\/analyse.optim.biz\/index.php?rest_route=\/wp\/v2\/users\/1"}],"replies":[{"embeddable":true,"href":"https:\/\/analyse.optim.biz\/index.php?rest_route=%2Fwp%2Fv2%2Fcomments&post=144830"}],"version-history":[{"count":0,"href":"https:\/\/analyse.optim.biz\/index.php?rest_route=\/wp\/v2\/posts\/144830\/revisions"}],"wp:featuredmedia":[{"embeddable":true,"href":"https:\/\/analyse.optim.biz\/index.php?rest_route=\/wp\/v2\/media\/144831"}],"wp:attachment":[{"href":"https:\/\/analyse.optim.biz\/index.php?rest_route=%2Fwp%2Fv2%2Fmedia&parent=144830"}],"wp:term":[{"taxonomy":"category","embeddable":true,"href":"https:\/\/analyse.optim.biz\/index.php?rest_route=%2Fwp%2Fv2%2Fcategories&post=144830"},{"taxonomy":"post_tag","embeddable":true,"href":"https:\/\/analyse.optim.biz\/index.php?rest_route=%2Fwp%2Fv2%2Ftags&post=144830"}],"curies":[{"name":"wp","href":"https:\/\/api.w.org\/{rel}","templated":true}]}}