{"id":144827,"date":"2017-03-16T10:20:01","date_gmt":"2017-03-16T07:20:01","guid":{"rendered":"https:\/\/analyse.optim.biz\/?p=144827"},"modified":"2017-03-16T10:20:01","modified_gmt":"2017-03-16T07:20:01","slug":"muzeul-istoriei-evreilor-discutii-intre-premier-si-o-delegatie-condusa-de-ambasadorul-sua","status":"publish","type":"post","link":"https:\/\/analyse.optim.biz\/?p=144827","title":{"rendered":"Muzeul Istoriei Evreilor | Discu\u0163ii \u00eentre premier \u015fi o delega\u0163ie condus\u0103 de ambasadorul SUA"},"content":{"rendered":"<div class=\"entry data-app-meta data-app-meta-article\" data-embed-base-url-canonical=\"https:\/\/www.digi24.ro\/embed\/stiri\/actualitate\/politica\/discutii-la-guvern-intre-ambasadorul-sua-si-premierul-grindeanu-688743\">\n<p data-index=\"1\"><strong>Premierul Sorin Grindeanu a discutat, joi, la Palatul Victoria, cu ambasadorul SUA la Bucure\u015fti, Hans Klemm, care a venit \u00eenso\u0163it de o delega\u0163ie a Muzeului Memorial al Holocaustului din Statele Unite, tema \u00eent\u00e2lnirii viz\u00e2nd \u00eenfiin\u0163area unui Muzeu al Istoriei Evreilor din Rom\u00e2nia. Premierului i s-a propus s\u0103 fie membru de onoare \u00een conducerea viitorului muzeu.<\/strong><\/p>\n<div class=\"article-share\"><img loading=\"lazy\" decoding=\"async\" class=\"alignnone size-full wp-image-526980\" src=\"https:\/\/analyse.optim.biz\/wp-content\/uploads\/2024\/09\/agfzad1lmtvlyjbin2q4otexodqxnmm2zjvlngrhnde1zgrlza-thumb_.jpg\" alt=\"hans klemm 1\" width=\"800\" height=\"422\" data-skip-htmlfix=\"1\" title=\"agfzad1lmtvlyjbin2q4otexodqxnmm2zjvlngrhnde1zgrlza-thumb_\"><\/div>\n<div class=\"article-share\">\n<p data-index=\"2\">Guvernul informeaz\u0103 c\u0103 principala tem\u0103 de discu\u0163ie a fost \u00eenfiin\u0163area unui Muzeu al Istoriei Evreilor din Rom\u00e2nia, un demers de consolidare a educa\u0163iei privind istoria Holocaustului. Discu\u0163ia a avut loc \u00een contextul organiz\u0103rii la Palatul Victoria, vineri, a primei reuniuni interna\u0163ionale a Comitetului Consultativ pentru realizarea muzeului.<\/p>\n<p data-index=\"3\">Potrivit sursei citate, Sorin Grindeanu \u015fi-a exprimat aprecierea pentru excelenta colaborare \u00eentre institu\u0163iile din Rom\u00e2nia \u015fi Muzeul Memorial al Holocaustului din Statele Unite, \u00een special pentru desf\u0103\u015furarea de programe educative, precum \u015fi \u00een promovarea interna\u0163ional\u0103 a proiectului unui Muzeu al evreilor din Rom\u00e2nia.<\/p>\n<p data-index=\"4\">\u201cAcest proiect are sus\u0163inerea Guvernului Rom\u00e2niei, precum \u015fi a altor institu\u0163ii ale statului rom\u00e2n. Ne dorim ca acest proiect s\u0103 devin\u0103 realitate c\u00e2t mai cur\u00e2nd \u015fi vom colabora \u00eendeaproape, \u00een acest sens, cu Federa\u0163ia Comunit\u0103\u0163ilor Evreie\u015fti din Rom\u00e2nia\u201d, a declarat premierul Sorin Grindeanu, citat de <a href=\"http:\/\/www.news.ro\" target=\"_blank\" data-skip-linkfix=\"1\" rel=\"noopener\">News.ro<\/a>.<\/p>\n<p data-index=\"5\">Prim-ministrul a mul\u0163umit delega\u0163iei pentru propunerea de a deveni membru de onoare al Board-ului viitorului Muzeu al Istoriei Evreilor din Rom\u00e2nia.<\/p>\n<p data-index=\"6\">\u00cen cadrul \u00eent\u00e2lnirii, partea american\u0103 a reafirmat aprecierea pentru activitatea Institutului Na\u0163ional pentru Studierea Holocaustului din Rom\u00e2nia \u00abElie Wiesel\u00bb \u015fi pentru rezultatele Pre\u015fedin\u0163iei rom\u00e2ne\u015fti la Alian\u0163a Interna\u0163ional\u0103 pentru memoria Holocaustului.<\/p>\n<p data-index=\"7\">La \u00eent\u00e2lnire au mai participat Radu Ioanid, director al Programului Arhivistic Interna\u0163ional din cadrul Muzeului Memorial al Holocaustului din Statele Unite, Paul Shapiro, director Programe de \u00cenalte Studii din cadrul Muzeului Memorial al Holocaustului din Statele Unite, Mihnea Constantinescu, ambasador cu \u00eens\u0103rcin\u0103ri speciale MAE \u015fi Alexandru Florian, director general al Institutului Na\u0163ional pentru Studierea Holocaustului din Rom\u00e2nia \u2013 Elie Wiesel.<\/p>\n<\/div>\n<\/div>\n<p> Source URL: https:\/\/www.digi24.ro\/stiri\/actualitate\/politica\/discutii-la-guvern-intre-ambasadorul-sua-si-premierul-grindeanu-688743<\/p>\n","protected":false},"excerpt":{"rendered":"<p>Premierul Sorin Grindeanu a discutat, joi, la Palatul Victoria, cu ambasadorul SUA la Bucure\u015fti, Hans Klemm, care a venit \u00eenso\u0163it de o delega\u0163ie a Muzeului Memorial al Holocaustului din Statele Unite, tema \u00eent\u00e2lnirii viz\u00e2nd \u00eenfiin\u0163area unui Muzeu al Istoriei Evreilor din Rom\u00e2nia. Premierului i s-a propus s\u0103 fie membru de onoare \u00een conducerea viitorului muzeu. [&hellip;]<\/p>\n","protected":false},"author":1,"featured_media":144828,"comment_status":"open","ping_status":"","sticky":false,"template":"","format":"standard","meta":{"footnotes":""},"categories":[2],"tags":[11],"class_list":["post-144827","post","type-post","status-publish","format-standard","has-post-thumbnail","hentry","category-politics","tag-digi24"],"_links":{"self":[{"href":"https:\/\/analyse.optim.biz\/index.php?rest_route=\/wp\/v2\/posts\/144827","targetHints":{"allow":["GET"]}}],"collection":[{"href":"https:\/\/analyse.optim.biz\/index.php?rest_route=\/wp\/v2\/posts"}],"about":[{"href":"https:\/\/analyse.optim.biz\/index.php?rest_route=\/wp\/v2\/types\/post"}],"author":[{"embeddable":true,"href":"https:\/\/analyse.optim.biz\/index.php?rest_route=\/wp\/v2\/users\/1"}],"replies":[{"embeddable":true,"href":"https:\/\/analyse.optim.biz\/index.php?rest_route=%2Fwp%2Fv2%2Fcomments&post=144827"}],"version-history":[{"count":0,"href":"https:\/\/analyse.optim.biz\/index.php?rest_route=\/wp\/v2\/posts\/144827\/revisions"}],"wp:featuredmedia":[{"embeddable":true,"href":"https:\/\/analyse.optim.biz\/index.php?rest_route=\/wp\/v2\/media\/144828"}],"wp:attachment":[{"href":"https:\/\/analyse.optim.biz\/index.php?rest_route=%2Fwp%2Fv2%2Fmedia&parent=144827"}],"wp:term":[{"taxonomy":"category","embeddable":true,"href":"https:\/\/analyse.optim.biz\/index.php?rest_route=%2Fwp%2Fv2%2Fcategories&post=144827"},{"taxonomy":"post_tag","embeddable":true,"href":"https:\/\/analyse.optim.biz\/index.php?rest_route=%2Fwp%2Fv2%2Ftags&post=144827"}],"curies":[{"name":"wp","href":"https:\/\/api.w.org\/{rel}","templated":true}]}}