{"id":144813,"date":"2017-03-16T15:01:28","date_gmt":"2017-03-16T12:01:28","guid":{"rendered":"https:\/\/analyse.optim.biz\/?p=144813"},"modified":"2017-03-16T15:01:28","modified_gmt":"2017-03-16T12:01:28","slug":"tensiuni-in-alde-gerea-replica-acida-pentru-daniel-constantin","status":"publish","type":"post","link":"https:\/\/analyse.optim.biz\/?p=144813","title":{"rendered":"Tensiuni \u00een ALDE. Gerea, replic\u0103 acid\u0103 pentru Daniel Constantin"},"content":{"rendered":"<div class=\"entry data-app-meta data-app-meta-article\" data-embed-base-url-canonical=\"https:\/\/www.digi24.ro\/embed\/stiri\/actualitate\/politica\/vicepresedinte-alde-daniel-constantin-a-inghitit-o-pentru-ca-nu-avea-incotro-689069\">\n<p data-index=\"1\"><strong>Tensiuni \u00een partidul lui C\u0103lin Popescu T\u0103riceanu. Andrei Gerea, vicepre\u0219edinte ALDE, \u00eel atac\u0103 pe copre\u0219edintele Daniel Constantin despre care spune c\u0103 \u201e\u0219i-a dat seama c\u0103 este penibil s\u0103 te opui organiz\u0103rii Congresului, \u00een condi\u021biile \u00een care peste 30 de organiza\u021bii jude\u021bene au luat aceast\u0103 hot\u0103r\u00e2re\u201d. Constantin \u201ea \u00eenghi\u021bit-o pentru c\u0103 nu avea \u00eencotro\u201d, mai spune vicepre\u0219edintele ALDE.<\/strong><\/p>\n<p data-index=\"2\"><img loading=\"lazy\" decoding=\"async\" class=\"alignnone size-full wp-image-689072\" src=\"https:\/\/analyse.optim.biz\/wp-content\/uploads\/2024\/09\/yjc3mwmwmjfmmju1ntm4m2e4mthmmdqym2q-thumb_.jpg\" alt=\"colaj ALDE constantin tariceanu gerea\" width=\"1200\" height=\"780\" data-skip-htmlfix=\"1\" title=\"yjc3mwmwmjfmmju1ntm4m2e4mthmmdqym2q-thumb_\"><\/p>\n<p data-index=\"3\">\u201eDomnul Daniel Constantin viseaz\u0103 frumos, cu ochii deschi\u0219i, spun\u00e2nd: PC a stat la baza form\u0103rii ALDE. Realitatea este alta \u0219i, de aceea, Daniel Constantin a acceptat organizarea Delega\u021biei Permanente Na\u021bionale \u00een vederea stabilirii Congresului. \u0218i-a dat seama c\u0103 este penibil s\u0103 te opui organiz\u0103rii Congresului, \u00een condi\u021biile \u00een care peste 30 de organiza\u021bii jude\u021bene au luat aceast\u0103 hot\u0103r\u00e2re, mai ales c\u00e2nd ai \u0219i statutul de copre\u0219edinte. A \u00eenghi\u021bit-o pentru c\u0103 nu mai avea \u00eencotro!<\/p>\n<p data-index=\"4\">Dac\u0103 ne uit\u0103m pe rezultatele de la alegerile parlamentare vom vedea c\u0103 sunt dou\u0103 organiza\u021bii de la fostul PC \u00een primele 10. Cum s\u0103 ne explic\u0103m de ce PC nu dep\u0103\u0219ea 1% \u00een sondaje p\u00e2n\u0103 la fuziunea cu PLR?\u201d, se arat\u0103 \u00eentr-un comunicat de pres\u0103 trimis de ALDE.<\/p>\n<\/div>\n<p> Source URL: https:\/\/www.digi24.ro\/stiri\/actualitate\/politica\/vicepresedinte-alde-daniel-constantin-a-inghitit-o-pentru-ca-nu-avea-incotro-689069<\/p>\n","protected":false},"excerpt":{"rendered":"<p>Tensiuni \u00een partidul lui C\u0103lin Popescu T\u0103riceanu. Andrei Gerea, vicepre\u0219edinte ALDE, \u00eel atac\u0103 pe copre\u0219edintele Daniel Constantin despre care spune c\u0103 \u201e\u0219i-a dat seama c\u0103 este penibil s\u0103 te opui organiz\u0103rii Congresului, \u00een condi\u021biile \u00een care peste 30 de organiza\u021bii jude\u021bene au luat aceast\u0103 hot\u0103r\u00e2re\u201d. Constantin \u201ea \u00eenghi\u021bit-o pentru c\u0103 nu avea \u00eencotro\u201d, mai spune [&hellip;]<\/p>\n","protected":false},"author":1,"featured_media":144814,"comment_status":"open","ping_status":"","sticky":false,"template":"","format":"standard","meta":{"footnotes":""},"categories":[2],"tags":[11],"class_list":["post-144813","post","type-post","status-publish","format-standard","has-post-thumbnail","hentry","category-politics","tag-digi24"],"_links":{"self":[{"href":"https:\/\/analyse.optim.biz\/index.php?rest_route=\/wp\/v2\/posts\/144813","targetHints":{"allow":["GET"]}}],"collection":[{"href":"https:\/\/analyse.optim.biz\/index.php?rest_route=\/wp\/v2\/posts"}],"about":[{"href":"https:\/\/analyse.optim.biz\/index.php?rest_route=\/wp\/v2\/types\/post"}],"author":[{"embeddable":true,"href":"https:\/\/analyse.optim.biz\/index.php?rest_route=\/wp\/v2\/users\/1"}],"replies":[{"embeddable":true,"href":"https:\/\/analyse.optim.biz\/index.php?rest_route=%2Fwp%2Fv2%2Fcomments&post=144813"}],"version-history":[{"count":0,"href":"https:\/\/analyse.optim.biz\/index.php?rest_route=\/wp\/v2\/posts\/144813\/revisions"}],"wp:featuredmedia":[{"embeddable":true,"href":"https:\/\/analyse.optim.biz\/index.php?rest_route=\/wp\/v2\/media\/144814"}],"wp:attachment":[{"href":"https:\/\/analyse.optim.biz\/index.php?rest_route=%2Fwp%2Fv2%2Fmedia&parent=144813"}],"wp:term":[{"taxonomy":"category","embeddable":true,"href":"https:\/\/analyse.optim.biz\/index.php?rest_route=%2Fwp%2Fv2%2Fcategories&post=144813"},{"taxonomy":"post_tag","embeddable":true,"href":"https:\/\/analyse.optim.biz\/index.php?rest_route=%2Fwp%2Fv2%2Ftags&post=144813"}],"curies":[{"name":"wp","href":"https:\/\/api.w.org\/{rel}","templated":true}]}}