{"id":144796,"date":"2017-03-16T17:15:56","date_gmt":"2017-03-16T14:15:56","guid":{"rendered":"https:\/\/analyse.optim.biz\/?p=144796"},"modified":"2017-03-16T17:15:56","modified_gmt":"2017-03-16T14:15:56","slug":"fostul-director-de-cabinet-al-lui-ciolos-intrarea-in-usr-nu-mai-este-de-actualitate-cazul-este-inchis","status":"publish","type":"post","link":"https:\/\/analyse.optim.biz\/?p=144796","title":{"rendered":"Fostul director de cabinet al lui Ciolo\u0219: Intrarea \u00een USR nu mai este de actualitate. Cazul este \u00eenchis"},"content":{"rendered":"<div class=\"entry data-app-meta data-app-meta-article\" data-embed-base-url-canonical=\"https:\/\/www.digi24.ro\/embed\/stiri\/actualitate\/politica\/fostul-director-de-cabinet-al-lui-ciolos-intrarea-in-usr-nu-mai-este-de-actualitate-cazul-este-inchis-689168\">\n<p data-index=\"1\"><strong>Alin Cristian Mitu\u021ba \u2013 fost director de cabinet al lui Dacian Ciolo\u0219 \u0219i, \u00een prezent, director executiv al asocia\u021biei \u201ePlatforma Romania 100\u201d &#8211; spune, \u00eentr-un comentariu pe Facebook, c\u0103 nu se mai pune problema intr\u0103rii fostului premier \u00een USR.<\/strong><\/p>\n<p data-index=\"2\"><img loading=\"lazy\" decoding=\"async\" class=\"alignnone size-full wp-image-689173\" src=\"https:\/\/analyse.optim.biz\/wp-content\/uploads\/2024\/09\/c2g9njq0zjhkmwi4mtllowfhn2rhotzingzlzgm1ytuxymy-thumb_.jpg\" alt=\"dacian ciolos gov ro\" width=\"744\" height=\"497\" data-skip-htmlfix=\"1\" title=\"c2g9njq0zjhkmwi4mtllowfhn2rhotzingzlzgm1ytuxymy-thumb_\"><\/p>\n<p data-index=\"3\">\u201eNumele lui Dacian Ciolo\u015f e vehiculat (din nou) f\u0103r\u0103 voia lui \u00een aceast\u0103 afacere \u00een care nu are nimic de-a face. Situa\u0163ia e foarte clar\u0103: USR era una din op\u0163iunile de implicare pe care el \u015fi echipa lui le luau \u00een considerare, a\u015fa cum a declarat \u015fi public. \u00cen urm\u0103 discu\u0163iilor, pre\u015fedintele USR a spus foarte clar c\u0103 Dacian Ciolo\u015f nu este binevenit \u00een partid. Prin urmare, intrarea \u00een USR nu mai este de actualitate \u015fi nu mai este luat\u0103 \u00een calcul. Nu mai suntem \u00een nicio form\u0103 de tatonare, a\u015fa cum spunea Nicu\u015for Dan, cazul este \u00eenchis\u201d, precizeaz\u0103 <span lang=\"ro-RO\">Alin Cristian Mitu\u021ba.<\/span><\/p>\n<p class=\"gdpr-placeholder gdpr-social-media gdpr-iframe-fix\" data-index=\"5\"> Setarile tale privind cookie-urile nu permit afisarea continutul din aceasta sectiune. Poti actualiza setarile modulelor coookie direct din browser sau de <a class=\"ot-sdk-show-settings\" data-skip-linkfix=\"1\">aici<\/a> \u2013 e nevoie sa accepti cookie-urile social media<\/p>\n<p data-index=\"6\">\u201e<span lang=\"ro-RO\">Dacian Ciolo\u0219 este un elefant prea mare pentru USR\u201d. <strong><a href=\"https:\/\/www.digi24.ro\/stiri\/actualitate\/politica\/c-ghinea-dacian-ciolos-un-elefant-prea-mare-pentru-usr-689035\" target=\"_blank\" data-skip-linkfix=\"1\" rel=\"noopener\">Este concluzia<\/a><\/strong> la care a ajuns deputatul USR Cristian Ghinea, care a vorbit cu liderii forma\u0163iunii politice. El propusese ca Dacian Ciolo\u015f s\u0103 vin\u0103 \u00een partid.<\/span><\/p>\n<p data-index=\"7\"><span lang=\"ro-RO\">Cristian Ghinea a intermediat timp de c\u00e2teva s\u0103pt\u0103m\u00e2ni o discu\u021bie \u00eentre Dacian Ciolo\u0219, care \u0219i-ar fi dorit o apropiere de USR, \u0219i conducerea USR, care p\u00e2n\u0103 la urm\u0103 a tras \u0219i o concluzie: nu este cazul ca fostul premier al Rom\u00e2niei s\u0103 se al\u0103ture acestei forma\u021biuni, de\u0219i USR a sus\u021binut ideea ca Dacian Ciolo\u0219 s\u0103 r\u0103m\u00e2n\u0103 premier \u0219i dup\u0103 alegeri. De altfel, imaginea fostului premier a figurat pe afi\u0219ele de campanie ale USR.<\/span><\/p>\n<p data-index=\"8\">\u201e<span lang=\"ro-RO\">Ghinea, ca \u015fi mul\u0163i al\u0163i din USR, vor \u00een continuare c\u0103 Ciolo\u015f s\u0103 vin\u0103 \u00een partid \u015fi e dreptul lor s\u0103 vrea asta \u015fi s\u0103 scrie ce scrisori vor, dar asta nu \u00eenseamn\u0103 c\u0103 asta vrea \u015fi Ciolo\u015f\u201d, mai spune\u00a0Alin Cristian Mitu\u021ba.\u00a0<\/span><\/p>\n<\/div>\n<p> Source URL: https:\/\/www.digi24.ro\/stiri\/actualitate\/politica\/fostul-director-de-cabinet-al-lui-ciolos-intrarea-in-usr-nu-mai-este-de-actualitate-cazul-este-inchis-689168<\/p>\n","protected":false},"excerpt":{"rendered":"<p>Alin Cristian Mitu\u021ba \u2013 fost director de cabinet al lui Dacian Ciolo\u0219 \u0219i, \u00een prezent, director executiv al asocia\u021biei \u201ePlatforma Romania 100\u201d &#8211; spune, \u00eentr-un comentariu pe Facebook, c\u0103 nu se mai pune problema intr\u0103rii fostului premier \u00een USR. \u201eNumele lui Dacian Ciolo\u015f e vehiculat (din nou) f\u0103r\u0103 voia lui \u00een aceast\u0103 afacere \u00een care [&hellip;]<\/p>\n","protected":false},"author":1,"featured_media":144797,"comment_status":"open","ping_status":"","sticky":false,"template":"","format":"standard","meta":{"footnotes":""},"categories":[2],"tags":[11],"class_list":["post-144796","post","type-post","status-publish","format-standard","has-post-thumbnail","hentry","category-politics","tag-digi24"],"_links":{"self":[{"href":"https:\/\/analyse.optim.biz\/index.php?rest_route=\/wp\/v2\/posts\/144796","targetHints":{"allow":["GET"]}}],"collection":[{"href":"https:\/\/analyse.optim.biz\/index.php?rest_route=\/wp\/v2\/posts"}],"about":[{"href":"https:\/\/analyse.optim.biz\/index.php?rest_route=\/wp\/v2\/types\/post"}],"author":[{"embeddable":true,"href":"https:\/\/analyse.optim.biz\/index.php?rest_route=\/wp\/v2\/users\/1"}],"replies":[{"embeddable":true,"href":"https:\/\/analyse.optim.biz\/index.php?rest_route=%2Fwp%2Fv2%2Fcomments&post=144796"}],"version-history":[{"count":0,"href":"https:\/\/analyse.optim.biz\/index.php?rest_route=\/wp\/v2\/posts\/144796\/revisions"}],"wp:featuredmedia":[{"embeddable":true,"href":"https:\/\/analyse.optim.biz\/index.php?rest_route=\/wp\/v2\/media\/144797"}],"wp:attachment":[{"href":"https:\/\/analyse.optim.biz\/index.php?rest_route=%2Fwp%2Fv2%2Fmedia&parent=144796"}],"wp:term":[{"taxonomy":"category","embeddable":true,"href":"https:\/\/analyse.optim.biz\/index.php?rest_route=%2Fwp%2Fv2%2Fcategories&post=144796"},{"taxonomy":"post_tag","embeddable":true,"href":"https:\/\/analyse.optim.biz\/index.php?rest_route=%2Fwp%2Fv2%2Ftags&post=144796"}],"curies":[{"name":"wp","href":"https:\/\/api.w.org\/{rel}","templated":true}]}}