{"id":1447277,"date":"2017-01-26T19:45:00","date_gmt":"2017-01-26T16:45:00","guid":{"rendered":"https:\/\/analyse.optim.biz\/?p=1447277"},"modified":"2017-01-26T19:45:00","modified_gmt":"2017-01-26T16:45:00","slug":"in-2017-la-munca-vremuri-grele-pentru-asistatii-social-si-homelesii-din-buzau","status":"publish","type":"post","link":"https:\/\/analyse.optim.biz\/?p=1447277","title":{"rendered":"\u00ceN 2017, LA MUNC\u0102! VREMURI GRELE PENTRU ASISTA\u021aII SOCIAL \u0218I HOMELE\u0218II DIN BUZ\u0102U"},"content":{"rendered":"<article id=\"post-23847\" class=\"post-23847 post type-post status-publish format-video has-post-thumbnail hentry category-administratie category-eveniment post_format-post-format-video\">\n<div class=\"td-post-header\">\n<ul class=\"td-category\">\n<li class=\"entry-category\"><a href=\"https:\/\/www.tvbuzau.ro\/category\/administratie\/\">Administra\u0163ie<\/a><\/li>\n<li class=\"entry-category\"><a href=\"https:\/\/www.tvbuzau.ro\/category\/eveniment\/\">Eveniment<\/a><\/li>\n<\/ul>\n<header class=\"td-post-title\">\n<h1 class=\"entry-title\">\u00ceN 2017, LA MUNC\u0102! VREMURI GRELE PENTRU ASISTA\u021aII SOCIAL \u0218I HOMELE\u0218II DIN BUZ\u0102U<\/h1>\n<div class=\"td-module-meta-info\">\n<div class=\"td-post-author-name\">De c\u0103tre <a href=\"https:\/\/www.tvbuzau.ro\/author\/mihai-vasilescu\/\">TV Buz\u0103u<\/a> &#8211; <\/div>\n<p><span class=\"td-post-date\"><time class=\"entry-date updated td-module-date\" datetime=\"2017-01-26T19:45:00+00:00\">ianuarie 26, 2017<\/time><\/span><\/p>\n<div class=\"td-post-comments\"><a href=\"https:\/\/www.tvbuzau.ro\/in-2017-la-munca-vremuri-grele-pentru-asistatii-social-si-homelesii-din-buzau\/#respond\">0<\/a><\/div>\n<div class=\"td-post-views\"><span class=\"td-nr-views-23847\">1483<\/span><\/div>\n<\/div>\n<\/header>\n<\/div>\n<div class=\"td-post-sharing td-post-sharing-top td-with-like\">\n<div class=\"td-default-sharing\"><a class=\"td-social-sharing-buttons td-social-facebook\" href=\"http:\/\/www.facebook.com\/sharer.php?u=https%3A%2F%2Fwww.tvbuzau.ro%2Fin-2017-la-munca-vremuri-grele-pentru-asistatii-social-si-homelesii-din-buzau%2F\"><\/p>\n<div class=\"td-social-but-text\">Distribui\u021bi pe Facebook<\/div>\n<p><\/a><a class=\"td-social-sharing-buttons td-social-twitter\" href=\"https:\/\/twitter.com\/intent\/tweet?text=%C3%8EN+2017%2C+LA+MUNC%C4%82%21+VREMURI+GRELE+PENTRU+ASISTA%C8%9AII+SOCIAL+%C8%98I+HOMELE%C8%98II+DIN+BUZ%C4%82U&amp;url=https%3A%2F%2Fwww.tvbuzau.ro%2Fin-2017-la-munca-vremuri-grele-pentru-asistatii-social-si-homelesii-din-buzau%2F&amp;via=TV+Buz%C4%83u\"><\/p>\n<div class=\"td-social-but-text\">Distribui\u021bi pe Twitter<\/div>\n<p><\/a><\/div>\n<div class=\"td-classic-sharing\">\n<ul>\n<li class=\"td-classic-facebook\"><iframe frameborder src=\"https:\/\/www.facebook.com\/plugins\/like.php?href=https:\/\/www.tvbuzau.ro\/in-2017-la-munca-vremuri-grele-pentru-asistatii-social-si-homelesii-din-buzau\/&amp;layout=button_count&amp;show_faces=false&amp;width=105&amp;action=like&amp;colorscheme=light&amp;height=21\"><\/iframe><\/li>\n<li class=\"td-classic-twitter\"><a href=\"https:\/\/twitter.com\/share\" class=\"twitter-share-button\" data-url=\"https:\/\/www.tvbuzau.ro\/in-2017-la-munca-vremuri-grele-pentru-asistatii-social-si-homelesii-din-buzau\/\" data-text=\"\u00ceN 2017, LA MUNC\u0102! VREMURI GRELE PENTRU ASISTA\u021aII SOCIAL \u0218I HOMELE\u0218II DIN BUZ\u0102U\" data-via data-lang=\"en\">tweet<\/a><\/li>\n<\/ul>\n<\/div>\n<\/div>\n<div class=\"td-post-content\">\n<div class=\"td-featured-image-rec\">\n<div class=\"wpb_video_wrapper\">\n                    <iframe loading=\"lazy\" id=\"td_youtube_player\" width=\"600\" height=\"560\" src=\"https:\/\/www.youtube.com\/embed\/ziV4KeV6lao?enablejsapi=1&amp;feature=oembed&amp;wmode=opaque&amp;vq=hd720\" frameborder allowfullscreen><\/iframe><\/p><\/div>\n<\/div>\n<p><strong>Vremuri grele pentru asistatii social din municipiul Buzau. Primaria a intocmit un plan conform caruia toti beneficiarii venitului minim garantat vor fi munci cate 5 ore pe saptamana. <\/strong><\/p>\n<p><strong>De munca nu vor scapa nici persoanele din Centrul de Zi si de Noapte pentru persoanele f\u0103r\u0103 ad\u0103post.<\/strong><\/p>\n<p><strong>Asista\u021bii social din municipiul Buz\u0103u vor fi \u00een mod serios pu\u0219i la treab\u0103 \u00een 2017. \u00cen \u0219edin\u021ba de joi\u00a0a Consiliului Local Municipal s-a aprobat planul de ac\u021biuni prin care beneficiarii venitului minim garantat vor lucra cate cinci ore pe s\u0103pt\u0103m\u00e2n\u0103.<\/strong><\/p>\n<p><strong>Cei aproape 250 de asista\u021bi social din municipiu vor lucra la Urbis Serv \u0219i RER Ecologic pentru a face cur\u0103\u0163enie pe str\u0103zi, prin cartiere \u015fi prin parcuri. \u201e\u00cen anii trecu\u0163i a fost un program mai lejer. Nu se respectau orele de munc\u0103, se st\u0103tea mai mult degeaba. Anul acesta asista\u0163ii vor fi riguros controla\u0163i\u201d a spus viceprimarul Ionu\u0163 Apostu.<\/strong><\/p>\n<p><strong>De munc\u0103 nu vor sc\u0103pa nici persoanele g\u0103zduite la Ad\u0103postul de zi \u0219i noapte al Prim\u0103riei. Homele\u015fii vor fi pu\u015fi s\u0103 adune gunoaiele din pie\u0163ele buzoiene \u015fi din talciocul de la Dr\u0103gaic\u0103.\u00a0<\/strong><\/p>\n<div class=\"post-views post-23847 entry-meta\"><span class=\"post-views-label\">Post Views: <\/span><span class=\"post-views-count\">791<\/span><\/div>\n<\/div>\n<footer>\n<div class=\"td-post-sharing td-post-sharing-bottom td-with-like\"><span class=\"td-post-share-title\">DISTRIBUI\u021aI<\/span><\/p>\n<div class=\"td-default-sharing\"><a class=\"td-social-sharing-buttons td-social-facebook\" href=\"http:\/\/www.facebook.com\/sharer.php?u=https%3A%2F%2Fwww.tvbuzau.ro%2Fin-2017-la-munca-vremuri-grele-pentru-asistatii-social-si-homelesii-din-buzau%2F\"><\/p>\n<div class=\"td-social-but-text\">Facebook<\/div>\n<p><\/a><a class=\"td-social-sharing-buttons td-social-twitter\" href=\"https:\/\/twitter.com\/intent\/tweet?text=%C3%8EN+2017%2C+LA+MUNC%C4%82%21+VREMURI+GRELE+PENTRU+ASISTA%C8%9AII+SOCIAL+%C8%98I+HOMELE%C8%98II+DIN+BUZ%C4%82U&amp;url=https%3A%2F%2Fwww.tvbuzau.ro%2Fin-2017-la-munca-vremuri-grele-pentru-asistatii-social-si-homelesii-din-buzau%2F&amp;via=TV+Buz%C4%83u\"><\/p>\n<div class=\"td-social-but-text\">Twitter<\/div>\n<p><\/a><\/div>\n<div class=\"td-classic-sharing\">\n<ul>\n<li class=\"td-classic-facebook\"><iframe frameborder src=\"https:\/\/www.facebook.com\/plugins\/like.php?href=https:\/\/www.tvbuzau.ro\/in-2017-la-munca-vremuri-grele-pentru-asistatii-social-si-homelesii-din-buzau\/&amp;layout=button_count&amp;show_faces=false&amp;width=105&amp;action=like&amp;colorscheme=light&amp;height=21\"><\/iframe><\/li>\n<li class=\"td-classic-twitter\"><a href=\"https:\/\/twitter.com\/share\" class=\"twitter-share-button\" data-url=\"https:\/\/www.tvbuzau.ro\/in-2017-la-munca-vremuri-grele-pentru-asistatii-social-si-homelesii-din-buzau\/\" data-text=\"\u00ceN 2017, LA MUNC\u0102! VREMURI GRELE PENTRU ASISTA\u021aII SOCIAL \u0218I HOMELE\u0218II DIN BUZ\u0102U\" data-via data-lang=\"en\">tweet<\/a><\/li>\n<\/ul>\n<\/div>\n<\/div>\n<div class=\"td-author-name vcard author\"><span class=\"fn\"><a href=\"https:\/\/www.tvbuzau.ro\/author\/mihai-vasilescu\/\">TV Buz\u0103u<\/a><\/span><\/div>\n<p><span><\/span><span><span><\/span><\/span><span><\/span><\/footer>\n<\/article>\n<p> Source URL: https:\/\/www.tvbuzau.ro\/in-2017-la-munca-vremuri-grele-pentru-asistatii-social-si-homelesii-din-buzau\/<\/p>\n","protected":false},"excerpt":{"rendered":"<p>Administra\u0163ie Eveniment \u00ceN 2017, LA MUNC\u0102! VREMURI GRELE PENTRU ASISTA\u021aII SOCIAL \u0218I HOMELE\u0218II DIN BUZ\u0102U De c\u0103tre TV Buz\u0103u &#8211; ianuarie 26, 2017 0 1483 Distribui\u021bi pe Facebook Distribui\u021bi pe Twitter tweet Vremuri grele pentru asistatii social din municipiul Buzau. Primaria a intocmit un plan conform caruia toti beneficiarii venitului minim garantat vor fi munci [&hellip;]<\/p>\n","protected":false},"author":1,"featured_media":0,"comment_status":"open","ping_status":"","sticky":false,"template":"","format":"standard","meta":{"footnotes":""},"categories":[2],"tags":[116],"class_list":["post-1447277","post","type-post","status-publish","format-standard","hentry","category-politics","tag-tvbuzau-ro"],"_links":{"self":[{"href":"https:\/\/analyse.optim.biz\/index.php?rest_route=\/wp\/v2\/posts\/1447277","targetHints":{"allow":["GET"]}}],"collection":[{"href":"https:\/\/analyse.optim.biz\/index.php?rest_route=\/wp\/v2\/posts"}],"about":[{"href":"https:\/\/analyse.optim.biz\/index.php?rest_route=\/wp\/v2\/types\/post"}],"author":[{"embeddable":true,"href":"https:\/\/analyse.optim.biz\/index.php?rest_route=\/wp\/v2\/users\/1"}],"replies":[{"embeddable":true,"href":"https:\/\/analyse.optim.biz\/index.php?rest_route=%2Fwp%2Fv2%2Fcomments&post=1447277"}],"version-history":[{"count":0,"href":"https:\/\/analyse.optim.biz\/index.php?rest_route=\/wp\/v2\/posts\/1447277\/revisions"}],"wp:attachment":[{"href":"https:\/\/analyse.optim.biz\/index.php?rest_route=%2Fwp%2Fv2%2Fmedia&parent=1447277"}],"wp:term":[{"taxonomy":"category","embeddable":true,"href":"https:\/\/analyse.optim.biz\/index.php?rest_route=%2Fwp%2Fv2%2Fcategories&post=1447277"},{"taxonomy":"post_tag","embeddable":true,"href":"https:\/\/analyse.optim.biz\/index.php?rest_route=%2Fwp%2Fv2%2Ftags&post=1447277"}],"curies":[{"name":"wp","href":"https:\/\/api.w.org\/{rel}","templated":true}]}}