{"id":1444924,"date":"2026-01-23T08:19:49","date_gmt":"2026-01-23T05:19:49","guid":{"rendered":"https:\/\/analyse.optim.biz\/?p=1444924"},"modified":"2026-01-23T08:19:49","modified_gmt":"2026-01-23T05:19:49","slug":"la-classifica-dei-turisti-verona-e-la-settima-citta-piu-sporca-al-mondo","status":"publish","type":"post","link":"https:\/\/analyse.optim.biz\/?p=1444924","title":{"rendered":"La classifica dei turisti: \u00abVerona \u00e8 la settima citt\u00e0 pi\u00f9 sporca al mondo\u00bb"},"content":{"rendered":"<div class=\"content-parts\">\n<div class=\"content-heading\">\n<div class=\"subhead glyph\">Lo studio di Radical Storage<\/div>\n<h1>La classifica dei turisti: \u00abVerona \u00e8 la settima citt\u00e0 pi\u00f9 sporca al mondo\u00bb<\/h1>\n<div class=\"signatures\">\n<div class=\"signature\">Laura Perina<\/div>\n<\/div>\n<div class=\"summary\">Bechis (Amia): \u00abL\u2019indagine non \u00e8 frutto di dati. Ma stiamo cambiando il trend\u00bb<\/div>\n<\/div>\n<div class=\"content-date-share\">\n<div class=\"content-date\">23 gennaio 2026<\/div>\n<ul class=\"share-links\">\n<li>\n<li>\n<li><a target=\"_blank\" class=\"share-twitter\" title=\"Condividi su Twitter\" href=\"https:\/\/twitter.com\/intent\/tweet?text=La+classifica+dei+turisti%3A+%C2%ABVerona+%C3%A8+la+settima+citt%C3%A0+pi%C3%B9+sporca+al+mondo%C2%BB&amp;url=https:\/\/www.larena.it\/territorio-veronese\/citta\/verona-settima-citt%C3%A0-italia-sporca-secondo-turisti-1.12906587\"><img loading=\"lazy\" decoding=\"async\" src=\"https:\/\/analyse.optim.biz\/wp-content\/uploads\/2026\/01\/twitter-x-white-123.svg\" width=\"20\" height=\"20\" title=\"twitter-x-white-123\"><\/a><\/li>\n<li><\/ul>\n<\/div>\n<div class=\"sticky-footer\">\n<div class=\"share-footer d-lg-none\">\n<ul class=\"share-links\">\n<li>\n<li>\n<li><a target=\"_blank\" class=\"share-twitter\" title=\"Condividi su Twitter\" href=\"https:\/\/twitter.com\/intent\/tweet?text=La+classifica+dei+turisti%3A+%C2%ABVerona+%C3%A8+la+settima+citt%C3%A0+pi%C3%B9+sporca+al+mondo%C2%BB&amp;url=https:\/\/www.larena.it\/territorio-veronese\/citta\/verona-settima-citt%C3%A0-italia-sporca-secondo-turisti-1.12906587\"><img loading=\"lazy\" decoding=\"async\" src=\"https:\/\/analyse.optim.biz\/wp-content\/uploads\/2026\/01\/twitter-x-white-123.svg\" width=\"20\" height=\"20\" title=\"twitter-x-white-123\"><\/a><\/li>\n<li><\/ul>\n<\/div>\n<\/div>\n<div class=\"content-picture\">\n<div class=\"content-media content-media-backup\">\n<figure class=\"kh-lightbox\" data-src=\"https:\/\/gfx.larena.it\/image\/contentid\/policy:1.12906586:1769156454\/01NW4008AT001.jpg?f=default&amp;w=1024&amp;$p$f$w=c58d531\" data-caption>\n<div class=\"aspected-image\" data-aspect=\"16x9\"><img loading=\"lazy\" decoding=\"async\" src=\"https:\/\/gfx.larena.it\/image\/contentid\/policy:1.12906586:1769156454\/01NW4008AT001.jpg?f=16x9&amp;h=421&amp;w=750&amp;%24p%24f%24h%24w=a860eb3\" alt width=\"750\" height=\"421\"><\/div>\n<\/figure>\n<\/div>\n<div class=\"content-media content-media-main\">\n<figure class=\"kh-lightbox\" data-src=\"https:\/\/gfx.larena.it\/image\/contentid\/policy:1.12906586:1769156454\/01NW4008AT001.jpg?f=default&amp;w=1024&amp;$p$f$w=c58d531\" data-caption>\n<div class=\"aspected-image\" data-aspect=\"16x9\"><img loading=\"lazy\" decoding=\"async\" src=\"https:\/\/gfx.larena.it\/image\/contentid\/policy:1.12906586:1769156454\/01NW4008AT001.jpg?f=16x9&amp;h=421&amp;w=750&amp;%24p%24f%24h%24w=a860eb3\" alt width=\"750\" height=\"421\"><\/div>\n<\/figure>\n<\/div>\n<\/div>\n<div class=\"paywall-meter-floating\">\n<div class=\"paywall-meter-inner2 container\">\n<div class=\"claim\">\n<div class=\"main\">\n        Con L&#8217;Arena Tutto hai notizie in tempo reale e il quotidiano digitale sempre con te.\n      <\/div>\n<\/div>\n<\/div>\n<div class=\"subscribe\"><a href=\"https:\/\/store.larena.it\/vetrina\/#annuale\" class=\"btn btn-contrast\" data-dlevent='{\"event\":\"select_content\",\"content_type\":\"cta_abbonati\",\"position\":\"meter_bar\"}'><\/p>\n<p>         Abbonati ora<\/p>\n<p>      <\/a><\/div>\n<\/div>\n<\/div>\n<p> Source URL: https:\/\/www.larena.it\/territorio-veronese\/citta\/verona-settima-citt%C3%A0-italia-sporca-secondo-turisti-1.12906587<\/p>\n","protected":false},"excerpt":{"rendered":"<p>Lo studio di Radical Storage La classifica dei turisti: \u00abVerona \u00e8 la settima citt\u00e0 pi\u00f9 sporca al mondo\u00bb Laura Perina Bechis (Amia): \u00abL\u2019indagine non \u00e8 frutto di dati. Ma stiamo cambiando il trend\u00bb 23 gennaio 2026 Con L&#8217;Arena Tutto hai notizie in tempo reale e il quotidiano digitale sempre con te. Abbonati ora Source URL: [&hellip;]<\/p>\n","protected":false},"author":1,"featured_media":0,"comment_status":"open","ping_status":"","sticky":false,"template":"","format":"standard","meta":{"footnotes":""},"categories":[87],"tags":[146],"class_list":["post-1444924","post","type-post","status-publish","format-standard","hentry","category-italy","tag-larena-it"],"_links":{"self":[{"href":"https:\/\/analyse.optim.biz\/index.php?rest_route=\/wp\/v2\/posts\/1444924","targetHints":{"allow":["GET"]}}],"collection":[{"href":"https:\/\/analyse.optim.biz\/index.php?rest_route=\/wp\/v2\/posts"}],"about":[{"href":"https:\/\/analyse.optim.biz\/index.php?rest_route=\/wp\/v2\/types\/post"}],"author":[{"embeddable":true,"href":"https:\/\/analyse.optim.biz\/index.php?rest_route=\/wp\/v2\/users\/1"}],"replies":[{"embeddable":true,"href":"https:\/\/analyse.optim.biz\/index.php?rest_route=%2Fwp%2Fv2%2Fcomments&post=1444924"}],"version-history":[{"count":0,"href":"https:\/\/analyse.optim.biz\/index.php?rest_route=\/wp\/v2\/posts\/1444924\/revisions"}],"wp:attachment":[{"href":"https:\/\/analyse.optim.biz\/index.php?rest_route=%2Fwp%2Fv2%2Fmedia&parent=1444924"}],"wp:term":[{"taxonomy":"category","embeddable":true,"href":"https:\/\/analyse.optim.biz\/index.php?rest_route=%2Fwp%2Fv2%2Fcategories&post=1444924"},{"taxonomy":"post_tag","embeddable":true,"href":"https:\/\/analyse.optim.biz\/index.php?rest_route=%2Fwp%2Fv2%2Ftags&post=1444924"}],"curies":[{"name":"wp","href":"https:\/\/api.w.org\/{rel}","templated":true}]}}