{"id":1444903,"date":"2026-01-23T12:44:23","date_gmt":"2026-01-23T09:44:23","guid":{"rendered":"https:\/\/analyse.optim.biz\/?p=1444903"},"modified":"2026-01-23T12:44:23","modified_gmt":"2026-01-23T09:44:23","slug":"stop-alle-carte-didentita-cartacee-dal-3-agosto-non-saranno-piu-valide-ecco-come-procurarsi-quella-elettronica","status":"publish","type":"post","link":"https:\/\/analyse.optim.biz\/?p=1444903","title":{"rendered":"Stop alle carte d&#8217;identit\u00e0 cartacee, dal 3 agosto non saranno pi\u00f9 valide. Ecco come procurarsi quella elettronica"},"content":{"rendered":"<div class=\"content-parts\">\n<div class=\"content-heading\">\n<div class=\"subhead glyph\">digitalizzazione<\/div>\n<h1>Stop alle carte d&#8217;identit\u00e0 cartacee, dal 3 agosto non saranno pi\u00f9 valide. Ecco come procurarsi quella elettronica<\/h1>\n<div class=\"summary\">Ad oggi sono ancora 4.049 i cittadini veronesi che ne sono in possesso<\/div>\n<\/div>\n<div class=\"content-date-share\">\n<div class=\"content-date\">23 gennaio 2026<\/div>\n<ul class=\"share-links\">\n<li>\n<li>\n<li><a target=\"_blank\" class=\"share-twitter\" title=\"Condividi su Twitter\" href=\"https:\/\/twitter.com\/intent\/tweet?text=Stop+alle+carte+d%27identit%C3%A0+cartacee%2C+dal+3+agosto+non+saranno+pi%C3%B9+valide.+Ecco+come+procurarsi+quella+elettronica&amp;url=https:\/\/www.larena.it\/territorio-veronese\/citta\/carta-identit%C3%A0-cartacea-non-pi%C3%B9-valida-agosto-2026-1.12906886\"><img loading=\"lazy\" decoding=\"async\" src=\"https:\/\/analyse.optim.biz\/wp-content\/uploads\/2026\/01\/twitter-x-white-122.svg\" width=\"20\" height=\"20\" title=\"twitter-x-white-122\"><\/a><\/li>\n<li><\/ul>\n<\/div>\n<div class=\"sticky-footer\">\n<div class=\"share-footer d-lg-none\">\n<ul class=\"share-links\">\n<li>\n<li>\n<li><a target=\"_blank\" class=\"share-twitter\" title=\"Condividi su Twitter\" href=\"https:\/\/twitter.com\/intent\/tweet?text=Stop+alle+carte+d%27identit%C3%A0+cartacee%2C+dal+3+agosto+non+saranno+pi%C3%B9+valide.+Ecco+come+procurarsi+quella+elettronica&amp;url=https:\/\/www.larena.it\/territorio-veronese\/citta\/carta-identit%C3%A0-cartacea-non-pi%C3%B9-valida-agosto-2026-1.12906886\"><img loading=\"lazy\" decoding=\"async\" src=\"https:\/\/analyse.optim.biz\/wp-content\/uploads\/2026\/01\/twitter-x-white-122.svg\" width=\"20\" height=\"20\" title=\"twitter-x-white-122\"><\/a><\/li>\n<li><\/ul>\n<\/div>\n<\/div>\n<div class=\"content-picture\">\n<div class=\"content-media content-media-backup\">\n<figure class=\"kh-lightbox\" data-src=\"https:\/\/gfx.larena.it\/image\/contentid\/policy:1.12906928:1769172092\/Una+carta+di+identit%25C3%25A0+elettronica.jpg?f=default&amp;w=1024&amp;$p$f$w=c844cfc\" data-caption=\"Una carta di identit\u00e0 elettronica\">\n<div class=\"aspected-image\" data-aspect=\"16x9\"><img loading=\"lazy\" decoding=\"async\" src=\"https:\/\/analyse.optim.biz\/wp-content\/uploads\/2026\/01\/unacartadiidentit25c325a0elettronica.jpg\" alt=\"Una carta di identit\u00e0 elettronica\" width=\"750\" height=\"421\" title=\"unacartadiidentit25c325a0elettronica\"><\/div>\n<\/figure>\n<div class=\"caption\">\n      Una carta di identit\u00e0 elettronica\n          <\/div>\n<\/div>\n<div class=\"content-media content-media-main\">\n<figure class=\"kh-lightbox\" data-src=\"https:\/\/gfx.larena.it\/image\/contentid\/policy:1.12906928:1769172092\/Una+carta+di+identit%25C3%25A0+elettronica.jpg?f=default&amp;w=1024&amp;$p$f$w=c844cfc\" data-caption=\"Una carta di identit\u00e0 elettronica\">\n<div class=\"aspected-image\" data-aspect=\"16x9\"><img loading=\"lazy\" decoding=\"async\" src=\"https:\/\/analyse.optim.biz\/wp-content\/uploads\/2026\/01\/unacartadiidentit25c325a0elettronica.jpg\" alt=\"Una carta di identit\u00e0 elettronica\" width=\"750\" height=\"421\" title=\"unacartadiidentit25c325a0elettronica\"><\/div>\n<\/figure>\n<div class=\"caption\">\n      Una carta di identit\u00e0 elettronica\n          <\/div>\n<\/div>\n<\/div>\n<div class=\"content-body \">\n<p>In attuazione di quanto previsto dal Regolamento europeo n. 1157\/2019,<strong> le carte d\u2019identit\u00e0 cartacee gi\u00e0 rilasciate o in corso di rilascio <\/strong>manterranno la loro <strong>validit\u00e0 esclusivamente fino al 3 agosto 2026,<\/strong> anche in Italia. Quindi se anche la carta di identit\u00e0 cartacea riporta una data di scadenza posteriore a tale data non sar\u00e0 pi\u00f9 valida come documento di riconoscimento.<\/p>\n<p>\u201cConsiderato che <strong>ad oggi gennaio sono ancora 4.049 i cittadini veronesi in possesso<\/strong> della carta di identit\u00e0 cartacea, &#8211; spiega l\u2019assessore ai Servizi demografici, Federico Benini &#8211; al fine di garantire una transizione efficace e ordinata, ed evitare che le richieste si concentrino a ridosso del periodo estivo e primaverile, si raccomanda di <strong>prenotare per tempo la richiesta per ottenere la Carta d\u2019Identit\u00e0 Elettronica (C.I.E.).<\/strong> Ricordiamo infatti che la sostituzione del documento cartaceo con quello elettronico pu\u00f2 essere effettuata in qualsiasi momento a prescindere dalla data di scadenza indicata sul retro della carta tradizionale prenotando l\u2019appuntamento online sul sito del Comune\u201d.<\/p>\n<p>La produzione e la consegna della Carta di identit\u00e0 elettronica <strong>non \u00e8 immediata, ma viene recapitata all\u2019indirizzo<\/strong> dichiarato in fase di rilascio in <strong>sei\/sette giorni lavorativi <\/strong>tramite raccomandata.<\/p>\n<p>I Cittadini iscritti all\u2019Associazione Italiani Residenti all\u2019Estero del Comune di Verona dovranno necessariamente rivolgersi al proprio Consolato di riferimento.<\/p>\n<\/div>\n<div class=\"copyright\">\n  \u00a9 Riproduzione riservata\n<\/div>\n<div class=\"whatsapp-channel-link\">\n<p>L\u2019Arena \u00e8 su Whatsapp. <a href=\"https:\/\/whatsapp.com\/channel\/0029VaDsUGg1XquVqR4ZZC43\" target=\"_blank\">Clicca qui<\/a> per iscriverti al nostro canale e rimanere aggiornato in tempo reale.<\/p>\n<\/div>\n<div class=\"content-contribute margin-bottom-default\"><a rel=\"nofollow\" data-pushbar-target=\"comments-pushbar\" class=\"comments\" href=\"https:\/\/www.larena.it\/territorio-veronese\/citta\/carta-identit%C3%A0-cartacea-non-pi%C3%B9-valida-agosto-2026-1.12906886\"><br \/>\n        Commenti (<span class=\"comment-count\">0<\/span>)<br \/>\n    <\/a><a rel=\"nofollow\" class=\"contribute d-none d-lg-inline\" href=\"https:\/\/www.larena.it\/spazio-lettori\/whatsapp\">\u00a0 Contribuisci alla notizia<\/a><a rel=\"nofollow\" class=\"contribute d-inline d-lg-none\" href=\"https:\/\/www.larena.it\/spazio-lettori\/whatsapp\">\u00a0 Contribuisci<\/a><\/div>\n<aside id=\"comments-pushbar\" class=\"sidebar sidebar-comments comments-zone\" data-pushbar-id=\"comments-pushbar\" data-pushbar-direction=\"right\">\n<div class=\"sidebar-header\">\n<div class=\"navbar navbar-expand d-flex justify-content-between\">\n<ul class=\"navbar-nav\">\n<li><\/ul>\n<ul class=\"navbar-nav\">\n<li>\n<h5>Commenti (<span class=\"comment-count\">0<\/span>)<\/h5>\n<\/li>\n<\/ul>\n<\/div>\n<\/div>\n<div class=\"sidebar-main sidebar-main-scroll\">\n<div class=\"comments-container\">\n<div class=\"spinner\"><img decoding=\"async\" src=\"https:\/\/analyse.optim.biz\/wp-content\/uploads\/2026\/01\/ajax-loader-76.gif\" alt=\"spinner\" title=\"ajax-loader-76\"><\/div>\n<\/div>\n<\/div>\n<div class=\"sidebar-footer\">\n<div class=\"comments-container foot\"><a class=\"comment-new-form-toggler btn btn-secondary btn-sm\" rel=\"nofollow\" href=\"https:\/\/www.larena.it\/territorio-veronese\/citta\/carta-identit%C3%A0-cartacea-non-pi%C3%B9-valida-agosto-2026-1.12906886\">Commenta<\/a><\/p>\n<div class=\"buttons\">\n<div class=\"privacy\"><b>Informativa privacy:<\/b> L\u2019invio di un commento pu\u00f2 comportare il trattamento di dati personali: per maggiori informazioni sulle modalit\u00e0 di trattamento e l\u2019esercizio dei diritti consultare le nostre Informazioni sulla Privacy e l\u2019informativa estesa sui cookie presenti in calce al sito web.<\/div>\n<\/div>\n<div class=\"comment-thankyou\">Grazie per aver inviato un commento. L&#8217;intervento non sar\u00e0 pubblicato fino a quando il moderatore non lo avr\u00e0 letto ed approvato. I commenti ritenuti inadatti o offensivi non saranno pubblicati.<\/div>\n<\/div>\n<\/div>\n<\/aside>\n<\/div>\n<p> Source URL: https:\/\/www.larena.it\/territorio-veronese\/citta\/carta-identit%C3%A0-cartacea-non-pi%C3%B9-valida-agosto-2026-1.12906886<\/p>\n","protected":false},"excerpt":{"rendered":"<p>digitalizzazione Stop alle carte d&#8217;identit\u00e0 cartacee, dal 3 agosto non saranno pi\u00f9 valide. Ecco come procurarsi quella elettronica Ad oggi sono ancora 4.049 i cittadini veronesi che ne sono in possesso 23 gennaio 2026 Una carta di identit\u00e0 elettronica Una carta di identit\u00e0 elettronica In attuazione di quanto previsto dal Regolamento europeo n. 1157\/2019, le [&hellip;]<\/p>\n","protected":false},"author":1,"featured_media":0,"comment_status":"open","ping_status":"","sticky":false,"template":"","format":"standard","meta":{"footnotes":""},"categories":[87],"tags":[146],"class_list":["post-1444903","post","type-post","status-publish","format-standard","hentry","category-italy","tag-larena-it"],"_links":{"self":[{"href":"https:\/\/analyse.optim.biz\/index.php?rest_route=\/wp\/v2\/posts\/1444903","targetHints":{"allow":["GET"]}}],"collection":[{"href":"https:\/\/analyse.optim.biz\/index.php?rest_route=\/wp\/v2\/posts"}],"about":[{"href":"https:\/\/analyse.optim.biz\/index.php?rest_route=\/wp\/v2\/types\/post"}],"author":[{"embeddable":true,"href":"https:\/\/analyse.optim.biz\/index.php?rest_route=\/wp\/v2\/users\/1"}],"replies":[{"embeddable":true,"href":"https:\/\/analyse.optim.biz\/index.php?rest_route=%2Fwp%2Fv2%2Fcomments&post=1444903"}],"version-history":[{"count":0,"href":"https:\/\/analyse.optim.biz\/index.php?rest_route=\/wp\/v2\/posts\/1444903\/revisions"}],"wp:attachment":[{"href":"https:\/\/analyse.optim.biz\/index.php?rest_route=%2Fwp%2Fv2%2Fmedia&parent=1444903"}],"wp:term":[{"taxonomy":"category","embeddable":true,"href":"https:\/\/analyse.optim.biz\/index.php?rest_route=%2Fwp%2Fv2%2Fcategories&post=1444903"},{"taxonomy":"post_tag","embeddable":true,"href":"https:\/\/analyse.optim.biz\/index.php?rest_route=%2Fwp%2Fv2%2Ftags&post=1444903"}],"curies":[{"name":"wp","href":"https:\/\/api.w.org\/{rel}","templated":true}]}}