{"id":1444470,"date":"2026-01-24T15:20:11","date_gmt":"2026-01-24T12:20:11","guid":{"rendered":"https:\/\/analyse.optim.biz\/?p=1444470"},"modified":"2026-01-24T15:20:11","modified_gmt":"2026-01-24T12:20:11","slug":"serve-un-nuovo-distaccamento-permanente-il-coordinamento-dei-vigili-del-fuoco-chiede-un-incontro-a-prefetto-e-sindaci","status":"publish","type":"post","link":"https:\/\/analyse.optim.biz\/?p=1444470","title":{"rendered":"\u00abServe un nuovo distaccamento permanente\u00bb, il coordinamento dei vigili del fuoco chiede un incontro a prefetto e sindaci"},"content":{"rendered":"<div class=\"content-parts\">\n<div class=\"content-heading\">\n<div class=\"subhead glyph\">l&#8217;appello<\/div>\n<h1>\u00abServe un nuovo distaccamento permanente\u00bb, il coordinamento dei vigili del fuoco chiede un incontro a prefetto e sindaci<\/h1>\n<div class=\"summary\"> \u00abSenza l\u2019apertura del Distaccamento in Valpolicella non si avr\u00e0 un incremento di personale (9 Capi Squadra e 24 Vigili), unit\u00e0 che potrebbero gi\u00e0 essere assegnate a Verona nei prossimi mesi con la fine dei corsi di formazione in essere\u00bb<\/div>\n<\/div>\n<div class=\"content-date-share\">\n<div class=\"content-date\">24 gennaio 2026<\/div>\n<ul class=\"share-links\">\n<li>\n<li>\n<li><a target=\"_blank\" class=\"share-twitter\" title=\"Condividi su Twitter\" href=\"https:\/\/twitter.com\/intent\/tweet?text=%C2%ABServe+un+nuovo+distaccamento+permanente%C2%BB%2C+il+coordinamento+dei+vigili+del+fuoco+chiede+un+incontro+a+prefetto+e+sindaci&amp;url=https:\/\/www.larena.it\/territorio-veronese\/citta\/serve-un-nuovo-distaccamento-permanente-il-coordinamento-dei-vigili-del-fuoco-chiede-un-incontro-a-prefetto-e-sindaci-1.12908017\"><img loading=\"lazy\" decoding=\"async\" src=\"https:\/\/analyse.optim.biz\/wp-content\/uploads\/2026\/01\/twitter-x-white-105.svg\" width=\"20\" height=\"20\" title=\"twitter-x-white-105\"><\/a><\/li>\n<li><\/ul>\n<\/div>\n<div class=\"sticky-footer\">\n<div class=\"share-footer d-lg-none\">\n<ul class=\"share-links\">\n<li>\n<li>\n<li><a target=\"_blank\" class=\"share-twitter\" title=\"Condividi su Twitter\" href=\"https:\/\/twitter.com\/intent\/tweet?text=%C2%ABServe+un+nuovo+distaccamento+permanente%C2%BB%2C+il+coordinamento+dei+vigili+del+fuoco+chiede+un+incontro+a+prefetto+e+sindaci&amp;url=https:\/\/www.larena.it\/territorio-veronese\/citta\/serve-un-nuovo-distaccamento-permanente-il-coordinamento-dei-vigili-del-fuoco-chiede-un-incontro-a-prefetto-e-sindaci-1.12908017\"><img loading=\"lazy\" decoding=\"async\" src=\"https:\/\/analyse.optim.biz\/wp-content\/uploads\/2026\/01\/twitter-x-white-105.svg\" width=\"20\" height=\"20\" title=\"twitter-x-white-105\"><\/a><\/li>\n<li><\/ul>\n<\/div>\n<\/div>\n<div class=\"content-picture\">\n<div class=\"content-media content-media-backup\">\n<figure class=\"kh-lightbox\" data-src=\"https:\/\/gfx.larena.it\/image\/contentid\/policy:1.12908026:1769267991\/image.jpg?f=default&amp;w=1024&amp;$p$f$w=336aa8e\" data-caption=\"Vigili del fuoco\">\n<div class=\"aspected-image\" data-aspect=\"16x9\"><img loading=\"lazy\" decoding=\"async\" src=\"https:\/\/analyse.optim.biz\/wp-content\/uploads\/2026\/01\/image-276.jpg\" alt=\"Vigili del fuoco\" width=\"750\" height=\"421\" title=\"image-276\"><\/div>\n<\/figure>\n<div class=\"caption\">\n      Vigili del fuoco\n          <\/div>\n<\/div>\n<div class=\"content-media content-media-main\">\n<figure class=\"kh-lightbox\" data-src=\"https:\/\/gfx.larena.it\/image\/contentid\/policy:1.12908026:1769267991\/image.jpg?f=default&amp;w=1024&amp;$p$f$w=336aa8e\" data-caption=\"Vigili del fuoco\">\n<div class=\"aspected-image\" data-aspect=\"16x9\"><img loading=\"lazy\" decoding=\"async\" src=\"https:\/\/analyse.optim.biz\/wp-content\/uploads\/2026\/01\/image-276.jpg\" alt=\"Vigili del fuoco\" width=\"750\" height=\"421\" title=\"image-276\"><\/div>\n<\/figure>\n<div class=\"caption\">\n      Vigili del fuoco\n          <\/div>\n<\/div>\n<\/div>\n<div class=\"paywall-meter-floating\">\n<div class=\"paywall-meter-inner2 container\">\n<div class=\"claim\">\n<div class=\"main\">\n        Con L&#8217;Arena Tutto hai notizie in tempo reale e il quotidiano digitale sempre con te.\n      <\/div>\n<\/div>\n<\/div>\n<div class=\"subscribe\"><a href=\"https:\/\/store.larena.it\/vetrina\/#annuale\" class=\"btn btn-contrast\" data-dlevent='{\"event\":\"select_content\",\"content_type\":\"cta_abbonati\",\"position\":\"meter_bar\"}'><\/p>\n<p>         Abbonati ora<\/p>\n<p>      <\/a><\/div>\n<\/div>\n<\/div>\n<p> Source URL: https:\/\/www.larena.it\/territorio-veronese\/citta\/serve-un-nuovo-distaccamento-permanente-il-coordinamento-dei-vigili-del-fuoco-chiede-un-incontro-a-prefetto-e-sindaci-1.12908017<\/p>\n","protected":false},"excerpt":{"rendered":"<p>l&#8217;appello \u00abServe un nuovo distaccamento permanente\u00bb, il coordinamento dei vigili del fuoco chiede un incontro a prefetto e sindaci \u00abSenza l\u2019apertura del Distaccamento in Valpolicella non si avr\u00e0 un incremento di personale (9 Capi Squadra e 24 Vigili), unit\u00e0 che potrebbero gi\u00e0 essere assegnate a Verona nei prossimi mesi con la fine dei corsi di [&hellip;]<\/p>\n","protected":false},"author":1,"featured_media":0,"comment_status":"open","ping_status":"","sticky":false,"template":"","format":"standard","meta":{"footnotes":""},"categories":[87],"tags":[146],"class_list":["post-1444470","post","type-post","status-publish","format-standard","hentry","category-italy","tag-larena-it"],"_links":{"self":[{"href":"https:\/\/analyse.optim.biz\/index.php?rest_route=\/wp\/v2\/posts\/1444470","targetHints":{"allow":["GET"]}}],"collection":[{"href":"https:\/\/analyse.optim.biz\/index.php?rest_route=\/wp\/v2\/posts"}],"about":[{"href":"https:\/\/analyse.optim.biz\/index.php?rest_route=\/wp\/v2\/types\/post"}],"author":[{"embeddable":true,"href":"https:\/\/analyse.optim.biz\/index.php?rest_route=\/wp\/v2\/users\/1"}],"replies":[{"embeddable":true,"href":"https:\/\/analyse.optim.biz\/index.php?rest_route=%2Fwp%2Fv2%2Fcomments&post=1444470"}],"version-history":[{"count":0,"href":"https:\/\/analyse.optim.biz\/index.php?rest_route=\/wp\/v2\/posts\/1444470\/revisions"}],"wp:attachment":[{"href":"https:\/\/analyse.optim.biz\/index.php?rest_route=%2Fwp%2Fv2%2Fmedia&parent=1444470"}],"wp:term":[{"taxonomy":"category","embeddable":true,"href":"https:\/\/analyse.optim.biz\/index.php?rest_route=%2Fwp%2Fv2%2Fcategories&post=1444470"},{"taxonomy":"post_tag","embeddable":true,"href":"https:\/\/analyse.optim.biz\/index.php?rest_route=%2Fwp%2Fv2%2Ftags&post=1444470"}],"curies":[{"name":"wp","href":"https:\/\/api.w.org\/{rel}","templated":true}]}}