{"id":1444394,"date":"2026-01-23T21:14:43","date_gmt":"2026-01-23T18:14:43","guid":{"rendered":"https:\/\/analyse.optim.biz\/?p=1444394"},"modified":"2026-01-23T21:14:43","modified_gmt":"2026-01-23T18:14:43","slug":"incidenti-in-bici-verona-si-piazza-al-secondo-posto-tra-le-citta-venete","status":"publish","type":"post","link":"https:\/\/analyse.optim.biz\/?p=1444394","title":{"rendered":"Incidenti in bici, Verona si piazza al secondo posto tra le citt\u00e0 venete"},"content":{"rendered":"<div class=\"content-parts\">\n<div class=\"content-heading\">\n<div class=\"subhead glyph\">Strade e sicurezza<\/div>\n<h1>Incidenti in bici, Verona si piazza al secondo posto tra le citt\u00e0 venete<\/h1>\n<div class=\"signatures\">\n<div class=\"signature\">Manuela Trevisani<\/div>\n<\/div>\n<div class=\"summary\">Il primato negativo a Padova, di Milano quello nazionale dove la nostra citt\u00e0 \u00e8 undicesima. Nel capoluogo tra il 2014 e il 2023 sono stati 1.899, in provincia 4.055,<\/div>\n<\/div>\n<div class=\"content-date-share\">\n<div class=\"content-date\">23 gennaio 2026<\/div>\n<ul class=\"share-links\">\n<li>\n<li>\n<li><a target=\"_blank\" class=\"share-twitter\" title=\"Condividi su Twitter\" href=\"https:\/\/twitter.com\/intent\/tweet?text=Incidenti+in+bici%2C+Verona+si+piazza+al+secondo+posto+tra+le+citt%C3%A0+venete&amp;url=https:\/\/www.larena.it\/territorio-veronese\/citta\/incidenrti-bici-v-erona-italia-indagine-1.12907490\"><img loading=\"lazy\" decoding=\"async\" src=\"https:\/\/analyse.optim.biz\/wp-content\/uploads\/2026\/01\/twitter-x-white-101.svg\" width=\"20\" height=\"20\" title=\"twitter-x-white-101\"><\/a><\/li>\n<li><\/ul>\n<\/div>\n<div class=\"sticky-footer\">\n<div class=\"share-footer d-lg-none\">\n<ul class=\"share-links\">\n<li>\n<li>\n<li><a target=\"_blank\" class=\"share-twitter\" title=\"Condividi su Twitter\" href=\"https:\/\/twitter.com\/intent\/tweet?text=Incidenti+in+bici%2C+Verona+si+piazza+al+secondo+posto+tra+le+citt%C3%A0+venete&amp;url=https:\/\/www.larena.it\/territorio-veronese\/citta\/incidenrti-bici-v-erona-italia-indagine-1.12907490\"><img loading=\"lazy\" decoding=\"async\" src=\"https:\/\/analyse.optim.biz\/wp-content\/uploads\/2026\/01\/twitter-x-white-101.svg\" width=\"20\" height=\"20\" title=\"twitter-x-white-101\"><\/a><\/li>\n<li><\/ul>\n<\/div>\n<\/div>\n<div class=\"content-picture\">\n<div class=\"content-media content-media-backup\">\n<figure class=\"kh-lightbox\" data-src=\"https:\/\/gfx.larena.it\/image\/contentid\/policy:1.12907651:1769241507\/La+maggior+parte+degli+incidenti+di+bici+coinvolgono+anche+auto.jpg?f=default&amp;w=1024&amp;$p$f$w=2ca46a4\" data-caption=\"La maggior parte degli incidenti di bici coinvolgono anche auto\">\n<div class=\"aspected-image\" data-aspect=\"16x9\"><img loading=\"lazy\" decoding=\"async\" src=\"https:\/\/analyse.optim.biz\/wp-content\/uploads\/2026\/01\/lamaggiorpartedegliincidentidibicicoinvolgonoancheauto.jpg\" alt=\"La maggior parte degli incidenti di bici coinvolgono anche auto\" width=\"750\" height=\"421\" title=\"lamaggiorpartedegliincidentidibicicoinvolgonoancheauto\"><\/div>\n<\/figure>\n<div class=\"caption\">\n      La maggior parte degli incidenti di bici coinvolgono anche auto\n          <\/div>\n<\/div>\n<div class=\"content-media content-media-main\">\n<figure class=\"kh-lightbox\" data-src=\"https:\/\/gfx.larena.it\/image\/contentid\/policy:1.12907651:1769241507\/La+maggior+parte+degli+incidenti+di+bici+coinvolgono+anche+auto.jpg?f=default&amp;w=1024&amp;$p$f$w=2ca46a4\" data-caption=\"La maggior parte degli incidenti di bici coinvolgono anche auto\">\n<div class=\"aspected-image\" data-aspect=\"16x9\"><img loading=\"lazy\" decoding=\"async\" src=\"https:\/\/analyse.optim.biz\/wp-content\/uploads\/2026\/01\/lamaggiorpartedegliincidentidibicicoinvolgonoancheauto.jpg\" alt=\"La maggior parte degli incidenti di bici coinvolgono anche auto\" width=\"750\" height=\"421\" title=\"lamaggiorpartedegliincidentidibicicoinvolgonoancheauto\"><\/div>\n<\/figure>\n<div class=\"caption\">\n      La maggior parte degli incidenti di bici coinvolgono anche auto\n          <\/div>\n<\/div>\n<\/div>\n<div class=\"paywall-meter-floating\">\n<div class=\"paywall-meter-inner2 container\">\n<div class=\"claim\">\n<div class=\"main\">\n        Con L&#8217;Arena Tutto hai notizie in tempo reale e il quotidiano digitale sempre con te.\n      <\/div>\n<\/div>\n<\/div>\n<div class=\"subscribe\"><a href=\"https:\/\/store.larena.it\/vetrina\/#annuale\" class=\"btn btn-contrast\" data-dlevent='{\"event\":\"select_content\",\"content_type\":\"cta_abbonati\",\"position\":\"meter_bar\"}'><\/p>\n<p>         Abbonati ora<\/p>\n<p>      <\/a><\/div>\n<\/div>\n<\/div>\n<p> Source URL: https:\/\/www.larena.it\/territorio-veronese\/citta\/incidenrti-bici-v-erona-italia-indagine-1.12907490<\/p>\n","protected":false},"excerpt":{"rendered":"<p>Strade e sicurezza Incidenti in bici, Verona si piazza al secondo posto tra le citt\u00e0 venete Manuela Trevisani Il primato negativo a Padova, di Milano quello nazionale dove la nostra citt\u00e0 \u00e8 undicesima. Nel capoluogo tra il 2014 e il 2023 sono stati 1.899, in provincia 4.055, 23 gennaio 2026 La maggior parte degli incidenti [&hellip;]<\/p>\n","protected":false},"author":1,"featured_media":0,"comment_status":"open","ping_status":"","sticky":false,"template":"","format":"standard","meta":{"footnotes":""},"categories":[87],"tags":[146],"class_list":["post-1444394","post","type-post","status-publish","format-standard","hentry","category-italy","tag-larena-it"],"_links":{"self":[{"href":"https:\/\/analyse.optim.biz\/index.php?rest_route=\/wp\/v2\/posts\/1444394","targetHints":{"allow":["GET"]}}],"collection":[{"href":"https:\/\/analyse.optim.biz\/index.php?rest_route=\/wp\/v2\/posts"}],"about":[{"href":"https:\/\/analyse.optim.biz\/index.php?rest_route=\/wp\/v2\/types\/post"}],"author":[{"embeddable":true,"href":"https:\/\/analyse.optim.biz\/index.php?rest_route=\/wp\/v2\/users\/1"}],"replies":[{"embeddable":true,"href":"https:\/\/analyse.optim.biz\/index.php?rest_route=%2Fwp%2Fv2%2Fcomments&post=1444394"}],"version-history":[{"count":0,"href":"https:\/\/analyse.optim.biz\/index.php?rest_route=\/wp\/v2\/posts\/1444394\/revisions"}],"wp:attachment":[{"href":"https:\/\/analyse.optim.biz\/index.php?rest_route=%2Fwp%2Fv2%2Fmedia&parent=1444394"}],"wp:term":[{"taxonomy":"category","embeddable":true,"href":"https:\/\/analyse.optim.biz\/index.php?rest_route=%2Fwp%2Fv2%2Fcategories&post=1444394"},{"taxonomy":"post_tag","embeddable":true,"href":"https:\/\/analyse.optim.biz\/index.php?rest_route=%2Fwp%2Fv2%2Ftags&post=1444394"}],"curies":[{"name":"wp","href":"https:\/\/api.w.org\/{rel}","templated":true}]}}