{"id":1444369,"date":"2026-01-24T18:21:50","date_gmt":"2026-01-24T15:21:50","guid":{"rendered":"https:\/\/analyse.optim.biz\/?p=1444369"},"modified":"2026-01-24T18:21:50","modified_gmt":"2026-01-24T15:21:50","slug":"colpire-gli-avvocati-significa-indebolire-lo-stato-di-diritto","status":"publish","type":"post","link":"https:\/\/analyse.optim.biz\/?p=1444369","title":{"rendered":"\u00abColpire gli avvocati significa indebolire lo Stato di diritto\u00bb"},"content":{"rendered":"<div class=\"content-parts\">\n<div class=\"content-heading\">\n<div class=\"subhead glyph\">Giornata internazionale<\/div>\n<h1>\u00abColpire gli avvocati significa indebolire lo Stato di diritto\u00bb<\/h1>\n<div class=\"summary\">Quest\u2019anno la coalizione punta l\u2019attenzione sugli Usa: sono aumentate le intimidazioni verso chi \u00e8 impegnato in diritti umani<\/div>\n<\/div>\n<div class=\"content-date-share\">\n<div class=\"content-date\">24 gennaio 2026<\/div>\n<ul class=\"share-links\">\n<li>\n<li>\n<li><a target=\"_blank\" class=\"share-twitter\" title=\"Condividi su Twitter\" href=\"https:\/\/twitter.com\/intent\/tweet?text=%C2%ABColpire+gli+avvocati+significa+indebolire+lo+Stato+di+diritto%C2%BB&amp;url=https:\/\/www.larena.it\/territorio-veronese\/citta\/colpire-gli-avvocati-significa-indebolire-lo-stato-di-diritto-br-1.12908234\"><img loading=\"lazy\" decoding=\"async\" src=\"https:\/\/analyse.optim.biz\/wp-content\/uploads\/2026\/01\/twitter-x-white-100.svg\" width=\"20\" height=\"20\" title=\"twitter-x-white-100\"><\/a><\/li>\n<li><\/ul>\n<\/div>\n<div class=\"sticky-footer\">\n<div class=\"share-footer d-lg-none\">\n<ul class=\"share-links\">\n<li>\n<li>\n<li><a target=\"_blank\" class=\"share-twitter\" title=\"Condividi su Twitter\" href=\"https:\/\/twitter.com\/intent\/tweet?text=%C2%ABColpire+gli+avvocati+significa+indebolire+lo+Stato+di+diritto%C2%BB&amp;url=https:\/\/www.larena.it\/territorio-veronese\/citta\/colpire-gli-avvocati-significa-indebolire-lo-stato-di-diritto-br-1.12908234\"><img loading=\"lazy\" decoding=\"async\" src=\"https:\/\/analyse.optim.biz\/wp-content\/uploads\/2026\/01\/twitter-x-white-100.svg\" width=\"20\" height=\"20\" title=\"twitter-x-white-100\"><\/a><\/li>\n<li><\/ul>\n<\/div>\n<\/div>\n<div class=\"content-picture\">\n<div class=\"content-media content-media-backup\">\n<figure class=\"kh-lightbox\" data-src=\"https:\/\/gfx.larena.it\/image\/contentid\/policy:1.12908235:1769278800\/image.jpg?f=default&amp;w=1024&amp;$p$f$w=336aa8e\" data-caption=\"La Giornata Internazionale degli Avvocati Minacciati \u00e8 stata celebrata oggi in tutto il mondo\">\n<div class=\"aspected-image\" data-aspect=\"16x9\"><img loading=\"lazy\" decoding=\"async\" src=\"https:\/\/analyse.optim.biz\/wp-content\/uploads\/2026\/01\/image-270.jpg\" alt=\"La Giornata Internazionale degli Avvocati Minacciati \u00e8 stata celebrata oggi in tutto il mondo\" width=\"750\" height=\"421\" title=\"image-270\"><\/div>\n<\/figure>\n<div class=\"caption\">\n      La Giornata Internazionale degli Avvocati Minacciati \u00e8 stata celebrata oggi in tutto il mondo\n          <\/div>\n<\/div>\n<div class=\"content-media content-media-main\">\n<figure class=\"kh-lightbox\" data-src=\"https:\/\/gfx.larena.it\/image\/contentid\/policy:1.12908235:1769278800\/image.jpg?f=default&amp;w=1024&amp;$p$f$w=336aa8e\" data-caption=\"La Giornata Internazionale degli Avvocati Minacciati \u00e8 stata celebrata oggi in tutto il mondo\">\n<div class=\"aspected-image\" data-aspect=\"16x9\"><img loading=\"lazy\" decoding=\"async\" src=\"https:\/\/analyse.optim.biz\/wp-content\/uploads\/2026\/01\/image-270.jpg\" alt=\"La Giornata Internazionale degli Avvocati Minacciati \u00e8 stata celebrata oggi in tutto il mondo\" width=\"750\" height=\"421\" title=\"image-270\"><\/div>\n<\/figure>\n<div class=\"caption\">\n      La Giornata Internazionale degli Avvocati Minacciati \u00e8 stata celebrata oggi in tutto il mondo\n          <\/div>\n<\/div>\n<\/div>\n<div class=\"paywall-meter-floating\">\n<div class=\"paywall-meter-inner2 container\">\n<div class=\"claim\">\n<div class=\"main\">\n        Con L&#8217;Arena Tutto hai notizie in tempo reale e il quotidiano digitale sempre con te.\n      <\/div>\n<\/div>\n<\/div>\n<div class=\"subscribe\"><a href=\"https:\/\/store.larena.it\/vetrina\/#annuale\" class=\"btn btn-contrast\" data-dlevent='{\"event\":\"select_content\",\"content_type\":\"cta_abbonati\",\"position\":\"meter_bar\"}'><\/p>\n<p>         Abbonati ora<\/p>\n<p>      <\/a><\/div>\n<\/div>\n<\/div>\n<p> Source URL: https:\/\/www.larena.it\/territorio-veronese\/citta\/colpire-gli-avvocati-significa-indebolire-lo-stato-di-diritto-br-1.12908234<\/p>\n","protected":false},"excerpt":{"rendered":"<p>Giornata internazionale \u00abColpire gli avvocati significa indebolire lo Stato di diritto\u00bb Quest\u2019anno la coalizione punta l\u2019attenzione sugli Usa: sono aumentate le intimidazioni verso chi \u00e8 impegnato in diritti umani 24 gennaio 2026 La Giornata Internazionale degli Avvocati Minacciati \u00e8 stata celebrata oggi in tutto il mondo La Giornata Internazionale degli Avvocati Minacciati \u00e8 stata celebrata [&hellip;]<\/p>\n","protected":false},"author":1,"featured_media":0,"comment_status":"open","ping_status":"","sticky":false,"template":"","format":"standard","meta":{"footnotes":""},"categories":[87],"tags":[146],"class_list":["post-1444369","post","type-post","status-publish","format-standard","hentry","category-italy","tag-larena-it"],"_links":{"self":[{"href":"https:\/\/analyse.optim.biz\/index.php?rest_route=\/wp\/v2\/posts\/1444369","targetHints":{"allow":["GET"]}}],"collection":[{"href":"https:\/\/analyse.optim.biz\/index.php?rest_route=\/wp\/v2\/posts"}],"about":[{"href":"https:\/\/analyse.optim.biz\/index.php?rest_route=\/wp\/v2\/types\/post"}],"author":[{"embeddable":true,"href":"https:\/\/analyse.optim.biz\/index.php?rest_route=\/wp\/v2\/users\/1"}],"replies":[{"embeddable":true,"href":"https:\/\/analyse.optim.biz\/index.php?rest_route=%2Fwp%2Fv2%2Fcomments&post=1444369"}],"version-history":[{"count":0,"href":"https:\/\/analyse.optim.biz\/index.php?rest_route=\/wp\/v2\/posts\/1444369\/revisions"}],"wp:attachment":[{"href":"https:\/\/analyse.optim.biz\/index.php?rest_route=%2Fwp%2Fv2%2Fmedia&parent=1444369"}],"wp:term":[{"taxonomy":"category","embeddable":true,"href":"https:\/\/analyse.optim.biz\/index.php?rest_route=%2Fwp%2Fv2%2Fcategories&post=1444369"},{"taxonomy":"post_tag","embeddable":true,"href":"https:\/\/analyse.optim.biz\/index.php?rest_route=%2Fwp%2Fv2%2Ftags&post=1444369"}],"curies":[{"name":"wp","href":"https:\/\/api.w.org\/{rel}","templated":true}]}}