{"id":1443896,"date":"2026-01-25T04:01:27","date_gmt":"2026-01-25T01:01:27","guid":{"rendered":"https:\/\/analyse.optim.biz\/?p=1443896"},"modified":"2026-01-25T04:01:27","modified_gmt":"2026-01-25T01:01:27","slug":"filobus-si-apre-il-fronte-borgo-trento-sara-in-primavera-il-vero-banco-di-prova","status":"publish","type":"post","link":"https:\/\/analyse.optim.biz\/?p=1443896","title":{"rendered":"Filobus, si apre il fronte Borgo Trento: sar\u00e0 in primavera il (vero) banco di prova"},"content":{"rendered":"<div class=\"content-parts\">\n<div class=\"content-heading\">\n<div class=\"subhead glyph\">Viabilit\u00e0 e cantieri<\/div>\n<h1>Filobus, si apre il fronte Borgo Trento: sar\u00e0 in primavera il (vero) banco di prova<\/h1>\n<div class=\"signatures\">\n<div class=\"signature\">Ilaria Noro<\/div>\n<\/div>\n<div class=\"summary\">Avviati i lavori in via Mameli. Ma il nodo sar\u00e0 la realizzazione della rotonda tra via Ca\u2019 di Cozzi e lo svincolo per il Saval<\/div>\n<\/div>\n<div class=\"content-date-share\">\n<div class=\"content-date\">25 gennaio 2026<\/div>\n<ul class=\"share-links\">\n<li>\n<li>\n<li><a target=\"_blank\" class=\"share-twitter\" title=\"Condividi su Twitter\" href=\"https:\/\/twitter.com\/intent\/tweet?text=Filobus%2C+si+apre+il+fronte+Borgo+Trento%3A+sar%C3%A0+in+primavera+il+%28vero%29+banco+di+prova&amp;url=https:\/\/www.larena.it\/territorio-veronese\/citta\/filobus-verona-borgo-trento-lavori-1.12908268\"><img loading=\"lazy\" decoding=\"async\" src=\"https:\/\/analyse.optim.biz\/wp-content\/uploads\/2026\/01\/twitter-x-white-88.svg\" width=\"20\" height=\"20\" title=\"twitter-x-white-88\"><\/a><\/li>\n<li><\/ul>\n<\/div>\n<div class=\"sticky-footer\">\n<div class=\"share-footer d-lg-none\">\n<ul class=\"share-links\">\n<li>\n<li>\n<li><a target=\"_blank\" class=\"share-twitter\" title=\"Condividi su Twitter\" href=\"https:\/\/twitter.com\/intent\/tweet?text=Filobus%2C+si+apre+il+fronte+Borgo+Trento%3A+sar%C3%A0+in+primavera+il+%28vero%29+banco+di+prova&amp;url=https:\/\/www.larena.it\/territorio-veronese\/citta\/filobus-verona-borgo-trento-lavori-1.12908268\"><img loading=\"lazy\" decoding=\"async\" src=\"https:\/\/analyse.optim.biz\/wp-content\/uploads\/2026\/01\/twitter-x-white-88.svg\" width=\"20\" height=\"20\" title=\"twitter-x-white-88\"><\/a><\/li>\n<li><\/ul>\n<\/div>\n<\/div>\n<div class=\"content-picture\">\n<div class=\"content-media content-media-backup\">\n<figure class=\"kh-lightbox\" data-src=\"https:\/\/gfx.larena.it\/image\/contentid\/policy:1.12908269:1769281392\/image.jpg?f=default&amp;w=1024&amp;$p$f$w=336aa8e\" data-caption=\"Il \u00abtaglio\u00bb realizzato in piena carreggiata. Per ora l\u2019impatto sulla circolazione in via Mameli \u00e8 minimo\">\n<div class=\"aspected-image\" data-aspect=\"16x9\"><img loading=\"lazy\" decoding=\"async\" src=\"https:\/\/analyse.optim.biz\/wp-content\/uploads\/2026\/01\/image-261.jpg\" alt=\"Il \u00abtaglio\u00bb realizzato in piena carreggiata. Per ora l\u2019impatto sulla circolazione in via Mameli \u00e8 minimo\" width=\"750\" height=\"421\" title=\"image-261\"><\/div>\n<\/figure>\n<div class=\"caption\">\n      Il \u00abtaglio\u00bb realizzato in piena carreggiata. Per ora l\u2019impatto sulla circolazione in via Mameli \u00e8 minimo\n          <\/div>\n<\/div>\n<div class=\"content-media content-media-main\">\n<figure class=\"kh-lightbox\" data-src=\"https:\/\/gfx.larena.it\/image\/contentid\/policy:1.12908269:1769281392\/image.jpg?f=default&amp;w=1024&amp;$p$f$w=336aa8e\" data-caption=\"Il \u00abtaglio\u00bb realizzato in piena carreggiata. Per ora l\u2019impatto sulla circolazione in via Mameli \u00e8 minimo\">\n<div class=\"aspected-image\" data-aspect=\"16x9\"><img loading=\"lazy\" decoding=\"async\" src=\"https:\/\/analyse.optim.biz\/wp-content\/uploads\/2026\/01\/image-261.jpg\" alt=\"Il \u00abtaglio\u00bb realizzato in piena carreggiata. Per ora l\u2019impatto sulla circolazione in via Mameli \u00e8 minimo\" width=\"750\" height=\"421\" title=\"image-261\"><\/div>\n<\/figure>\n<div class=\"caption\">\n      Il \u00abtaglio\u00bb realizzato in piena carreggiata. Per ora l\u2019impatto sulla circolazione in via Mameli \u00e8 minimo\n          <\/div>\n<\/div>\n<\/div>\n<div class=\"paywall-meter-floating\">\n<div class=\"paywall-meter-inner2 container\">\n<div class=\"claim\">\n<div class=\"main\">\n        Con L&#8217;Arena Tutto hai notizie in tempo reale e il quotidiano digitale sempre con te.\n      <\/div>\n<\/div>\n<\/div>\n<div class=\"subscribe\"><a href=\"https:\/\/store.larena.it\/vetrina\/#annuale\" class=\"btn btn-contrast\" data-dlevent='{\"event\":\"select_content\",\"content_type\":\"cta_abbonati\",\"position\":\"meter_bar\"}'><\/p>\n<p>         Abbonati ora<\/p>\n<p>      <\/a><\/div>\n<\/div>\n<\/div>\n<p> Source URL: https:\/\/www.larena.it\/territorio-veronese\/citta\/filobus-verona-borgo-trento-lavori-1.12908268<\/p>\n","protected":false},"excerpt":{"rendered":"<p>Viabilit\u00e0 e cantieri Filobus, si apre il fronte Borgo Trento: sar\u00e0 in primavera il (vero) banco di prova Ilaria Noro Avviati i lavori in via Mameli. Ma il nodo sar\u00e0 la realizzazione della rotonda tra via Ca\u2019 di Cozzi e lo svincolo per il Saval 25 gennaio 2026 Il \u00abtaglio\u00bb realizzato in piena carreggiata. Per [&hellip;]<\/p>\n","protected":false},"author":1,"featured_media":0,"comment_status":"open","ping_status":"","sticky":false,"template":"","format":"standard","meta":{"footnotes":""},"categories":[87],"tags":[146],"class_list":["post-1443896","post","type-post","status-publish","format-standard","hentry","category-italy","tag-larena-it"],"_links":{"self":[{"href":"https:\/\/analyse.optim.biz\/index.php?rest_route=\/wp\/v2\/posts\/1443896","targetHints":{"allow":["GET"]}}],"collection":[{"href":"https:\/\/analyse.optim.biz\/index.php?rest_route=\/wp\/v2\/posts"}],"about":[{"href":"https:\/\/analyse.optim.biz\/index.php?rest_route=\/wp\/v2\/types\/post"}],"author":[{"embeddable":true,"href":"https:\/\/analyse.optim.biz\/index.php?rest_route=\/wp\/v2\/users\/1"}],"replies":[{"embeddable":true,"href":"https:\/\/analyse.optim.biz\/index.php?rest_route=%2Fwp%2Fv2%2Fcomments&post=1443896"}],"version-history":[{"count":0,"href":"https:\/\/analyse.optim.biz\/index.php?rest_route=\/wp\/v2\/posts\/1443896\/revisions"}],"wp:attachment":[{"href":"https:\/\/analyse.optim.biz\/index.php?rest_route=%2Fwp%2Fv2%2Fmedia&parent=1443896"}],"wp:term":[{"taxonomy":"category","embeddable":true,"href":"https:\/\/analyse.optim.biz\/index.php?rest_route=%2Fwp%2Fv2%2Fcategories&post=1443896"},{"taxonomy":"post_tag","embeddable":true,"href":"https:\/\/analyse.optim.biz\/index.php?rest_route=%2Fwp%2Fv2%2Ftags&post=1443896"}],"curies":[{"name":"wp","href":"https:\/\/api.w.org\/{rel}","templated":true}]}}